{"id":2534,"date":"2020-06-18T16:35:53","date_gmt":"2020-06-18T16:35:53","guid":{"rendered":"https:\/\/dadin.ct.utfpr.edu.br\/?p=2534"},"modified":"2020-06-21T13:25:30","modified_gmt":"2020-06-21T13:25:30","slug":"professores-dos-cursos-de-design-atuam-em-projeto-de-ventiladores-pulmonares","status":"publish","type":"post","link":"https:\/\/utfpr.curitiba.br\/dadin\/?p=2534","title":{"rendered":"Professores dos cursos de Design atuam em projeto de ventiladores pulmonares"},"content":{"rendered":"\t\t<div data-elementor-type=\"wp-post\" data-elementor-id=\"2534\" class=\"elementor elementor-2534\">\n\t\t\t\t\t\t<section class=\"elementor-section elementor-top-section elementor-element elementor-element-ccedf47 elementor-section-boxed elementor-section-height-default elementor-section-height-default\" data-id=\"ccedf47\" data-element_type=\"section\" data-e-type=\"section\">\n\t\t\t\t\t\t<div class=\"elementor-container elementor-column-gap-default\">\n\t\t\t\t\t<div class=\"elementor-column elementor-col-100 elementor-top-column elementor-element elementor-element-29b57fe\" data-id=\"29b57fe\" data-element_type=\"column\" data-e-type=\"column\">\n\t\t\t<div class=\"elementor-widget-wrap elementor-element-populated\">\n\t\t\t\t\t\t<div class=\"elementor-element elementor-element-896f8ed elementor-widget elementor-widget-text-editor\" data-id=\"896f8ed\" data-element_type=\"widget\" data-e-type=\"widget\" data-widget_type=\"text-editor.default\">\n\t\t\t\t<div class=\"elementor-widget-container\">\n\t\t\t\t\t\t\t\t\t<p style=\"border: 0px; font-variant-numeric: inherit; font-variant-east-asian: inherit; font-stretch: inherit; line-height: 1.6; font-family: 'Open Sans', serif; font-size: 15px; margin-bottom: 15px; outline: 0px; vertical-align: baseline; color: #444444;\">Desde o dia 22 de mar\u00e7o de 2020, professores do campus Curitiba da UTFPR, em conjunto com professores de outros campi, do Instituto Federal do Paran\u00e1 (IFPR) campus Campo Largo, v\u00eam trabalhando no projeto Vent-U\u00b2, que visa a produ\u00e7\u00e3o de Ventiladores Pulmonares Eletr\u00f4nicos de Baixo Custo (VPE-BC) utilizados no tratamento da Covid-19. Participam do projeto professores dos Departamentos Acad\u00eamicos de Desenho Industrial (DADIN), Eletr\u00f4nica (DAELN) e Mec\u00e2nica (DAMEC) do campus Curitiba.<\/p><p style=\"border: 0px; font-variant-numeric: inherit; font-variant-east-asian: inherit; font-stretch: inherit; line-height: 1.6; font-family: 'Open Sans', serif; font-size: 15px; margin-bottom: 15px; outline: 0px; vertical-align: baseline; color: #444444;\">Os integrantes do DADIN ficaram respons\u00e1veis pelo design de produto dos ventiladores, desenvolvimento do UX Design (Experi\u00eancia do Usu\u00e1rio) da IHM (Interface Homem-M\u00e1quina), identidade de marca e visual do projeto, assim como material de divulga\u00e7\u00e3o. J\u00e1 os representantes do DAMEC se dividiram em duas frentes, t\u00e9cnica e administrativa: na parte t\u00e9cnica, os professores s\u00e3o respons\u00e1veis pelo projeto mec\u00e2nico dos ventiladores, enquanto a parte administrativa atua no levantamento de recursos e investimentos para a produ\u00e7\u00e3o. A operacionaliza\u00e7\u00e3o \u2013 disponibiliza\u00e7\u00e3o de materiais, prot\u00f3tipos e espa\u00e7o para montagem \u2013 do Vent-U\u00b2 ficou sob responsabilidade dos professores do DAELN.<\/p><p style=\"border: 0px; font-variant-numeric: inherit; font-variant-east-asian: inherit; font-stretch: inherit; line-height: 1.6; font-family: 'Open Sans', serif; font-size: 15px; margin-bottom: 15px; outline: 0px; vertical-align: baseline; color: #444444;\">Estima-se que o valor de produ\u00e7\u00e3o de cada ventilador seja entre cinco mil a dez mil reais, enquanto os ventiladores utilizados pelas institui\u00e7\u00f5es de sa\u00fade custam entre 60 mil e 120 mil reais. Ainda, as pe\u00e7as utilizadas pelo Vent-U\u00b2 s\u00e3o mais facilmente encontradas em rela\u00e7\u00e3o \u00e0s pe\u00e7as dos ventiladores convencionais.<\/p><div>Not\u00edcia dispon\u00edvel em E-Campus |\u00a0\u00a0Francisco Camolezi<\/div><div><a href=\"https:\/\/ecampus.ct.utfpr.edu.br\/2020\/professores-do-campus-curitiba-trabalham-na-producao-de-ventiladores-pulmonares-economicos-utilizados-no-tratamento-da-covid-19\/?fbclid=IwAR34qkOsv3g3FPloA746w1wKCB282iRP3AEeKmTTA1oR4t8ZSuzFHI_hz44\">https:\/\/ecampus.ct.utfpr.edu.br\/2020\/professores-do-campus-curitiba-trabalham-na-producao-de-ventiladores-pulmonares-economicos-utilizados-no-tratamento-da-covid-19\/?fbclid=IwAR34qkOsv3g3FPloA746w1wKCB282iRP3AEeKmTTA1oR4t8ZSuzFHI_hz44<\/a><\/div>\t\t\t\t\t\t\t\t<\/div>\n\t\t\t\t<\/div>\n\t\t\t\t\t<\/div>\n\t\t<\/div>\n\t\t\t\t\t<\/div>\n\t\t<\/section>\n\t\t\t\t<section class=\"elementor-section elementor-top-section elementor-element elementor-element-9d127c7 elementor-section-boxed elementor-section-height-default elementor-section-height-default\" data-id=\"9d127c7\" data-element_type=\"section\" data-e-type=\"section\">\n\t\t\t\t\t\t<div class=\"elementor-container elementor-column-gap-default\">\n\t\t\t\t\t<div class=\"elementor-column elementor-col-100 elementor-top-column elementor-element elementor-element-b407f34\" data-id=\"b407f34\" data-element_type=\"column\" data-e-type=\"column\">\n\t\t\t<div class=\"elementor-widget-wrap elementor-element-populated\">\n\t\t\t\t\t\t<div class=\"elementor-element elementor-element-3eeb942 elementor-widget elementor-widget-image\" data-id=\"3eeb942\" data-element_type=\"widget\" data-e-type=\"widget\" data-widget_type=\"image.default\">\n\t\t\t\t<div class=\"elementor-widget-container\">\n\t\t\t\t\t\t\t\t\t\t\t\t\t\t\t<img fetchpriority=\"high\" decoding=\"async\" width=\"525\" height=\"883\" src=\"https:\/\/utfpr-ct-static-content.s3.amazonaws.com\/utfpr.curitiba.br\/wp-content\/uploads\/sites\/62\/2020\/06\/WhatsApp-Image-2020-06-15-at-21.12.17-609x1024.jpeg\" class=\"attachment-large size-large wp-image-2535\" alt=\"\" srcset=\"https:\/\/utfpr-ct-static-content.s3.amazonaws.com\/utfpr.curitiba.br\/wp-content\/uploads\/sites\/62\/2020\/06\/WhatsApp-Image-2020-06-15-at-21.12.17-609x1024.jpeg 609w, https:\/\/utfpr-ct-static-content.s3.amazonaws.com\/utfpr.curitiba.br\/wp-content\/uploads\/sites\/62\/2020\/06\/WhatsApp-Image-2020-06-15-at-21.12.17-178x300.jpeg 178w, https:\/\/utfpr-ct-static-content.s3.amazonaws.com\/utfpr.curitiba.br\/wp-content\/uploads\/sites\/62\/2020\/06\/WhatsApp-Image-2020-06-15-at-21.12.17.jpeg 761w\" sizes=\"(max-width: 767px) 89vw, (max-width: 1000px) 54vw, (max-width: 1071px) 543px, 580px\" \/>\t\t\t\t\t\t\t\t\t\t\t\t\t\t\t<\/div>\n\t\t\t\t<\/div>\n\t\t\t\t\t<\/div>\n\t\t<\/div>\n\t\t\t\t\t<\/div>\n\t\t<\/section>\n\t\t\t\t<section class=\"elementor-section elementor-top-section elementor-element elementor-element-fe5d3c7 elementor-section-boxed elementor-section-height-default elementor-section-height-default\" data-id=\"fe5d3c7\" data-element_type=\"section\" data-e-type=\"section\">\n\t\t\t\t\t\t<div class=\"elementor-container elementor-column-gap-default\">\n\t\t\t\t\t<div class=\"elementor-column elementor-col-100 elementor-top-column elementor-element elementor-element-cf47880\" data-id=\"cf47880\" data-element_type=\"column\" data-e-type=\"column\">\n\t\t\t<div class=\"elementor-widget-wrap elementor-element-populated\">\n\t\t\t\t\t\t<div class=\"elementor-element elementor-element-44e5d18 elementor-widget elementor-widget-text-editor\" data-id=\"44e5d18\" data-element_type=\"widget\" data-e-type=\"widget\" data-widget_type=\"text-editor.default\">\n\t\t\t\t<div class=\"elementor-widget-container\">\n\t\t\t\t\t\t\t\t\t<h3><span style=\"font-size: 18pt;\">Para saber mais:&nbsp;<\/span><span style=\"font-size: 24px;\"><br><\/span><a href=\"https:\/\/www.instagram.com\/vent.u2\/\" target=\"_blank\">https:\/\/www.instagram.com\/vent.u2\/<\/a><br><a href=\"https:\/\/acao.utfpr.edu.br\/detalhes\/13\/\" target=\"_blank\">https:\/\/acao.utfpr.edu.br\/detalhes\/13\/<\/a><br><\/h3>\t\t\t\t\t\t\t\t<\/div>\n\t\t\t\t<\/div>\n\t\t\t\t\t<\/div>\n\t\t<\/div>\n\t\t\t\t\t<\/div>\n\t\t<\/section>\n\t\t\t\t<\/div>\n\t\t","protected":false},"excerpt":{"rendered":"<p>Desde o dia 22 de mar\u00e7o de 2020, professores do campus Curitiba da UTFPR, em conjunto com professores de outros campi, do Instituto Federal do Paran\u00e1 (IFPR) campus Campo Largo, v\u00eam trabalhando no projeto Vent-U\u00b2, que visa a produ\u00e7\u00e3o de Ventiladores Pulmonares Eletr\u00f4nicos de Baixo Custo (VPE-BC) utilizados no tratamento da Covid-19. Participam do projeto &hellip; <\/p>\n<p class=\"link-more\"><a href=\"https:\/\/utfpr.curitiba.br\/dadin\/?p=2534\" class=\"more-link\">Continue lendo<span class=\"screen-reader-text\"> &#8220;Professores dos cursos de Design atuam em projeto de ventiladores pulmonares&#8221;<\/span><\/a><\/p>\n","protected":false},"author":30,"featured_media":0,"comment_status":"closed","ping_status":"closed","sticky":false,"template":"","format":"standard","meta":{"footnotes":""},"categories":[1],"tags":[],"class_list":["post-2534","post","type-post","status-publish","format-standard","hentry","category-sem-categoria"],"_links":{"self":[{"href":"https:\/\/utfpr.curitiba.br\/dadin\/index.php?rest_route=\/wp\/v2\/posts\/2534","targetHints":{"allow":["GET"]}}],"collection":[{"href":"https:\/\/utfpr.curitiba.br\/dadin\/index.php?rest_route=\/wp\/v2\/posts"}],"about":[{"href":"https:\/\/utfpr.curitiba.br\/dadin\/index.php?rest_route=\/wp\/v2\/types\/post"}],"author":[{"embeddable":true,"href":"https:\/\/utfpr.curitiba.br\/dadin\/index.php?rest_route=\/wp\/v2\/users\/30"}],"replies":[{"embeddable":true,"href":"https:\/\/utfpr.curitiba.br\/dadin\/index.php?rest_route=%2Fwp%2Fv2%2Fcomments&post=2534"}],"version-history":[{"count":6,"href":"https:\/\/utfpr.curitiba.br\/dadin\/index.php?rest_route=\/wp\/v2\/posts\/2534\/revisions"}],"predecessor-version":[{"id":2546,"href":"https:\/\/utfpr.curitiba.br\/dadin\/index.php?rest_route=\/wp\/v2\/posts\/2534\/revisions\/2546"}],"wp:attachment":[{"href":"https:\/\/utfpr.curitiba.br\/dadin\/index.php?rest_route=%2Fwp%2Fv2%2Fmedia&parent=2534"}],"wp:term":[{"taxonomy":"category","embeddable":true,"href":"https:\/\/utfpr.curitiba.br\/dadin\/index.php?rest_route=%2Fwp%2Fv2%2Fcategories&post=2534"},{"taxonomy":"post_tag","embeddable":true,"href":"https:\/\/utfpr.curitiba.br\/dadin\/index.php?rest_route=%2Fwp%2Fv2%2Ftags&post=2534"}],"curies":[{"name":"wp","href":"https:\/\/api.w.org\/{rel}","templated":true}]}}