{"id":2502,"date":"2020-06-15T20:16:42","date_gmt":"2020-06-15T20:16:42","guid":{"rendered":"https:\/\/dadin.ct.utfpr.edu.br\/?p=2502"},"modified":"2020-06-15T20:21:43","modified_gmt":"2020-06-15T20:21:43","slug":"i-encontro-de-animacao-experimental-experimentanima","status":"publish","type":"post","link":"https:\/\/utfpr.curitiba.br\/dadin\/?p=2502","title":{"rendered":"I Encontro de Anima\u00e7\u00e3o Experimental &#8211; ExperimentAnima"},"content":{"rendered":"<p dir=\"ltr\">Data de realiza\u00e7\u00e3o:\u00a0 24 e 25 de agosto de 2020<\/p>\n<p dir=\"ltr\">Evento On-line<\/p>\n<p dir=\"ltr\">As inscri\u00e7\u00f5es s\u00e3o gratuitas e estar\u00e3o abertas no per\u00edodo de 22 de junho a 23 de agosto de 2020.<\/p>\n<p dir=\"ltr\">Temas:<\/p>\n<p dir=\"ltr\">Iniciativas e a\u00e7\u00f5es aplicadas ao ensino<\/p>\n<p dir=\"ltr\">Processos e t\u00e9cnicas de anima\u00e7\u00e3o autoral<\/p>\n<p dir=\"ltr\">Solu\u00e7\u00f5es na linha comercial ou publicit\u00e1ria<\/p>\n<p dir=\"ltr\">Precursores da anima\u00e7\u00e3o experimental<\/p>\n<p dir=\"ltr\">Anima\u00e7\u00e3o experimental e arte<\/p>\n<p dir=\"ltr\">Anima\u00e7\u00e3o experimental e sa\u00fade<\/p>\n<p dir=\"ltr\">Anima\u00e7\u00e3o teatral: Expans\u00e3o de conceitos<\/p>\n<p dir=\"ltr\">Caracter\u00edsticas e necessidades na pr\u00e9-produ\u00e7\u00e3o<\/p>\n<p dir=\"ltr\"><strong>DATAS IMPORTANTES<\/strong><\/p>\n<p dir=\"ltr\">22\/06\/2020 &#8211; Divulga\u00e7\u00e3o das Chamadas de Trabalho no site DADIN;<\/p>\n<p dir=\"ltr\">22\/06\/2020 &#8211; Abertura do endere\u00e7o eletr\u00f4nico para receber as submiss\u00f5es;<\/p>\n<p dir=\"ltr\">19\/07\/2020 &#8211; Data limite para submiss\u00e3o de trabalhos, at\u00e9 18h (hor\u00e1rio de Bras\u00edlia);<\/p>\n<p dir=\"ltr\">01\/08\/2020 &#8211; Divulga\u00e7\u00e3o dos resultados;<\/p>\n<p dir=\"ltr\">15\/08\/2020 &#8211; Data limite para inscri\u00e7\u00e3o de autores com trabalhos selecionados;<\/p>\n<p dir=\"ltr\">24 e 25\/08\/2020 &#8211; Realiza\u00e7\u00e3o do Evento on-line das 14h\/18h<\/p>\n","protected":false},"excerpt":{"rendered":"<p>Data de realiza\u00e7\u00e3o:\u00a0 24 e 25 de agosto de 2020 Evento On-line As inscri\u00e7\u00f5es s\u00e3o gratuitas e estar\u00e3o abertas no per\u00edodo de 22 de junho a 23 de agosto de 2020. Temas: Iniciativas e a\u00e7\u00f5es aplicadas ao ensino Processos e t\u00e9cnicas de anima\u00e7\u00e3o autoral Solu\u00e7\u00f5es na linha comercial ou publicit\u00e1ria Precursores da anima\u00e7\u00e3o experimental Anima\u00e7\u00e3o &hellip; <\/p>\n<p class=\"link-more\"><a href=\"https:\/\/utfpr.curitiba.br\/dadin\/?p=2502\" class=\"more-link\">Continue lendo<span class=\"screen-reader-text\"> &#8220;I Encontro de Anima\u00e7\u00e3o Experimental &#8211; ExperimentAnima&#8221;<\/span><\/a><\/p>\n","protected":false},"author":30,"featured_media":0,"comment_status":"closed","ping_status":"closed","sticky":false,"template":"","format":"standard","meta":{"footnotes":""},"categories":[1],"tags":[],"class_list":["post-2502","post","type-post","status-publish","format-standard","hentry","category-sem-categoria"],"_links":{"self":[{"href":"https:\/\/utfpr.curitiba.br\/dadin\/index.php?rest_route=\/wp\/v2\/posts\/2502","targetHints":{"allow":["GET"]}}],"collection":[{"href":"https:\/\/utfpr.curitiba.br\/dadin\/index.php?rest_route=\/wp\/v2\/posts"}],"about":[{"href":"https:\/\/utfpr.curitiba.br\/dadin\/index.php?rest_route=\/wp\/v2\/types\/post"}],"author":[{"embeddable":true,"href":"https:\/\/utfpr.curitiba.br\/dadin\/index.php?rest_route=\/wp\/v2\/users\/30"}],"replies":[{"embeddable":true,"href":"https:\/\/utfpr.curitiba.br\/dadin\/index.php?rest_route=%2Fwp%2Fv2%2Fcomments&post=2502"}],"version-history":[{"count":4,"href":"https:\/\/utfpr.curitiba.br\/dadin\/index.php?rest_route=\/wp\/v2\/posts\/2502\/revisions"}],"predecessor-version":[{"id":2508,"href":"https:\/\/utfpr.curitiba.br\/dadin\/index.php?rest_route=\/wp\/v2\/posts\/2502\/revisions\/2508"}],"wp:attachment":[{"href":"https:\/\/utfpr.curitiba.br\/dadin\/index.php?rest_route=%2Fwp%2Fv2%2Fmedia&parent=2502"}],"wp:term":[{"taxonomy":"category","embeddable":true,"href":"https:\/\/utfpr.curitiba.br\/dadin\/index.php?rest_route=%2Fwp%2Fv2%2Fcategories&post=2502"},{"taxonomy":"post_tag","embeddable":true,"href":"https:\/\/utfpr.curitiba.br\/dadin\/index.php?rest_route=%2Fwp%2Fv2%2Ftags&post=2502"}],"curies":[{"name":"wp","href":"https:\/\/api.w.org\/{rel}","templated":true}]}}