{"id":2149,"date":"2020-05-20T16:45:16","date_gmt":"2020-05-20T16:45:16","guid":{"rendered":"http:\/\/dadin.ct.utfpr.edu.br\/?p=2149"},"modified":"2020-05-22T16:46:21","modified_gmt":"2020-05-22T16:46:21","slug":"perifa-consciente-e-a-necessidade-de-aproximacao-com-as-comunidades-vulneraveis","status":"publish","type":"post","link":"https:\/\/utfpr.curitiba.br\/dadin\/?p=2149","title":{"rendered":"Perifa Consciente e a necessidade de aproxima\u00e7\u00e3o com as comunidades vulner\u00e1veis"},"content":{"rendered":"\t\t<div data-elementor-type=\"wp-post\" data-elementor-id=\"2149\" class=\"elementor elementor-2149\">\n\t\t\t\t\t\t<section class=\"elementor-section elementor-top-section elementor-element elementor-element-e83c556 elementor-section-boxed elementor-section-height-default elementor-section-height-default\" data-id=\"e83c556\" data-element_type=\"section\" data-e-type=\"section\">\n\t\t\t\t\t\t<div class=\"elementor-container elementor-column-gap-default\">\n\t\t\t\t\t<div class=\"elementor-column elementor-col-100 elementor-top-column elementor-element elementor-element-c20aace\" data-id=\"c20aace\" data-element_type=\"column\" data-e-type=\"column\">\n\t\t\t<div class=\"elementor-widget-wrap elementor-element-populated\">\n\t\t\t\t\t\t<div class=\"elementor-element elementor-element-d38d3bf elementor-widget elementor-widget-text-editor\" data-id=\"d38d3bf\" data-element_type=\"widget\" data-e-type=\"widget\" data-widget_type=\"text-editor.default\">\n\t\t\t\t<div class=\"elementor-widget-container\">\n\t\t\t\t\t\t\t\t\t<p>O projeto Perifa Consciente dedica-se ao apoio e a forma\u00e7\u00e3o de uma consci\u00eancia&nbsp;<span style=\"font-size: 1rem;\">cr\u00edtica em comunidades vulner\u00e1veis de Curitiba e regi\u00e3o acerca do COVID-19, a&nbsp;<\/span><span style=\"font-size: 1rem;\">partir da comunica\u00e7\u00e3o popular e comunit\u00e1ria. A&nbsp;<\/span><span style=\"font-size: 1rem;\">vis\u00e3o do projeto \u00e9 que o enfrentamento da crise causada pelo coronav\u00edrus nas&nbsp;<\/span><span style=\"font-size: 1rem;\">comunidades s\u00f3 \u00e9 poss\u00edvel a partir de pr\u00e1ticas educativas e comunicativas pautadas no processo&nbsp;<\/span><span style=\"font-size: 1rem;\">de conscientiza\u00e7\u00e3o,&nbsp; promovida em parceria com a comunidade.<\/span><br><\/p>\t\t\t\t\t\t\t\t<\/div>\n\t\t\t\t<\/div>\n\t\t\t\t\t<\/div>\n\t\t<\/div>\n\t\t\t\t\t<\/div>\n\t\t<\/section>\n\t\t\t\t<section class=\"elementor-section elementor-top-section elementor-element elementor-element-366e984 elementor-section-boxed elementor-section-height-default elementor-section-height-default\" data-id=\"366e984\" data-element_type=\"section\" data-e-type=\"section\">\n\t\t\t\t\t\t<div class=\"elementor-container elementor-column-gap-default\">\n\t\t\t\t\t<div class=\"elementor-column elementor-col-100 elementor-top-column elementor-element elementor-element-a2e0028\" data-id=\"a2e0028\" data-element_type=\"column\" data-e-type=\"column\">\n\t\t\t<div class=\"elementor-widget-wrap elementor-element-populated\">\n\t\t\t\t\t\t<div class=\"elementor-element elementor-element-1c9cef1 elementor-widget elementor-widget-image\" data-id=\"1c9cef1\" data-element_type=\"widget\" data-e-type=\"widget\" data-widget_type=\"image.default\">\n\t\t\t\t<div class=\"elementor-widget-container\">\n\t\t\t\t\t\t\t\t\t\t\t\t\t\t\t<img fetchpriority=\"high\" decoding=\"async\" width=\"300\" height=\"300\" src=\"https:\/\/utfpr-ct-static-content.s3.amazonaws.com\/utfpr.curitiba.br\/wp-content\/uploads\/sites\/62\/2020\/05\/logo-perifa-consciente-final-branco-300x300.png\" class=\"attachment-medium size-medium wp-image-2150\" alt=\"\" srcset=\"https:\/\/utfpr-ct-static-content.s3.amazonaws.com\/utfpr.curitiba.br\/wp-content\/uploads\/sites\/62\/2020\/05\/logo-perifa-consciente-final-branco-300x300.png 300w, https:\/\/utfpr-ct-static-content.s3.amazonaws.com\/utfpr.curitiba.br\/wp-content\/uploads\/sites\/62\/2020\/05\/logo-perifa-consciente-final-branco-1024x1024.png 1024w, https:\/\/utfpr-ct-static-content.s3.amazonaws.com\/utfpr.curitiba.br\/wp-content\/uploads\/sites\/62\/2020\/05\/logo-perifa-consciente-final-branco-150x150.png 150w, https:\/\/utfpr-ct-static-content.s3.amazonaws.com\/utfpr.curitiba.br\/wp-content\/uploads\/sites\/62\/2020\/05\/logo-perifa-consciente-final-branco-768x768.png 768w, https:\/\/utfpr-ct-static-content.s3.amazonaws.com\/utfpr.curitiba.br\/wp-content\/uploads\/sites\/62\/2020\/05\/logo-perifa-consciente-final-branco-100x100.png 100w, https:\/\/utfpr-ct-static-content.s3.amazonaws.com\/utfpr.curitiba.br\/wp-content\/uploads\/sites\/62\/2020\/05\/logo-perifa-consciente-final-branco.png 1080w\" sizes=\"(max-width: 767px) 89vw, (max-width: 1000px) 54vw, (max-width: 1071px) 543px, 580px\" \/>\t\t\t\t\t\t\t\t\t\t\t\t\t\t\t<\/div>\n\t\t\t\t<\/div>\n\t\t\t\t\t<\/div>\n\t\t<\/div>\n\t\t\t\t\t<\/div>\n\t\t<\/section>\n\t\t\t\t<section class=\"elementor-section elementor-top-section elementor-element elementor-element-af2885d elementor-section-boxed elementor-section-height-default elementor-section-height-default\" data-id=\"af2885d\" data-element_type=\"section\" data-e-type=\"section\">\n\t\t\t\t\t\t<div class=\"elementor-container elementor-column-gap-default\">\n\t\t\t\t\t<div class=\"elementor-column elementor-col-100 elementor-top-column elementor-element elementor-element-1950f7d\" data-id=\"1950f7d\" data-element_type=\"column\" data-e-type=\"column\">\n\t\t\t<div class=\"elementor-widget-wrap elementor-element-populated\">\n\t\t\t\t\t\t<div class=\"elementor-element elementor-element-e4cde6a elementor-widget elementor-widget-text-editor\" data-id=\"e4cde6a\" data-element_type=\"widget\" data-e-type=\"widget\" data-widget_type=\"text-editor.default\">\n\t\t\t\t<div class=\"elementor-widget-container\">\n\t\t\t\t\t\t\t\t\t<p><span style=\"font-size: 1rem;\">O projeto surgiu pela iniciativa de estudantes dos cursos de Comunica\u00e7\u00e3o Organizacional e foi motivado pela rela\u00e7\u00e3o de aproxima\u00e7\u00e3o com a l\u00edder comunit\u00e1ria da Vila Parolin, Andr\u00e9ia de Lima. A busca por uma parceria com a universidade \u00e9 uma carater\u00edstica chave para a abertura e atua\u00e7\u00e3o de parceria e participa\u00e7\u00e3o, ecoando tamb\u00e9m a perspectiva que a extens\u00e3o tem em rela\u00e7\u00e3o aos grupos vulner\u00e1veis e \u00e0s necessidade locais. Tamb\u00e9m relaciona-se&nbsp;<\/span><span style=\"font-size: 1rem;\">a proposta da OMS (Organiza\u00e7\u00e3o Mundial da Sa\u00fade) de comunica\u00e7\u00e3o efetiva e orientada as comunidades mais vulner\u00e1veis e as pol\u00edticas de extens\u00e3o pautadas nos Objetivos da ONU para o Desenvolvimento Sustent\u00e1vel.<\/span><br><\/p>\n<p><span style=\"font-size: 1rem;\">O projeto conta com parceria multidisciplinar, com profissionais da sa\u00fade, jornalistas e educadores, da academia e da iniciativa privada.&nbsp;<\/span><\/p>\t\t\t\t\t\t\t\t<\/div>\n\t\t\t\t<\/div>\n\t\t\t\t\t<\/div>\n\t\t<\/div>\n\t\t\t\t\t<\/div>\n\t\t<\/section>\n\t\t\t\t<section class=\"elementor-section elementor-top-section elementor-element elementor-element-4bf9db1 elementor-section-boxed elementor-section-height-default elementor-section-height-default\" data-id=\"4bf9db1\" data-element_type=\"section\" data-e-type=\"section\">\n\t\t\t\t\t\t<div class=\"elementor-container elementor-column-gap-default\">\n\t\t\t\t\t<div class=\"elementor-column elementor-col-100 elementor-top-column elementor-element elementor-element-b1ddcb9\" data-id=\"b1ddcb9\" data-element_type=\"column\" data-e-type=\"column\">\n\t\t\t<div class=\"elementor-widget-wrap elementor-element-populated\">\n\t\t\t\t\t\t<div class=\"elementor-element elementor-element-0da37de elementor-widget elementor-widget-image\" data-id=\"0da37de\" data-element_type=\"widget\" data-e-type=\"widget\" data-widget_type=\"image.default\">\n\t\t\t\t<div class=\"elementor-widget-container\">\n\t\t\t\t\t\t\t\t\t\t\t\t<figure class=\"wp-caption\">\n\t\t\t\t\t\t\t\t\t\t\t<a href=\"https:\/\/utfpr-ct-static-content.s3.amazonaws.com\/dadin.ct.utfpr.edu.br\/wp-content\/uploads\/2020\/05\/perifaconsciente_01.png\" data-elementor-open-lightbox=\"yes\" data-elementor-lightbox-title=\"perifaconsciente_01\" data-e-action-hash=\"#elementor-action%3Aaction%3Dlightbox%26settings%3DeyJpZCI6MjE1MywidXJsIjoiaHR0cHM6XC9cL3V0ZnByLWN0LXN0YXRpYy1jb250ZW50LnMzLmFtYXpvbmF3cy5jb21cL3V0ZnByLmN1cml0aWJhLmJyXC93cC1jb250ZW50XC91cGxvYWRzXC9zaXRlc1wvNjJcLzIwMjBcLzA1XC9wZXJpZmFjb25zY2llbnRlXzAxLnBuZyJ9\">\n\t\t\t\t\t\t\t<img decoding=\"async\" width=\"525\" height=\"370\" src=\"https:\/\/utfpr-ct-static-content.s3.amazonaws.com\/utfpr.curitiba.br\/wp-content\/uploads\/sites\/62\/2020\/05\/perifaconsciente_01.png\" class=\"attachment-large size-large wp-image-2153\" alt=\"\" srcset=\"https:\/\/utfpr-ct-static-content.s3.amazonaws.com\/utfpr.curitiba.br\/wp-content\/uploads\/sites\/62\/2020\/05\/perifaconsciente_01.png 907w, https:\/\/utfpr-ct-static-content.s3.amazonaws.com\/utfpr.curitiba.br\/wp-content\/uploads\/sites\/62\/2020\/05\/perifaconsciente_01-300x211.png 300w, https:\/\/utfpr-ct-static-content.s3.amazonaws.com\/utfpr.curitiba.br\/wp-content\/uploads\/sites\/62\/2020\/05\/perifaconsciente_01-768x541.png 768w\" sizes=\"(max-width: 767px) 89vw, (max-width: 1000px) 54vw, (max-width: 1071px) 543px, 580px\" \/>\t\t\t\t\t\t\t\t<\/a>\n\t\t\t\t\t\t\t\t\t\t\t<figcaption class=\"widget-image-caption wp-caption-text\">Cartaz e pe\u00e7a digital elaborada para comunica\u00e7\u00e3o sobre o Coronav\u00edrus<\/figcaption>\n\t\t\t\t\t\t\t\t\t\t<\/figure>\n\t\t\t\t\t\t\t\t\t<\/div>\n\t\t\t\t<\/div>\n\t\t\t\t\t<\/div>\n\t\t<\/div>\n\t\t\t\t\t<\/div>\n\t\t<\/section>\n\t\t\t\t<section class=\"elementor-section elementor-top-section elementor-element elementor-element-ccb1bf6 elementor-section-boxed elementor-section-height-default elementor-section-height-default\" data-id=\"ccb1bf6\" data-element_type=\"section\" data-e-type=\"section\">\n\t\t\t\t\t\t<div class=\"elementor-container elementor-column-gap-default\">\n\t\t\t\t\t<div class=\"elementor-column elementor-col-100 elementor-top-column elementor-element elementor-element-52b9ce7\" data-id=\"52b9ce7\" data-element_type=\"column\" data-e-type=\"column\">\n\t\t\t<div class=\"elementor-widget-wrap elementor-element-populated\">\n\t\t\t\t\t\t<div class=\"elementor-element elementor-element-a8dfec6 elementor-widget elementor-widget-text-editor\" data-id=\"a8dfec6\" data-element_type=\"widget\" data-e-type=\"widget\" data-widget_type=\"text-editor.default\">\n\t\t\t\t<div class=\"elementor-widget-container\">\n\t\t\t\t\t\t\t\t\t<p>O projeto foi&nbsp;<span style=\"font-size: 1rem;\">contemplado com bolsas aos estudantes, pelo edital N\u00ba 06\/2020 \u2013 PROREC \/ PROPPG da UTFPR &#8211;&nbsp;<\/span><span style=\"font-size: 1rem;\">Transfer\u00eancia tecnol\u00f3gica para o combate ao COVID-19, com o&nbsp;<\/span><span style=\"font-size: 1rem;\">t\u00edtulo original \u201cCuidado Com O Corona: Comunica\u00e7\u00e3o&nbsp;<\/span><span style=\"font-size: 1rem;\">Comunit\u00e1ria Sobre Medidas De Preven\u00e7\u00e3o Ao Covid-19 Em Comunidades Vulner\u00e1veis\u201d. Todas as produ\u00e7\u00f5es impressas e de comunica\u00e7\u00e3o digital foram doadas ou cedidas por empresas parceiras e iniciativas de financiamento coletivo, orientadas pelo pr\u00f3prio grupo.<\/span><\/p>\t\t\t\t\t\t\t\t<\/div>\n\t\t\t\t<\/div>\n\t\t\t\t\t<\/div>\n\t\t<\/div>\n\t\t\t\t\t<\/div>\n\t\t<\/section>\n\t\t\t\t<section class=\"elementor-section elementor-top-section elementor-element elementor-element-cad547e elementor-section-boxed elementor-section-height-default elementor-section-height-default\" data-id=\"cad547e\" data-element_type=\"section\" data-e-type=\"section\">\n\t\t\t\t\t\t<div class=\"elementor-container elementor-column-gap-default\">\n\t\t\t\t\t<div class=\"elementor-column elementor-col-50 elementor-top-column elementor-element elementor-element-98b531f\" data-id=\"98b531f\" data-element_type=\"column\" data-e-type=\"column\">\n\t\t\t<div class=\"elementor-widget-wrap elementor-element-populated\">\n\t\t\t\t\t\t<div class=\"elementor-element elementor-element-7441881 elementor-widget elementor-widget-image\" data-id=\"7441881\" data-element_type=\"widget\" data-e-type=\"widget\" data-widget_type=\"image.default\">\n\t\t\t\t<div class=\"elementor-widget-container\">\n\t\t\t\t\t\t\t\t\t\t\t\t\t\t\t<img decoding=\"async\" width=\"343\" height=\"346\" src=\"https:\/\/utfpr-ct-static-content.s3.amazonaws.com\/utfpr.curitiba.br\/wp-content\/uploads\/sites\/62\/2020\/05\/perifa02.png\" class=\"attachment-large size-large wp-image-2157\" alt=\"\" srcset=\"https:\/\/utfpr-ct-static-content.s3.amazonaws.com\/utfpr.curitiba.br\/wp-content\/uploads\/sites\/62\/2020\/05\/perifa02.png 343w, https:\/\/utfpr-ct-static-content.s3.amazonaws.com\/utfpr.curitiba.br\/wp-content\/uploads\/sites\/62\/2020\/05\/perifa02-297x300.png 297w, https:\/\/utfpr-ct-static-content.s3.amazonaws.com\/utfpr.curitiba.br\/wp-content\/uploads\/sites\/62\/2020\/05\/perifa02-150x150.png 150w, https:\/\/utfpr-ct-static-content.s3.amazonaws.com\/utfpr.curitiba.br\/wp-content\/uploads\/sites\/62\/2020\/05\/perifa02-100x100.png 100w\" sizes=\"(max-width: 767px) 89vw, (max-width: 1000px) 54vw, (max-width: 1071px) 543px, 580px\" \/>\t\t\t\t\t\t\t\t\t\t\t\t\t\t\t<\/div>\n\t\t\t\t<\/div>\n\t\t\t\t\t<\/div>\n\t\t<\/div>\n\t\t\t\t<div class=\"elementor-column elementor-col-50 elementor-top-column elementor-element elementor-element-e2149b6\" data-id=\"e2149b6\" data-element_type=\"column\" data-e-type=\"column\">\n\t\t\t<div class=\"elementor-widget-wrap elementor-element-populated\">\n\t\t\t\t\t\t<div class=\"elementor-element elementor-element-42d74eb elementor-widget elementor-widget-image\" data-id=\"42d74eb\" data-element_type=\"widget\" data-e-type=\"widget\" data-widget_type=\"image.default\">\n\t\t\t\t<div class=\"elementor-widget-container\">\n\t\t\t\t\t\t\t\t\t\t\t\t\t\t\t<img loading=\"lazy\" decoding=\"async\" width=\"360\" height=\"354\" src=\"https:\/\/utfpr-ct-static-content.s3.amazonaws.com\/utfpr.curitiba.br\/wp-content\/uploads\/sites\/62\/2020\/05\/perifa03.png\" class=\"attachment-large size-large wp-image-2158\" alt=\"\" srcset=\"https:\/\/utfpr-ct-static-content.s3.amazonaws.com\/utfpr.curitiba.br\/wp-content\/uploads\/sites\/62\/2020\/05\/perifa03.png 360w, https:\/\/utfpr-ct-static-content.s3.amazonaws.com\/utfpr.curitiba.br\/wp-content\/uploads\/sites\/62\/2020\/05\/perifa03-300x295.png 300w\" sizes=\"(max-width: 767px) 89vw, (max-width: 1000px) 54vw, (max-width: 1071px) 543px, 580px\" \/>\t\t\t\t\t\t\t\t\t\t\t\t\t\t\t<\/div>\n\t\t\t\t<\/div>\n\t\t\t\t\t<\/div>\n\t\t<\/div>\n\t\t\t\t\t<\/div>\n\t\t<\/section>\n\t\t\t\t<section class=\"elementor-section elementor-top-section elementor-element elementor-element-9f28f36 elementor-section-boxed elementor-section-height-default elementor-section-height-default\" data-id=\"9f28f36\" data-element_type=\"section\" data-e-type=\"section\">\n\t\t\t\t\t\t<div class=\"elementor-container elementor-column-gap-default\">\n\t\t\t\t\t<div class=\"elementor-column elementor-col-100 elementor-top-column elementor-element elementor-element-047d5c3\" data-id=\"047d5c3\" data-element_type=\"column\" data-e-type=\"column\">\n\t\t\t<div class=\"elementor-widget-wrap elementor-element-populated\">\n\t\t\t\t\t\t<div class=\"elementor-element elementor-element-66bed3f elementor-widget elementor-widget-text-editor\" data-id=\"66bed3f\" data-element_type=\"widget\" data-e-type=\"widget\" data-widget_type=\"text-editor.default\">\n\t\t\t\t<div class=\"elementor-widget-container\">\n\t\t\t\t\t\t\t\t\t<p><span style=\"font-size: 1rem;\"><br><\/span><\/p>\n<p><span style=\"font-size: 1rem;\">O projeto \u00e9 formado pelos estudantes Ma\u00edra Kaline Janu\u00e1rio Cabral, Caio C\u00e9sar Zanotto da Silva e Maryellen Camilo Moniz (Comunica\u00e7\u00e3o Organizacional) e participantes.&nbsp;<\/span><span style=\"font-size: 1rem;\">\u00c9 orientado pelos professores do DADIN, Frederick Van Amstel e Claudia Bordin Rodrigues da Silva.&nbsp;<\/span><\/p>\t\t\t\t\t\t\t\t<\/div>\n\t\t\t\t<\/div>\n\t\t\t\t\t<\/div>\n\t\t<\/div>\n\t\t\t\t\t<\/div>\n\t\t<\/section>\n\t\t\t\t<section class=\"elementor-section elementor-top-section elementor-element elementor-element-9d33817 elementor-section-boxed elementor-section-height-default elementor-section-height-default\" data-id=\"9d33817\" data-element_type=\"section\" data-e-type=\"section\">\n\t\t\t\t\t\t<div class=\"elementor-container elementor-column-gap-default\">\n\t\t\t\t\t<div class=\"elementor-column elementor-col-100 elementor-top-column elementor-element elementor-element-c9c8429\" data-id=\"c9c8429\" data-element_type=\"column\" data-e-type=\"column\">\n\t\t\t<div class=\"elementor-widget-wrap elementor-element-populated\">\n\t\t\t\t\t\t<div class=\"elementor-element elementor-element-a672a7e elementor-widget elementor-widget-video\" data-id=\"a672a7e\" data-element_type=\"widget\" data-e-type=\"widget\" data-settings=\"{&quot;youtube_url&quot;:&quot;https:\\\/\\\/www.youtube.com\\\/watch?v=5X701Fre5mI&amp;feature=youtu.be&quot;,&quot;video_type&quot;:&quot;youtube&quot;,&quot;controls&quot;:&quot;yes&quot;}\" data-widget_type=\"video.default\">\n\t\t\t\t<div class=\"elementor-widget-container\">\n\t\t\t\t\t\t\t<div class=\"elementor-wrapper elementor-open-inline\">\n\t\t\t<div class=\"elementor-video\"><\/div>\t\t<\/div>\n\t\t\t\t\t\t<\/div>\n\t\t\t\t<\/div>\n\t\t\t\t\t<\/div>\n\t\t<\/div>\n\t\t\t\t\t<\/div>\n\t\t<\/section>\n\t\t\t\t<section class=\"elementor-section elementor-top-section elementor-element elementor-element-2736bf5 elementor-section-boxed elementor-section-height-default elementor-section-height-default\" data-id=\"2736bf5\" data-element_type=\"section\" data-e-type=\"section\">\n\t\t\t\t\t\t<div class=\"elementor-container elementor-column-gap-default\">\n\t\t\t\t\t<div class=\"elementor-column elementor-col-100 elementor-top-column elementor-element elementor-element-7029912\" data-id=\"7029912\" data-element_type=\"column\" data-e-type=\"column\">\n\t\t\t<div class=\"elementor-widget-wrap elementor-element-populated\">\n\t\t\t\t\t\t<div class=\"elementor-element elementor-element-784d205 elementor-widget elementor-widget-text-editor\" data-id=\"784d205\" data-element_type=\"widget\" data-e-type=\"widget\" data-widget_type=\"text-editor.default\">\n\t\t\t\t<div class=\"elementor-widget-container\">\n\t\t\t\t\t\t\t\t\t<p>Os arquivos s\u00e3o recursos abertos e podem ser usados com e para outras comunidades:&nbsp;<a href=\"https:\/\/drive.google.com\/drive\/u\/0\/folders\/1yrWtzJsQFNBbmUgBl0W3JGk1l7QjySji\" target=\"_blank\" style=\"font-family: Roboto, sans-serif; background-color: rgb(255, 255, 255); font-size: 1rem;\">veja aqui.<\/a><\/p>\t\t\t\t\t\t\t\t<\/div>\n\t\t\t\t<\/div>\n\t\t\t\t\t<\/div>\n\t\t<\/div>\n\t\t\t\t\t<\/div>\n\t\t<\/section>\n\t\t\t\t<section class=\"elementor-section elementor-top-section elementor-element elementor-element-cd4fffe elementor-section-boxed elementor-section-height-default elementor-section-height-default\" data-id=\"cd4fffe\" data-element_type=\"section\" data-e-type=\"section\">\n\t\t\t\t\t\t<div class=\"elementor-container elementor-column-gap-default\">\n\t\t\t\t\t<div class=\"elementor-column elementor-col-50 elementor-top-column elementor-element elementor-element-77f5cf4\" data-id=\"77f5cf4\" data-element_type=\"column\" data-e-type=\"column\">\n\t\t\t<div class=\"elementor-widget-wrap elementor-element-populated\">\n\t\t\t\t\t\t<div class=\"elementor-element elementor-element-681ae23 elementor-widget elementor-widget-image\" data-id=\"681ae23\" data-element_type=\"widget\" data-e-type=\"widget\" data-widget_type=\"image.default\">\n\t\t\t\t<div class=\"elementor-widget-container\">\n\t\t\t\t\t\t\t\t\t\t\t\t\t\t\t<img loading=\"lazy\" decoding=\"async\" width=\"150\" height=\"150\" src=\"https:\/\/utfpr-ct-static-content.s3.amazonaws.com\/utfpr.curitiba.br\/wp-content\/uploads\/sites\/62\/2020\/05\/thumb_perifacosnciente-150x150.png\" class=\"attachment-thumbnail size-thumbnail wp-image-2155\" alt=\"\" srcset=\"https:\/\/utfpr-ct-static-content.s3.amazonaws.com\/utfpr.curitiba.br\/wp-content\/uploads\/sites\/62\/2020\/05\/thumb_perifacosnciente-150x150.png 150w, https:\/\/utfpr-ct-static-content.s3.amazonaws.com\/utfpr.curitiba.br\/wp-content\/uploads\/sites\/62\/2020\/05\/thumb_perifacosnciente-100x100.png 100w\" sizes=\"(max-width: 767px) 89vw, (max-width: 1000px) 54vw, (max-width: 1071px) 543px, 580px\" \/>\t\t\t\t\t\t\t\t\t\t\t\t\t\t\t<\/div>\n\t\t\t\t<\/div>\n\t\t\t\t\t<\/div>\n\t\t<\/div>\n\t\t\t\t<div class=\"elementor-column elementor-col-50 elementor-top-column elementor-element elementor-element-a9d7762\" data-id=\"a9d7762\" data-element_type=\"column\" data-e-type=\"column\">\n\t\t\t<div class=\"elementor-widget-wrap elementor-element-populated\">\n\t\t\t\t\t\t<div class=\"elementor-element elementor-element-d874900 elementor-widget elementor-widget-text-editor\" data-id=\"d874900\" data-element_type=\"widget\" data-e-type=\"widget\" data-widget_type=\"text-editor.default\">\n\t\t\t\t<div class=\"elementor-widget-container\">\n\t\t\t\t\t\t\t\t\t<h3>Quer saber mais?<\/h3>\n<p>Visite o&nbsp;<a href=\"https:\/\/www.instagram.com\/perifaconsciente\/\" target=\"_blank\">Instagram<\/a>&nbsp;do Perifa Consciente e d\u00ea apoio as parcerias e a\u00e7\u00f5es realizadas<\/p><p>@PerifaConsciente<\/p>\t\t\t\t\t\t\t\t<\/div>\n\t\t\t\t<\/div>\n\t\t\t\t\t<\/div>\n\t\t<\/div>\n\t\t\t\t\t<\/div>\n\t\t<\/section>\n\t\t\t\t<\/div>\n\t\t","protected":false},"excerpt":{"rendered":"<p>O projeto Perifa Consciente dedica-se ao apoio e a forma\u00e7\u00e3o de uma consci\u00eancia&nbsp;cr\u00edtica em comunidades vulner\u00e1veis de Curitiba e regi\u00e3o acerca do COVID-19, a&nbsp;partir da comunica\u00e7\u00e3o popular e comunit\u00e1ria. A&nbsp;vis\u00e3o do projeto \u00e9 que o enfrentamento da crise causada pelo coronav\u00edrus nas&nbsp;comunidades s\u00f3 \u00e9 poss\u00edvel a partir de pr\u00e1ticas educativas e comunicativas pautadas no processo&nbsp;de &hellip; <\/p>\n<p class=\"link-more\"><a href=\"https:\/\/utfpr.curitiba.br\/dadin\/?p=2149\" class=\"more-link\">Continue lendo<span class=\"screen-reader-text\"> &#8220;Perifa Consciente e a necessidade de aproxima\u00e7\u00e3o com as comunidades vulner\u00e1veis&#8221;<\/span><\/a><\/p>\n","protected":false},"author":30,"featured_media":0,"comment_status":"closed","ping_status":"open","sticky":false,"template":"","format":"standard","meta":{"footnotes":""},"categories":[61,64,1],"tags":[72,62,65,71,73],"class_list":["post-2149","post","type-post","status-publish","format-standard","hentry","category-covid-19","category-design-social","category-sem-categoria","tag-comunicacao","tag-covid-19","tag-design-grafico","tag-design-para-comunidades","tag-pandemia"],"_links":{"self":[{"href":"https:\/\/utfpr.curitiba.br\/dadin\/index.php?rest_route=\/wp\/v2\/posts\/2149","targetHints":{"allow":["GET"]}}],"collection":[{"href":"https:\/\/utfpr.curitiba.br\/dadin\/index.php?rest_route=\/wp\/v2\/posts"}],"about":[{"href":"https:\/\/utfpr.curitiba.br\/dadin\/index.php?rest_route=\/wp\/v2\/types\/post"}],"author":[{"embeddable":true,"href":"https:\/\/utfpr.curitiba.br\/dadin\/index.php?rest_route=\/wp\/v2\/users\/30"}],"replies":[{"embeddable":true,"href":"https:\/\/utfpr.curitiba.br\/dadin\/index.php?rest_route=%2Fwp%2Fv2%2Fcomments&post=2149"}],"version-history":[{"count":14,"href":"https:\/\/utfpr.curitiba.br\/dadin\/index.php?rest_route=\/wp\/v2\/posts\/2149\/revisions"}],"predecessor-version":[{"id":2173,"href":"https:\/\/utfpr.curitiba.br\/dadin\/index.php?rest_route=\/wp\/v2\/posts\/2149\/revisions\/2173"}],"wp:attachment":[{"href":"https:\/\/utfpr.curitiba.br\/dadin\/index.php?rest_route=%2Fwp%2Fv2%2Fmedia&parent=2149"}],"wp:term":[{"taxonomy":"category","embeddable":true,"href":"https:\/\/utfpr.curitiba.br\/dadin\/index.php?rest_route=%2Fwp%2Fv2%2Fcategories&post=2149"},{"taxonomy":"post_tag","embeddable":true,"href":"https:\/\/utfpr.curitiba.br\/dadin\/index.php?rest_route=%2Fwp%2Fv2%2Ftags&post=2149"}],"curies":[{"name":"wp","href":"https:\/\/api.w.org\/{rel}","templated":true}]}}