{"id":2129,"date":"2020-05-20T14:21:13","date_gmt":"2020-05-20T14:21:13","guid":{"rendered":"http:\/\/dadin.ct.utfpr.edu.br\/?p=2129"},"modified":"2020-05-22T16:46:21","modified_gmt":"2020-05-22T16:46:21","slug":"covid-19-e-agora-projeto-de-comunicacao-visual-orienta-descarte-de-materiais-e-cuidados-com-o-lixo-durante-a-pandemia","status":"publish","type":"post","link":"https:\/\/utfpr.curitiba.br\/dadin\/?p=2129","title":{"rendered":"COVID-19 e agora? Projeto de comunica\u00e7\u00e3o visual orienta descarte de materiais e cuidados com o lixo durante a pandemia"},"content":{"rendered":"\t\t<div data-elementor-type=\"wp-post\" data-elementor-id=\"2129\" class=\"elementor elementor-2129\">\n\t\t\t\t\t\t<section class=\"elementor-section elementor-top-section elementor-element elementor-element-25a6bbe elementor-section-boxed elementor-section-height-default elementor-section-height-default\" data-id=\"25a6bbe\" data-element_type=\"section\" data-e-type=\"section\">\n\t\t\t\t\t\t<div class=\"elementor-container elementor-column-gap-default\">\n\t\t\t\t\t<div class=\"elementor-column elementor-col-100 elementor-top-column elementor-element elementor-element-e5c8758\" data-id=\"e5c8758\" data-element_type=\"column\" data-e-type=\"column\">\n\t\t\t<div class=\"elementor-widget-wrap elementor-element-populated\">\n\t\t\t\t\t\t<div class=\"elementor-element elementor-element-3ee889f elementor-widget elementor-widget-text-editor\" data-id=\"3ee889f\" data-element_type=\"widget\" data-e-type=\"widget\" data-widget_type=\"text-editor.default\">\n\t\t\t\t<div class=\"elementor-widget-container\">\n\t\t\t\t\t\t\t\t\t<p>O projeto COVID-19 e agora? Foi desenvolvido para comunicar a popula\u00e7\u00e3o em geral dos procedimentos com a preven\u00e7\u00e3o e cuidados, visando o espa\u00e7o dom\u00e9stico e p\u00fablico, a serem tomados em tempos de crise sanit\u00e1ria e enfrentamento da COVID19. Os temas abordados incluem cuidados com o uso e descarte das m\u00e1scaras descart\u00e1veis e caseiras, procedimentos com o lixo dom\u00e9stico, \u00e1gua e esgoto em per\u00edodo de crise sanit\u00e1ria do COVID19, e dicas de como economizar a \u00e1gua na higieniza\u00e7\u00e3o em tempos de crise h\u00eddrica.&nbsp;&nbsp;<\/p>\n<p>O principal objetivo \u00e9 desenvolver material de orienta\u00e7\u00e3o que seja claro e direto, por isto o uso como ve\u00edculos r\u00e1pidos para a comunica\u00e7\u00e3o. Este trabalho vem sendo realizado em parceria entre a Associa\u00e7\u00e3o Brasileira de Engenharia Sanit\u00e1ria e Ambiental do Paran\u00e1 (ABESPR) e as Universidades Tecnol\u00f3gica Federal do Paran\u00e1 (UTFPR) e Federal do Paran\u00e1 (UFPR), compondo uma equipe multidisciplinar que comp\u00f5em o suporte t\u00e9cnico-cient\u00edfico das informa\u00e7\u00f5es.&nbsp;<\/p>\t\t\t\t\t\t\t\t<\/div>\n\t\t\t\t<\/div>\n\t\t\t\t\t<\/div>\n\t\t<\/div>\n\t\t\t\t\t<\/div>\n\t\t<\/section>\n\t\t\t\t<section class=\"elementor-section elementor-top-section elementor-element elementor-element-35682fd elementor-section-boxed elementor-section-height-default elementor-section-height-default\" data-id=\"35682fd\" data-element_type=\"section\" data-e-type=\"section\">\n\t\t\t\t\t\t<div class=\"elementor-container elementor-column-gap-default\">\n\t\t\t\t\t<div class=\"elementor-column elementor-col-100 elementor-top-column elementor-element elementor-element-42ed449\" data-id=\"42ed449\" data-element_type=\"column\" data-e-type=\"column\">\n\t\t\t<div class=\"elementor-widget-wrap elementor-element-populated\">\n\t\t\t\t\t\t<div class=\"elementor-element elementor-element-589c465 elementor-widget elementor-widget-image\" data-id=\"589c465\" data-element_type=\"widget\" data-e-type=\"widget\" data-widget_type=\"image.default\">\n\t\t\t\t<div class=\"elementor-widget-container\">\n\t\t\t\t\t\t\t\t\t\t\t\t<figure class=\"wp-caption\">\n\t\t\t\t\t\t\t\t\t\t\t<a href=\"https:\/\/utfpr-ct-static-content.s3.amazonaws.com\/dadin.ct.utfpr.edu.br\/wp-content\/uploads\/2020\/05\/capa-scaled.jpg\" data-elementor-open-lightbox=\"yes\" data-elementor-lightbox-title=\"capa\" data-e-action-hash=\"#elementor-action%3Aaction%3Dlightbox%26settings%3DeyJpZCI6MjEzMSwidXJsIjoiaHR0cHM6XC9cL3V0ZnByLWN0LXN0YXRpYy1jb250ZW50LnMzLmFtYXpvbmF3cy5jb21cL3V0ZnByLmN1cml0aWJhLmJyXC93cC1jb250ZW50XC91cGxvYWRzXC9zaXRlc1wvNjJcLzIwMjBcLzA1XC9jYXBhLXNjYWxlZC5qcGcifQ%3D%3D\">\n\t\t\t\t\t\t\t<img fetchpriority=\"high\" decoding=\"async\" width=\"525\" height=\"350\" src=\"https:\/\/utfpr-ct-static-content.s3.amazonaws.com\/utfpr.curitiba.br\/wp-content\/uploads\/sites\/62\/2020\/05\/capa-1024x682.jpg\" class=\"attachment-large size-large wp-image-2131\" alt=\"\" srcset=\"https:\/\/utfpr-ct-static-content.s3.amazonaws.com\/utfpr.curitiba.br\/wp-content\/uploads\/sites\/62\/2020\/05\/capa-1024x682.jpg 1024w, https:\/\/utfpr-ct-static-content.s3.amazonaws.com\/utfpr.curitiba.br\/wp-content\/uploads\/sites\/62\/2020\/05\/capa-300x200.jpg 300w, https:\/\/utfpr-ct-static-content.s3.amazonaws.com\/utfpr.curitiba.br\/wp-content\/uploads\/sites\/62\/2020\/05\/capa-768x512.jpg 768w, https:\/\/utfpr-ct-static-content.s3.amazonaws.com\/utfpr.curitiba.br\/wp-content\/uploads\/sites\/62\/2020\/05\/capa-1536x1024.jpg 1536w, https:\/\/utfpr-ct-static-content.s3.amazonaws.com\/utfpr.curitiba.br\/wp-content\/uploads\/sites\/62\/2020\/05\/capa-2048x1365.jpg 2048w, https:\/\/utfpr-ct-static-content.s3.amazonaws.com\/utfpr.curitiba.br\/wp-content\/uploads\/sites\/62\/2020\/05\/capa-272x182.jpg 272w\" sizes=\"(max-width: 767px) 89vw, (max-width: 1000px) 54vw, (max-width: 1071px) 543px, 580px\" \/>\t\t\t\t\t\t\t\t<\/a>\n\t\t\t\t\t\t\t\t\t\t\t<figcaption class=\"widget-image-caption wp-caption-text\">Cartazes para o descarte de lixo de pessoa contaminada ou com suspeita de Covid-19 <\/figcaption>\n\t\t\t\t\t\t\t\t\t\t<\/figure>\n\t\t\t\t\t\t\t\t\t<\/div>\n\t\t\t\t<\/div>\n\t\t\t\t\t<\/div>\n\t\t<\/div>\n\t\t\t\t\t<\/div>\n\t\t<\/section>\n\t\t\t\t<section class=\"elementor-section elementor-top-section elementor-element elementor-element-e83e285 elementor-section-boxed elementor-section-height-default elementor-section-height-default\" data-id=\"e83e285\" data-element_type=\"section\" data-e-type=\"section\">\n\t\t\t\t\t\t<div class=\"elementor-container elementor-column-gap-default\">\n\t\t\t\t\t<div class=\"elementor-column elementor-col-100 elementor-top-column elementor-element elementor-element-02ffd64\" data-id=\"02ffd64\" data-element_type=\"column\" data-e-type=\"column\">\n\t\t\t<div class=\"elementor-widget-wrap elementor-element-populated\">\n\t\t\t\t\t\t<div class=\"elementor-element elementor-element-792b212 elementor-widget elementor-widget-text-editor\" data-id=\"792b212\" data-element_type=\"widget\" data-e-type=\"widget\" data-widget_type=\"text-editor.default\">\n\t\t\t\t<div class=\"elementor-widget-container\">\n\t\t\t\t\t\t\t\t\t<p>Os produtos desenvolvidos s\u00e3o referentes a comunica\u00e7\u00e3o visual de r\u00e1pido e largo alcance como o instagram (@covid19eagora) e cartazes, assim como manuais de orienta\u00e7\u00e3o para gestores p\u00fablicos e associa\u00e7\u00f5es comerciais. Este material tem potencial para ser distribu\u00eddo na Regi\u00e3o Metropolitana de Curitiba assim como em todo o estado do Paran\u00e1 por meio de parcerias como a Secretaria de Desenvolvimento Sustent\u00e1vel e do Turismo (SEDEST) e Instituto de \u00c1guas e Terra (IAT).<br><\/p>\t\t\t\t\t\t\t\t<\/div>\n\t\t\t\t<\/div>\n\t\t\t\t<div class=\"elementor-element elementor-element-ab66afb elementor-widget elementor-widget-text-editor\" data-id=\"ab66afb\" data-element_type=\"widget\" data-e-type=\"widget\" data-widget_type=\"text-editor.default\">\n\t\t\t\t<div class=\"elementor-widget-container\">\n\t\t\t\t\t\t\t\t\t<p>Os arquivos do projeto podem ser acessado e reutilizados, a partir d correta cita\u00e7\u00e3o de autoria.&nbsp;<a href=\"https:\/\/nuvem.utfpr.edu.br\/index.php\/s\/X481X13PXMvM199\" target=\"_blank\" style=\"font-family: Roboto, sans-serif; background-color: rgb(255, 255, 255); font-size: 1rem;\">Veja aqui.<\/a><\/p>\t\t\t\t\t\t\t\t<\/div>\n\t\t\t\t<\/div>\n\t\t\t\t\t<\/div>\n\t\t<\/div>\n\t\t\t\t\t<\/div>\n\t\t<\/section>\n\t\t\t\t<section class=\"elementor-section elementor-top-section elementor-element elementor-element-94281b7 elementor-section-boxed elementor-section-height-default elementor-section-height-default\" data-id=\"94281b7\" data-element_type=\"section\" data-e-type=\"section\">\n\t\t\t\t\t\t<div class=\"elementor-container elementor-column-gap-default\">\n\t\t\t\t\t<div class=\"elementor-column elementor-col-33 elementor-top-column elementor-element elementor-element-14c343d\" data-id=\"14c343d\" data-element_type=\"column\" data-e-type=\"column\">\n\t\t\t<div class=\"elementor-widget-wrap elementor-element-populated\">\n\t\t\t\t\t\t<div class=\"elementor-element elementor-element-ad8d9d4 elementor-widget elementor-widget-image\" data-id=\"ad8d9d4\" data-element_type=\"widget\" data-e-type=\"widget\" data-widget_type=\"image.default\">\n\t\t\t\t<div class=\"elementor-widget-container\">\n\t\t\t\t\t\t\t\t\t\t\t\t\t\t\t\t<a href=\"https:\/\/utfpr-ct-static-content.s3.amazonaws.com\/dadin.ct.utfpr.edu.br\/wp-content\/uploads\/2020\/05\/covid-1.png\" data-elementor-open-lightbox=\"yes\" data-elementor-lightbox-title=\"covid-1\" data-e-action-hash=\"#elementor-action%3Aaction%3Dlightbox%26settings%3DeyJpZCI6MjEzNSwidXJsIjoiaHR0cHM6XC9cL3V0ZnByLWN0LXN0YXRpYy1jb250ZW50LnMzLmFtYXpvbmF3cy5jb21cL3V0ZnByLmN1cml0aWJhLmJyXC93cC1jb250ZW50XC91cGxvYWRzXC9zaXRlc1wvNjJcLzIwMjBcLzA1XC9jb3ZpZC0xLnBuZyJ9\">\n\t\t\t\t\t\t\t<img decoding=\"async\" width=\"213\" height=\"300\" src=\"https:\/\/utfpr-ct-static-content.s3.amazonaws.com\/utfpr.curitiba.br\/wp-content\/uploads\/sites\/62\/2020\/05\/covid-1-213x300.png\" class=\"attachment-medium size-medium wp-image-2135\" alt=\"\" srcset=\"https:\/\/utfpr-ct-static-content.s3.amazonaws.com\/utfpr.curitiba.br\/wp-content\/uploads\/sites\/62\/2020\/05\/covid-1-213x300.png 213w, https:\/\/utfpr-ct-static-content.s3.amazonaws.com\/utfpr.curitiba.br\/wp-content\/uploads\/sites\/62\/2020\/05\/covid-1.png 434w\" sizes=\"(max-width: 767px) 89vw, (max-width: 1000px) 54vw, (max-width: 1071px) 543px, 580px\" \/>\t\t\t\t\t\t\t\t<\/a>\n\t\t\t\t\t\t\t\t\t\t\t\t\t\t\t<\/div>\n\t\t\t\t<\/div>\n\t\t\t\t\t<\/div>\n\t\t<\/div>\n\t\t\t\t<div class=\"elementor-column elementor-col-33 elementor-top-column elementor-element elementor-element-8335360\" data-id=\"8335360\" data-element_type=\"column\" data-e-type=\"column\">\n\t\t\t<div class=\"elementor-widget-wrap elementor-element-populated\">\n\t\t\t\t\t\t<div class=\"elementor-element elementor-element-369f159 elementor-widget elementor-widget-image\" data-id=\"369f159\" data-element_type=\"widget\" data-e-type=\"widget\" data-widget_type=\"image.default\">\n\t\t\t\t<div class=\"elementor-widget-container\">\n\t\t\t\t\t\t\t\t\t\t\t\t\t\t\t\t<a href=\"https:\/\/utfpr-ct-static-content.s3.amazonaws.com\/dadin.ct.utfpr.edu.br\/wp-content\/uploads\/2020\/05\/covid2.png\" data-elementor-open-lightbox=\"yes\" data-elementor-lightbox-title=\"covid2\" data-e-action-hash=\"#elementor-action%3Aaction%3Dlightbox%26settings%3DeyJpZCI6MjEzNiwidXJsIjoiaHR0cHM6XC9cL3V0ZnByLWN0LXN0YXRpYy1jb250ZW50LnMzLmFtYXpvbmF3cy5jb21cL3V0ZnByLmN1cml0aWJhLmJyXC93cC1jb250ZW50XC91cGxvYWRzXC9zaXRlc1wvNjJcLzIwMjBcLzA1XC9jb3ZpZDIucG5nIn0%3D\">\n\t\t\t\t\t\t\t<img decoding=\"async\" width=\"208\" height=\"300\" src=\"https:\/\/utfpr-ct-static-content.s3.amazonaws.com\/utfpr.curitiba.br\/wp-content\/uploads\/sites\/62\/2020\/05\/covid2-208x300.png\" class=\"attachment-medium size-medium wp-image-2136\" alt=\"\" srcset=\"https:\/\/utfpr-ct-static-content.s3.amazonaws.com\/utfpr.curitiba.br\/wp-content\/uploads\/sites\/62\/2020\/05\/covid2-208x300.png 208w, https:\/\/utfpr-ct-static-content.s3.amazonaws.com\/utfpr.curitiba.br\/wp-content\/uploads\/sites\/62\/2020\/05\/covid2.png 502w\" sizes=\"(max-width: 767px) 89vw, (max-width: 1000px) 54vw, (max-width: 1071px) 543px, 580px\" \/>\t\t\t\t\t\t\t\t<\/a>\n\t\t\t\t\t\t\t\t\t\t\t\t\t\t\t<\/div>\n\t\t\t\t<\/div>\n\t\t\t\t\t<\/div>\n\t\t<\/div>\n\t\t\t\t<div class=\"elementor-column elementor-col-33 elementor-top-column elementor-element elementor-element-8fbf4c3\" data-id=\"8fbf4c3\" data-element_type=\"column\" data-e-type=\"column\">\n\t\t\t<div class=\"elementor-widget-wrap elementor-element-populated\">\n\t\t\t\t\t\t<div class=\"elementor-element elementor-element-b503f52 elementor-widget elementor-widget-image\" data-id=\"b503f52\" data-element_type=\"widget\" data-e-type=\"widget\" data-widget_type=\"image.default\">\n\t\t\t\t<div class=\"elementor-widget-container\">\n\t\t\t\t\t\t\t\t\t\t\t\t\t\t\t\t<a href=\"https:\/\/utfpr-ct-static-content.s3.amazonaws.com\/dadin.ct.utfpr.edu.br\/wp-content\/uploads\/2020\/05\/covid3.png\" data-elementor-open-lightbox=\"yes\" data-elementor-lightbox-title=\"covid3\" data-e-action-hash=\"#elementor-action%3Aaction%3Dlightbox%26settings%3DeyJpZCI6MjEzNywidXJsIjoiaHR0cHM6XC9cL3V0ZnByLWN0LXN0YXRpYy1jb250ZW50LnMzLmFtYXpvbmF3cy5jb21cL3V0ZnByLmN1cml0aWJhLmJyXC93cC1jb250ZW50XC91cGxvYWRzXC9zaXRlc1wvNjJcLzIwMjBcLzA1XC9jb3ZpZDMucG5nIn0%3D\">\n\t\t\t\t\t\t\t<img loading=\"lazy\" decoding=\"async\" width=\"212\" height=\"300\" src=\"https:\/\/utfpr-ct-static-content.s3.amazonaws.com\/utfpr.curitiba.br\/wp-content\/uploads\/sites\/62\/2020\/05\/covid3-212x300.png\" class=\"attachment-medium size-medium wp-image-2137\" alt=\"\" srcset=\"https:\/\/utfpr-ct-static-content.s3.amazonaws.com\/utfpr.curitiba.br\/wp-content\/uploads\/sites\/62\/2020\/05\/covid3-212x300.png 212w, https:\/\/utfpr-ct-static-content.s3.amazonaws.com\/utfpr.curitiba.br\/wp-content\/uploads\/sites\/62\/2020\/05\/covid3.png 438w\" sizes=\"(max-width: 767px) 89vw, (max-width: 1000px) 54vw, (max-width: 1071px) 543px, 580px\" \/>\t\t\t\t\t\t\t\t<\/a>\n\t\t\t\t\t\t\t\t\t\t\t\t\t\t\t<\/div>\n\t\t\t\t<\/div>\n\t\t\t\t\t<\/div>\n\t\t<\/div>\n\t\t\t\t\t<\/div>\n\t\t<\/section>\n\t\t\t\t<section class=\"elementor-section elementor-top-section elementor-element elementor-element-6767103 elementor-section-boxed elementor-section-height-default elementor-section-height-default\" data-id=\"6767103\" data-element_type=\"section\" data-e-type=\"section\">\n\t\t\t\t\t\t<div class=\"elementor-container elementor-column-gap-default\">\n\t\t\t\t\t<div class=\"elementor-column elementor-col-100 elementor-top-column elementor-element elementor-element-598f248\" data-id=\"598f248\" data-element_type=\"column\" data-e-type=\"column\">\n\t\t\t<div class=\"elementor-widget-wrap elementor-element-populated\">\n\t\t\t\t\t\t<div class=\"elementor-element elementor-element-0a29fa6 elementor-widget elementor-widget-text-editor\" data-id=\"0a29fa6\" data-element_type=\"widget\" data-e-type=\"widget\" data-widget_type=\"text-editor.default\">\n\t\t\t\t<div class=\"elementor-widget-container\">\n\t\t\t\t\t\t\t\t\t<h3>Imprensa<\/h3>\n<p><a href=\"http:\/\/www.sedest.pr.gov.br\/Noticia\/Cartazes-orientam-sobre-confeccao-e-descarte-de-mascaras-e-luvas\" target=\"_blank\">http:\/\/www.sedest.pr.gov.br\/Noticia\/Cartazes-orientam-sobre-confeccao-e-descarte-de-mascaras-e-luvas<\/a><br><\/p>\n<p><a href=\"http:\/\/www.sedest.pr.gov.br\/Noticia\/Cartazes-orientam-sobre-cuidados-com-lixo-durante-pandemia\" target=\"_blank\">http:\/\/www.sedest.pr.gov.br\/Noticia\/Cartazes-orientam-sobre-cuidados-com-lixo-durante-pandemia<\/a><br><\/p>\n<p><a href=\"https:\/\/cbncuritiba.com\/covid-19-saiba-como-tratar-o-lixo-domestico\/\" target=\"_blank\">https:\/\/cbncuritiba.com\/covid-19-saiba-como-tratar-o-lixo-domestico\/<\/a><br><\/p>\t\t\t\t\t\t\t\t<\/div>\n\t\t\t\t<\/div>\n\t\t\t\t\t<\/div>\n\t\t<\/div>\n\t\t\t\t\t<\/div>\n\t\t<\/section>\n\t\t\t\t<section class=\"elementor-section elementor-top-section elementor-element elementor-element-19b98e9 elementor-section-boxed elementor-section-height-default elementor-section-height-default\" data-id=\"19b98e9\" data-element_type=\"section\" data-e-type=\"section\">\n\t\t\t\t\t\t<div class=\"elementor-container elementor-column-gap-default\">\n\t\t\t\t\t<div class=\"elementor-column elementor-col-50 elementor-top-column elementor-element elementor-element-11ff680\" data-id=\"11ff680\" data-element_type=\"column\" data-e-type=\"column\">\n\t\t\t<div class=\"elementor-widget-wrap elementor-element-populated\">\n\t\t\t\t\t\t<div class=\"elementor-element elementor-element-cc89137 elementor-widget elementor-widget-image\" data-id=\"cc89137\" data-element_type=\"widget\" data-e-type=\"widget\" data-widget_type=\"image.default\">\n\t\t\t\t<div class=\"elementor-widget-container\">\n\t\t\t\t\t\t\t\t\t\t\t\t\t\t\t<img loading=\"lazy\" decoding=\"async\" width=\"150\" height=\"150\" src=\"https:\/\/utfpr-ct-static-content.s3.amazonaws.com\/utfpr.curitiba.br\/wp-content\/uploads\/sites\/62\/2020\/03\/eunice-150x150.png\" class=\"attachment-thumbnail size-thumbnail wp-image-2032\" alt=\"\" srcset=\"https:\/\/utfpr-ct-static-content.s3.amazonaws.com\/utfpr.curitiba.br\/wp-content\/uploads\/sites\/62\/2020\/03\/eunice-150x150.png 150w, https:\/\/utfpr-ct-static-content.s3.amazonaws.com\/utfpr.curitiba.br\/wp-content\/uploads\/sites\/62\/2020\/03\/eunice-100x100.png 100w\" sizes=\"(max-width: 767px) 89vw, (max-width: 1000px) 54vw, (max-width: 1071px) 543px, 580px\" \/>\t\t\t\t\t\t\t\t\t\t\t\t\t\t\t<\/div>\n\t\t\t\t<\/div>\n\t\t\t\t\t<\/div>\n\t\t<\/div>\n\t\t\t\t<div class=\"elementor-column elementor-col-50 elementor-top-column elementor-element elementor-element-644b8ed\" data-id=\"644b8ed\" data-element_type=\"column\" data-e-type=\"column\">\n\t\t\t<div class=\"elementor-widget-wrap elementor-element-populated\">\n\t\t\t\t\t\t<div class=\"elementor-element elementor-element-6bf0750 elementor-widget elementor-widget-text-editor\" data-id=\"6bf0750\" data-element_type=\"widget\" data-e-type=\"widget\" data-widget_type=\"text-editor.default\">\n\t\t\t\t<div class=\"elementor-widget-container\">\n\t\t\t\t\t\t\t\t\t<h3>Quer saber mais?<\/h3>\n<p>Para saber mais do projeto e como fazer sua contribui\u00e7\u00e3o, contate a <b>professora Eunice Liu <\/b>e siga o projeto nas redes sociais.<\/p>\n<p>euniceliu@utfpr.edu.br<br><a href=\"https:\/\/www.instagram.com\/covid19eagora\/\" target=\"_blank\">@covid19eagora<\/a><br><\/p>\t\t\t\t\t\t\t\t<\/div>\n\t\t\t\t<\/div>\n\t\t\t\t\t<\/div>\n\t\t<\/div>\n\t\t\t\t\t<\/div>\n\t\t<\/section>\n\t\t\t\t<\/div>\n\t\t","protected":false},"excerpt":{"rendered":"<p>O projeto COVID-19 e agora? Foi desenvolvido para comunicar a popula\u00e7\u00e3o em geral dos procedimentos com a preven\u00e7\u00e3o e cuidados, visando o espa\u00e7o dom\u00e9stico e p\u00fablico, a serem tomados em tempos de crise sanit\u00e1ria e enfrentamento da COVID19. Os temas abordados incluem cuidados com o uso e descarte das m\u00e1scaras descart\u00e1veis e caseiras, procedimentos com &hellip; <\/p>\n<p class=\"link-more\"><a href=\"https:\/\/utfpr.curitiba.br\/dadin\/?p=2129\" class=\"more-link\">Continue lendo<span class=\"screen-reader-text\"> &#8220;COVID-19 e agora? Projeto de comunica\u00e7\u00e3o visual orienta descarte de materiais e cuidados com o lixo durante a pandemia&#8221;<\/span><\/a><\/p>\n","protected":false},"author":30,"featured_media":0,"comment_status":"closed","ping_status":"open","sticky":false,"template":"","format":"standard","meta":{"footnotes":""},"categories":[61,63,64],"tags":[69,66,68,65,67],"class_list":["post-2129","post","type-post","status-publish","format-standard","hentry","category-covid-19","category-design-grafico","category-design-social","tag-cartazes","tag-comunicacao-covid-19","tag-comunicacao-visual","tag-design-grafico","tag-design-social"],"_links":{"self":[{"href":"https:\/\/utfpr.curitiba.br\/dadin\/index.php?rest_route=\/wp\/v2\/posts\/2129","targetHints":{"allow":["GET"]}}],"collection":[{"href":"https:\/\/utfpr.curitiba.br\/dadin\/index.php?rest_route=\/wp\/v2\/posts"}],"about":[{"href":"https:\/\/utfpr.curitiba.br\/dadin\/index.php?rest_route=\/wp\/v2\/types\/post"}],"author":[{"embeddable":true,"href":"https:\/\/utfpr.curitiba.br\/dadin\/index.php?rest_route=\/wp\/v2\/users\/30"}],"replies":[{"embeddable":true,"href":"https:\/\/utfpr.curitiba.br\/dadin\/index.php?rest_route=%2Fwp%2Fv2%2Fcomments&post=2129"}],"version-history":[{"count":12,"href":"https:\/\/utfpr.curitiba.br\/dadin\/index.php?rest_route=\/wp\/v2\/posts\/2129\/revisions"}],"predecessor-version":[{"id":2169,"href":"https:\/\/utfpr.curitiba.br\/dadin\/index.php?rest_route=\/wp\/v2\/posts\/2129\/revisions\/2169"}],"wp:attachment":[{"href":"https:\/\/utfpr.curitiba.br\/dadin\/index.php?rest_route=%2Fwp%2Fv2%2Fmedia&parent=2129"}],"wp:term":[{"taxonomy":"category","embeddable":true,"href":"https:\/\/utfpr.curitiba.br\/dadin\/index.php?rest_route=%2Fwp%2Fv2%2Fcategories&post=2129"},{"taxonomy":"post_tag","embeddable":true,"href":"https:\/\/utfpr.curitiba.br\/dadin\/index.php?rest_route=%2Fwp%2Fv2%2Ftags&post=2129"}],"curies":[{"name":"wp","href":"https:\/\/api.w.org\/{rel}","templated":true}]}}