{"id":2053,"date":"2020-05-14T20:25:25","date_gmt":"2020-05-14T20:25:25","guid":{"rendered":"http:\/\/dadin.ct.utfpr.edu.br\/?p=2053"},"modified":"2020-05-22T16:46:21","modified_gmt":"2020-05-22T16:46:21","slug":"design-na-covid-19","status":"publish","type":"post","link":"https:\/\/utfpr.curitiba.br\/dadin\/?p=2053","title":{"rendered":"Design na COVID-19"},"content":{"rendered":"\n<p>Como o Design pode atuar em situa\u00e7\u00f5es emergenciais? Professores e alunos do Design participam de projetos na Covid-19, conhe\u00e7a mais em <a href=\"http:\/\/acao.utfpr.edu.br\/\">http:\/\/acao.utfpr.edu.br\/<\/a><\/p>\n","protected":false},"excerpt":{"rendered":"<p>Como o Design pode atuar em situa\u00e7\u00f5es emergenciais? Professores e alunos do Design participam de projetos na Covid-19, conhe\u00e7a mais em http:\/\/acao.utfpr.edu.br\/<\/p>\n","protected":false},"author":32,"featured_media":0,"comment_status":"closed","ping_status":"open","sticky":false,"template":"","format":"standard","meta":{"footnotes":""},"categories":[1],"tags":[],"class_list":["post-2053","post","type-post","status-publish","format-standard","hentry","category-sem-categoria"],"_links":{"self":[{"href":"https:\/\/utfpr.curitiba.br\/dadin\/index.php?rest_route=\/wp\/v2\/posts\/2053","targetHints":{"allow":["GET"]}}],"collection":[{"href":"https:\/\/utfpr.curitiba.br\/dadin\/index.php?rest_route=\/wp\/v2\/posts"}],"about":[{"href":"https:\/\/utfpr.curitiba.br\/dadin\/index.php?rest_route=\/wp\/v2\/types\/post"}],"author":[{"embeddable":true,"href":"https:\/\/utfpr.curitiba.br\/dadin\/index.php?rest_route=\/wp\/v2\/users\/32"}],"replies":[{"embeddable":true,"href":"https:\/\/utfpr.curitiba.br\/dadin\/index.php?rest_route=%2Fwp%2Fv2%2Fcomments&post=2053"}],"version-history":[{"count":1,"href":"https:\/\/utfpr.curitiba.br\/dadin\/index.php?rest_route=\/wp\/v2\/posts\/2053\/revisions"}],"predecessor-version":[{"id":2054,"href":"https:\/\/utfpr.curitiba.br\/dadin\/index.php?rest_route=\/wp\/v2\/posts\/2053\/revisions\/2054"}],"wp:attachment":[{"href":"https:\/\/utfpr.curitiba.br\/dadin\/index.php?rest_route=%2Fwp%2Fv2%2Fmedia&parent=2053"}],"wp:term":[{"taxonomy":"category","embeddable":true,"href":"https:\/\/utfpr.curitiba.br\/dadin\/index.php?rest_route=%2Fwp%2Fv2%2Fcategories&post=2053"},{"taxonomy":"post_tag","embeddable":true,"href":"https:\/\/utfpr.curitiba.br\/dadin\/index.php?rest_route=%2Fwp%2Fv2%2Ftags&post=2053"}],"curies":[{"name":"wp","href":"https:\/\/api.w.org\/{rel}","templated":true}]}}