{"id":2293,"date":"2024-07-24T17:50:07","date_gmt":"2024-07-24T20:50:07","guid":{"rendered":"https:\/\/utfpr.curitiba.br\/coted\/?p=2293"},"modified":"2024-07-24T17:56:34","modified_gmt":"2024-07-24T20:56:34","slug":"parceria-coted-ct-e-fabtech-projetos-criativos-na-pratica","status":"publish","type":"post","link":"https:\/\/utfpr.curitiba.br\/coted\/?p=2293","title":{"rendered":"Parceria Coted-CT e Fabtech: projetos criativos na pr\u00e1tica"},"content":{"rendered":"\n<p>Em processo de repagina\u00e7\u00e3o de nossas salas e est\u00fadios, nossa equipe esteve no Fabtech, o fablab do Parque Tecnol\u00f3gico da UTFPR Campus Curitiba, mais um centro propulsor da cultura maker na cidade.<\/p>\n\n\n\n<figure class=\"wp-block-video\"><video height=\"478\" style=\"aspect-ratio: 848 \/ 478;\" width=\"848\" controls src=\"https:\/\/utfpr-ct-static-content.s3.amazonaws.com\/utfpr.curitiba.br\/wp-content\/uploads\/sites\/44\/2024\/07\/WhatsApp-Video-2024-07-24-at-17.34.31-1.mp4\"><\/video><\/figure>\n\n\n\n<div style=\"height:12px\" aria-hidden=\"true\" class=\"wp-block-spacer\"><\/div>\n\n\n\n<p>Com equipamentos de ponta, o Fabtech nos ajudou a criar os moldes para a aplica\u00e7\u00e3o da marca UTFPR na Sala Multimeios e demais espa\u00e7os. Isso foi feito com a cortadora a laser, que pode cortar formas precisas e gravar detalhes intrincados em diferentes tipos de madeira, desde compensado at\u00e9 MDF.<\/p>\n\n\n\n<figure class=\"wp-block-image size-large\"><img fetchpriority=\"high\" decoding=\"async\" width=\"1024\" height=\"568\" src=\"https:\/\/utfpr-ct-static-content.s3.amazonaws.com\/utfpr.curitiba.br\/wp-content\/uploads\/sites\/44\/2024\/07\/WhatsApp-Image-2024-07-24-at-17.33.43-1024x568.jpeg\" alt=\"\" class=\"wp-image-2295\" srcset=\"https:\/\/utfpr-ct-static-content.s3.amazonaws.com\/utfpr.curitiba.br\/wp-content\/uploads\/sites\/44\/2024\/07\/WhatsApp-Image-2024-07-24-at-17.33.43-1024x568.jpeg 1024w, https:\/\/utfpr-ct-static-content.s3.amazonaws.com\/utfpr.curitiba.br\/wp-content\/uploads\/sites\/44\/2024\/07\/WhatsApp-Image-2024-07-24-at-17.33.43-300x166.jpeg 300w, https:\/\/utfpr-ct-static-content.s3.amazonaws.com\/utfpr.curitiba.br\/wp-content\/uploads\/sites\/44\/2024\/07\/WhatsApp-Image-2024-07-24-at-17.33.43-768x426.jpeg 768w, https:\/\/utfpr-ct-static-content.s3.amazonaws.com\/utfpr.curitiba.br\/wp-content\/uploads\/sites\/44\/2024\/07\/WhatsApp-Image-2024-07-24-at-17.33.43.jpeg 1048w\" sizes=\"(max-width: 1024px) 100vw, 1024px\" \/><\/figure>\n\n\n\n<div style=\"height:12px\" aria-hidden=\"true\" class=\"wp-block-spacer\"><\/div>\n\n\n\n<p>A parceria entre a Coted-CT e o FabTech visa desenvolver novos projetos de inova\u00e7\u00e3o e tecnologia, proporcionando um ambiente prop\u00edcio para a criatividade e o avan\u00e7o tecnol\u00f3gico. Esta colabora\u00e7\u00e3o fortalece o compromisso com a excel\u00eancia e a inova\u00e7\u00e3o, trazendo resultados concretos e inspiradores para a comunidade acad\u00eamica e al\u00e9m.<\/p>\n\n\n\n<figure class=\"wp-block-video\"><video height=\"848\" style=\"aspect-ratio: 476 \/ 848;\" width=\"476\" controls src=\"https:\/\/utfpr-ct-static-content.s3.amazonaws.com\/utfpr.curitiba.br\/wp-content\/uploads\/sites\/44\/2024\/07\/WhatsApp-Video-2024-07-24-at-17.34.31.mp4\"><\/video><\/figure>\n\n\n\n<div style=\"height:12px\" aria-hidden=\"true\" class=\"wp-block-spacer\"><\/div>\n\n\n\n<p>Conhe\u00e7a o FabTech<br>Integrado \u00e0 UTFPR, o FabTech faz parte do Parque Cient\u00edfico e Tecnol\u00f3gico do Campus Curitiba e est\u00e1 inserido no Vale do Pinh\u00e3o (ecossistema de inova\u00e7\u00e3o da Prefeitura de Curitiba). Este espa\u00e7o maker tamb\u00e9m \u00e9 reconhecido pela Secretaria de Parques Tecnol\u00f3gicos do Governo do Estado do Paran\u00e1 e conta com a parceria da incubadora Sprint do campus Curitiba. Com uma estrutura completa e inovadora, o FabTech oferece um ambiente equipado com impressoras 3D, fresadoras CNC, cortadoras a laser e uma vasta gama de ferramentas manuais e digitais para atender dos projetos simples aos mais desafiadores, como prototipagem r\u00e1pida e eficiente e cria\u00e7\u00f5es com laser de alta precis\u00e3o. Atende tamb\u00e9m projetos sob medida, com a possibilidade de produ\u00e7\u00e3o em pequena escala. Al\u00e9m disso, oferece consultorias especializadas para o desenvolvimento de novos produtos, ampliando as possibilidades criativas para inventores e empreendedores.<\/p>\n","protected":false},"excerpt":{"rendered":"<p>Em processo de repagina\u00e7\u00e3o de nossas salas e est\u00fadios, nossa equipe esteve no Fabtech, o fablab do Parque Tecnol\u00f3gico da UTFPR Campus Curitiba, mais um centro propulsor da cultura maker na cidade. Com equipamentos de ponta, o Fabtech nos ajudou a criar os moldes para a aplica\u00e7\u00e3o da marca UTFPR na Sala Multimeios e demais espa\u00e7os. Isso foi feito com a cortadora a laser, que pode cortar formas precisas e gravar detalhes intrincados em diferentes tipos de madeira, desde compensado at\u00e9 MDF. A parceria entre a Coted-CT e o FabTech visa desenvolver novos projetos de inova\u00e7\u00e3o e tecnologia, proporcionando um ambiente prop\u00edcio para a criatividade e o avan\u00e7o tecnol\u00f3gico. Esta colabora\u00e7\u00e3o fortalece o compromisso com a excel\u00eancia e a inova\u00e7\u00e3o, trazendo resultados concretos e inspiradores para a comunidade acad\u00eamica e al\u00e9m. Conhe\u00e7a o FabTechIntegrado \u00e0 UTFPR, o FabTech faz parte do Parque Cient\u00edfico e Tecnol\u00f3gico do Campus Curitiba e est\u00e1 inserido no Vale do Pinh\u00e3o (ecossistema de inova\u00e7\u00e3o da Prefeitura de Curitiba). Este espa\u00e7o maker tamb\u00e9m \u00e9 reconhecido pela Secretaria de Parques Tecnol\u00f3gicos do Governo do Estado do Paran\u00e1 e conta com a parceria da incubadora Sprint do campus Curitiba. Com uma estrutura completa e inovadora, o FabTech oferece um ambiente equipado com impressoras 3D, fresadoras CNC, cortadoras a laser e uma vasta gama de ferramentas manuais e digitais para atender dos projetos simples aos mais desafiadores, como prototipagem r\u00e1pida e eficiente e cria\u00e7\u00f5es com laser de alta precis\u00e3o. Atende tamb\u00e9m projetos sob medida, com a possibilidade de produ\u00e7\u00e3o em pequena escala. Al\u00e9m disso, oferece consultorias especializadas para o desenvolvimento de novos produtos, ampliando as possibilidades criativas para inventores e empreendedores.<\/p>\n","protected":false},"author":282,"featured_media":2298,"comment_status":"closed","ping_status":"open","sticky":false,"template":"","format":"standard","meta":{"site-sidebar-layout":"default","site-content-layout":"","ast-site-content-layout":"default","site-content-style":"default","site-sidebar-style":"default","ast-global-header-display":"","ast-banner-title-visibility":"","ast-main-header-display":"","ast-hfb-above-header-display":"","ast-hfb-below-header-display":"","ast-hfb-mobile-header-display":"","site-post-title":"","ast-breadcrumbs-content":"","ast-featured-img":"","footer-sml-layout":"","ast-disable-related-posts":"","theme-transparent-header-meta":"","adv-header-id-meta":"","stick-header-meta":"","header-above-stick-meta":"","header-main-stick-meta":"","header-below-stick-meta":"","astra-migrate-meta-layouts":"default","ast-page-background-enabled":"default","ast-page-background-meta":{"desktop":{"background-color":"var(--ast-global-color-4)","background-image":"","background-repeat":"repeat","background-position":"center center","background-size":"auto","background-attachment":"scroll","background-type":"","background-media":"","overlay-type":"","overlay-color":"","overlay-opacity":"","overlay-gradient":""},"tablet":{"background-color":"","background-image":"","background-repeat":"repeat","background-position":"center center","background-size":"auto","background-attachment":"scroll","background-type":"","background-media":"","overlay-type":"","overlay-color":"","overlay-opacity":"","overlay-gradient":""},"mobile":{"background-color":"","background-image":"","background-repeat":"repeat","background-position":"center center","background-size":"auto","background-attachment":"scroll","background-type":"","background-media":"","overlay-type":"","overlay-color":"","overlay-opacity":"","overlay-gradient":""}},"ast-content-background-meta":{"desktop":{"background-color":"var(--ast-global-color-5)","background-image":"","background-repeat":"repeat","background-position":"center center","background-size":"auto","background-attachment":"scroll","background-type":"","background-media":"","overlay-type":"","overlay-color":"","overlay-opacity":"","overlay-gradient":""},"tablet":{"background-color":"var(--ast-global-color-5)","background-image":"","background-repeat":"repeat","background-position":"center center","background-size":"auto","background-attachment":"scroll","background-type":"","background-media":"","overlay-type":"","overlay-color":"","overlay-opacity":"","overlay-gradient":""},"mobile":{"background-color":"var(--ast-global-color-5)","background-image":"","background-repeat":"repeat","background-position":"center center","background-size":"auto","background-attachment":"scroll","background-type":"","background-media":"","overlay-type":"","overlay-color":"","overlay-opacity":"","overlay-gradient":""}},"footnotes":""},"categories":[1],"tags":[],"class_list":["post-2293","post","type-post","status-publish","format-standard","has-post-thumbnail","hentry","category-institucional"],"yoast_head":"<!-- This site is optimized with the Yoast SEO plugin v27.4 - https:\/\/yoast.com\/product\/yoast-seo-wordpress\/ -->\n<title>Parceria Coted-CT e Fabtech: projetos criativos na pr\u00e1tica - Coordena\u00e7\u00e3o de Tecnologia na Educa\u00e7\u00e3o<\/title>\n<meta name=\"robots\" content=\"index, follow, max-snippet:-1, max-image-preview:large, max-video-preview:-1\" \/>\n<link rel=\"canonical\" href=\"https:\/\/utfpr.curitiba.br\/coted\/?p=2293\" \/>\n<meta property=\"og:locale\" content=\"pt_BR\" \/>\n<meta property=\"og:type\" content=\"article\" \/>\n<meta property=\"og:title\" content=\"Parceria Coted-CT e Fabtech: projetos criativos na pr\u00e1tica - Coordena\u00e7\u00e3o de Tecnologia na Educa\u00e7\u00e3o\" \/>\n<meta property=\"og:description\" content=\"Em processo de repagina\u00e7\u00e3o de nossas salas e est\u00fadios, nossa equipe esteve no Fabtech, o fablab do Parque Tecnol\u00f3gico da UTFPR Campus Curitiba, mais um centro propulsor da cultura maker na cidade. Com equipamentos de ponta, o Fabtech nos ajudou a criar os moldes para a aplica\u00e7\u00e3o da marca UTFPR na Sala Multimeios e demais espa\u00e7os. Isso foi feito com a cortadora a laser, que pode cortar formas precisas e gravar detalhes intrincados em diferentes tipos de madeira, desde compensado at\u00e9 MDF. A parceria entre a Coted-CT e o FabTech visa desenvolver novos projetos de inova\u00e7\u00e3o e tecnologia, proporcionando um ambiente prop\u00edcio para a criatividade e o avan\u00e7o tecnol\u00f3gico. Esta colabora\u00e7\u00e3o fortalece o compromisso com a excel\u00eancia e a inova\u00e7\u00e3o, trazendo resultados concretos e inspiradores para a comunidade acad\u00eamica e al\u00e9m. Conhe\u00e7a o FabTechIntegrado \u00e0 UTFPR, o FabTech faz parte do Parque Cient\u00edfico e Tecnol\u00f3gico do Campus Curitiba e est\u00e1 inserido no Vale do Pinh\u00e3o (ecossistema de inova\u00e7\u00e3o da Prefeitura de Curitiba). Este espa\u00e7o maker tamb\u00e9m \u00e9 reconhecido pela Secretaria de Parques Tecnol\u00f3gicos do Governo do Estado do Paran\u00e1 e conta com a parceria da incubadora Sprint do campus Curitiba. Com uma estrutura completa e inovadora, o FabTech oferece um ambiente equipado com impressoras 3D, fresadoras CNC, cortadoras a laser e uma vasta gama de ferramentas manuais e digitais para atender dos projetos simples aos mais desafiadores, como prototipagem r\u00e1pida e eficiente e cria\u00e7\u00f5es com laser de alta precis\u00e3o. Atende tamb\u00e9m projetos sob medida, com a possibilidade de produ\u00e7\u00e3o em pequena escala. Al\u00e9m disso, oferece consultorias especializadas para o desenvolvimento de novos produtos, ampliando as possibilidades criativas para inventores e empreendedores.\" \/>\n<meta property=\"og:url\" content=\"https:\/\/utfpr.curitiba.br\/coted\/?p=2293\" \/>\n<meta property=\"og:site_name\" content=\"Coordena\u00e7\u00e3o de Tecnologia na Educa\u00e7\u00e3o\" \/>\n<meta property=\"article:published_time\" content=\"2024-07-24T20:50:07+00:00\" \/>\n<meta property=\"article:modified_time\" content=\"2024-07-24T20:56:34+00:00\" \/>\n<meta property=\"og:image\" content=\"https:\/\/utfpr-ct-static-content.s3.amazonaws.com\/utfpr.curitiba.br\/wp-content\/uploads\/sites\/44\/2024\/07\/WhatsApp-Image-2024-07-24-at-17.33.42.jpeg\" \/>\n\t<meta property=\"og:image:width\" content=\"720\" \/>\n\t<meta property=\"og:image:height\" content=\"790\" \/>\n\t<meta property=\"og:image:type\" content=\"image\/jpeg\" \/>\n<meta name=\"author\" content=\"NICOLE FIORESE MALDONADO\" \/>\n<meta name=\"twitter:card\" content=\"summary_large_image\" \/>\n<meta name=\"twitter:label1\" content=\"Written by\" \/>\n\t<meta name=\"twitter:data1\" content=\"NICOLE FIORESE MALDONADO\" \/>\n\t<meta name=\"twitter:label2\" content=\"Est. reading time\" \/>\n\t<meta name=\"twitter:data2\" content=\"1 minuto\" \/>\n<script type=\"application\/ld+json\" class=\"yoast-schema-graph\">{\"@context\":\"https:\\\/\\\/schema.org\",\"@graph\":[{\"@type\":\"Article\",\"@id\":\"https:\\\/\\\/utfpr.curitiba.br\\\/coted\\\/?p=2293#article\",\"isPartOf\":{\"@id\":\"https:\\\/\\\/utfpr.curitiba.br\\\/coted\\\/?p=2293\"},\"author\":{\"name\":\"NICOLE FIORESE MALDONADO\",\"@id\":\"https:\\\/\\\/utfpr.curitiba.br\\\/coted\\\/#\\\/schema\\\/person\\\/5077ea1e423cf2e162a18bb5f0eba87e\"},\"headline\":\"Parceria Coted-CT e Fabtech: projetos criativos na pr\u00e1tica\",\"datePublished\":\"2024-07-24T20:50:07+00:00\",\"dateModified\":\"2024-07-24T20:56:34+00:00\",\"mainEntityOfPage\":{\"@id\":\"https:\\\/\\\/utfpr.curitiba.br\\\/coted\\\/?p=2293\"},\"wordCount\":306,\"publisher\":{\"@id\":\"https:\\\/\\\/utfpr.curitiba.br\\\/coted\\\/#organization\"},\"image\":{\"@id\":\"https:\\\/\\\/utfpr.curitiba.br\\\/coted\\\/?p=2293#primaryimage\"},\"thumbnailUrl\":\"https:\\\/\\\/utfpr-ct-static-content.s3.amazonaws.com\\\/utfpr.curitiba.br\\\/wp-content\\\/uploads\\\/sites\\\/44\\\/2024\\\/07\\\/WhatsApp-Image-2024-07-24-at-17.33.42.jpeg\",\"articleSection\":[\"Institucional\"],\"inLanguage\":\"pt-BR\"},{\"@type\":\"WebPage\",\"@id\":\"https:\\\/\\\/utfpr.curitiba.br\\\/coted\\\/?p=2293\",\"url\":\"https:\\\/\\\/utfpr.curitiba.br\\\/coted\\\/?p=2293\",\"name\":\"Parceria Coted-CT e Fabtech: projetos criativos na pr\u00e1tica - Coordena\u00e7\u00e3o de Tecnologia na Educa\u00e7\u00e3o\",\"isPartOf\":{\"@id\":\"https:\\\/\\\/utfpr.curitiba.br\\\/coted\\\/#website\"},\"primaryImageOfPage\":{\"@id\":\"https:\\\/\\\/utfpr.curitiba.br\\\/coted\\\/?p=2293#primaryimage\"},\"image\":{\"@id\":\"https:\\\/\\\/utfpr.curitiba.br\\\/coted\\\/?p=2293#primaryimage\"},\"thumbnailUrl\":\"https:\\\/\\\/utfpr-ct-static-content.s3.amazonaws.com\\\/utfpr.curitiba.br\\\/wp-content\\\/uploads\\\/sites\\\/44\\\/2024\\\/07\\\/WhatsApp-Image-2024-07-24-at-17.33.42.jpeg\",\"datePublished\":\"2024-07-24T20:50:07+00:00\",\"dateModified\":\"2024-07-24T20:56:34+00:00\",\"breadcrumb\":{\"@id\":\"https:\\\/\\\/utfpr.curitiba.br\\\/coted\\\/?p=2293#breadcrumb\"},\"inLanguage\":\"pt-BR\",\"potentialAction\":[{\"@type\":\"ReadAction\",\"target\":[\"https:\\\/\\\/utfpr.curitiba.br\\\/coted\\\/?p=2293\"]}]},{\"@type\":\"ImageObject\",\"inLanguage\":\"pt-BR\",\"@id\":\"https:\\\/\\\/utfpr.curitiba.br\\\/coted\\\/?p=2293#primaryimage\",\"url\":\"https:\\\/\\\/utfpr-ct-static-content.s3.amazonaws.com\\\/utfpr.curitiba.br\\\/wp-content\\\/uploads\\\/sites\\\/44\\\/2024\\\/07\\\/WhatsApp-Image-2024-07-24-at-17.33.42.jpeg\",\"contentUrl\":\"https:\\\/\\\/utfpr-ct-static-content.s3.amazonaws.com\\\/utfpr.curitiba.br\\\/wp-content\\\/uploads\\\/sites\\\/44\\\/2024\\\/07\\\/WhatsApp-Image-2024-07-24-at-17.33.42.jpeg\",\"width\":720,\"height\":790},{\"@type\":\"BreadcrumbList\",\"@id\":\"https:\\\/\\\/utfpr.curitiba.br\\\/coted\\\/?p=2293#breadcrumb\",\"itemListElement\":[{\"@type\":\"ListItem\",\"position\":1,\"name\":\"Home\",\"item\":\"https:\\\/\\\/utfpr.curitiba.br\\\/coted\\\/\"},{\"@type\":\"ListItem\",\"position\":2,\"name\":\"Parceria Coted-CT e Fabtech: projetos criativos na pr\u00e1tica\"}]},{\"@type\":\"WebSite\",\"@id\":\"https:\\\/\\\/utfpr.curitiba.br\\\/coted\\\/#website\",\"url\":\"https:\\\/\\\/utfpr.curitiba.br\\\/coted\\\/\",\"name\":\"COTED\",\"description\":\"Coordena\u00e7\u00e3o de Tecnologia na Educa\u00e7\u00e3o\",\"publisher\":{\"@id\":\"https:\\\/\\\/utfpr.curitiba.br\\\/coted\\\/#organization\"},\"alternateName\":\"COTED Curitiba\",\"potentialAction\":[{\"@type\":\"SearchAction\",\"target\":{\"@type\":\"EntryPoint\",\"urlTemplate\":\"https:\\\/\\\/utfpr.curitiba.br\\\/coted\\\/?s={search_term_string}\"},\"query-input\":{\"@type\":\"PropertyValueSpecification\",\"valueRequired\":true,\"valueName\":\"search_term_string\"}}],\"inLanguage\":\"pt-BR\"},{\"@type\":\"Organization\",\"@id\":\"https:\\\/\\\/utfpr.curitiba.br\\\/coted\\\/#organization\",\"name\":\"Coordena\u00e7\u00e3o de Tecnologia na Educa\u00e7\u00e3o\",\"alternateName\":\"coted curitiba\",\"url\":\"https:\\\/\\\/utfpr.curitiba.br\\\/coted\\\/\",\"logo\":{\"@type\":\"ImageObject\",\"inLanguage\":\"pt-BR\",\"@id\":\"https:\\\/\\\/utfpr.curitiba.br\\\/coted\\\/#\\\/schema\\\/logo\\\/image\\\/\",\"url\":\"https:\\\/\\\/utfpr-ct-static-content.s3.amazonaws.com\\\/utfpr.curitiba.br\\\/wp-content\\\/uploads\\\/sites\\\/44\\\/2023\\\/10\\\/LogotipoCOTED-campus.png\",\"contentUrl\":\"https:\\\/\\\/utfpr-ct-static-content.s3.amazonaws.com\\\/utfpr.curitiba.br\\\/wp-content\\\/uploads\\\/sites\\\/44\\\/2023\\\/10\\\/LogotipoCOTED-campus.png\",\"width\":1076,\"height\":276,\"caption\":\"Coordena\u00e7\u00e3o de Tecnologia na Educa\u00e7\u00e3o\"},\"image\":{\"@id\":\"https:\\\/\\\/utfpr.curitiba.br\\\/coted\\\/#\\\/schema\\\/logo\\\/image\\\/\"},\"sameAs\":[\"https:\\\/\\\/www.instagram.com\\\/coted.ct\\\/\"]},{\"@type\":\"Person\",\"@id\":\"https:\\\/\\\/utfpr.curitiba.br\\\/coted\\\/#\\\/schema\\\/person\\\/5077ea1e423cf2e162a18bb5f0eba87e\",\"name\":\"NICOLE FIORESE MALDONADO\",\"image\":{\"@type\":\"ImageObject\",\"inLanguage\":\"pt-BR\",\"@id\":\"https:\\\/\\\/secure.gravatar.com\\\/avatar\\\/83cf6f53732eb4f50d8113215e7eb69fb218fa4a7664ae8e20c34990db93ee8d?s=96&d=mm&r=g\",\"url\":\"https:\\\/\\\/secure.gravatar.com\\\/avatar\\\/83cf6f53732eb4f50d8113215e7eb69fb218fa4a7664ae8e20c34990db93ee8d?s=96&d=mm&r=g\",\"contentUrl\":\"https:\\\/\\\/secure.gravatar.com\\\/avatar\\\/83cf6f53732eb4f50d8113215e7eb69fb218fa4a7664ae8e20c34990db93ee8d?s=96&d=mm&r=g\",\"caption\":\"NICOLE FIORESE MALDONADO\"},\"url\":\"https:\\\/\\\/utfpr.curitiba.br\\\/coted\\\/?author=282\"}]}<\/script>\n<!-- \/ Yoast SEO plugin. -->","yoast_head_json":{"title":"Parceria Coted-CT e Fabtech: projetos criativos na pr\u00e1tica - Coordena\u00e7\u00e3o de Tecnologia na Educa\u00e7\u00e3o","robots":{"index":"index","follow":"follow","max-snippet":"max-snippet:-1","max-image-preview":"max-image-preview:large","max-video-preview":"max-video-preview:-1"},"canonical":"https:\/\/utfpr.curitiba.br\/coted\/?p=2293","og_locale":"pt_BR","og_type":"article","og_title":"Parceria Coted-CT e Fabtech: projetos criativos na pr\u00e1tica - Coordena\u00e7\u00e3o de Tecnologia na Educa\u00e7\u00e3o","og_description":"Em processo de repagina\u00e7\u00e3o de nossas salas e est\u00fadios, nossa equipe esteve no Fabtech, o fablab do Parque Tecnol\u00f3gico da UTFPR Campus Curitiba, mais um centro propulsor da cultura maker na cidade. Com equipamentos de ponta, o Fabtech nos ajudou a criar os moldes para a aplica\u00e7\u00e3o da marca UTFPR na Sala Multimeios e demais espa\u00e7os. Isso foi feito com a cortadora a laser, que pode cortar formas precisas e gravar detalhes intrincados em diferentes tipos de madeira, desde compensado at\u00e9 MDF. A parceria entre a Coted-CT e o FabTech visa desenvolver novos projetos de inova\u00e7\u00e3o e tecnologia, proporcionando um ambiente prop\u00edcio para a criatividade e o avan\u00e7o tecnol\u00f3gico. Esta colabora\u00e7\u00e3o fortalece o compromisso com a excel\u00eancia e a inova\u00e7\u00e3o, trazendo resultados concretos e inspiradores para a comunidade acad\u00eamica e al\u00e9m. Conhe\u00e7a o FabTechIntegrado \u00e0 UTFPR, o FabTech faz parte do Parque Cient\u00edfico e Tecnol\u00f3gico do Campus Curitiba e est\u00e1 inserido no Vale do Pinh\u00e3o (ecossistema de inova\u00e7\u00e3o da Prefeitura de Curitiba). Este espa\u00e7o maker tamb\u00e9m \u00e9 reconhecido pela Secretaria de Parques Tecnol\u00f3gicos do Governo do Estado do Paran\u00e1 e conta com a parceria da incubadora Sprint do campus Curitiba. Com uma estrutura completa e inovadora, o FabTech oferece um ambiente equipado com impressoras 3D, fresadoras CNC, cortadoras a laser e uma vasta gama de ferramentas manuais e digitais para atender dos projetos simples aos mais desafiadores, como prototipagem r\u00e1pida e eficiente e cria\u00e7\u00f5es com laser de alta precis\u00e3o. Atende tamb\u00e9m projetos sob medida, com a possibilidade de produ\u00e7\u00e3o em pequena escala. Al\u00e9m disso, oferece consultorias especializadas para o desenvolvimento de novos produtos, ampliando as possibilidades criativas para inventores e empreendedores.","og_url":"https:\/\/utfpr.curitiba.br\/coted\/?p=2293","og_site_name":"Coordena\u00e7\u00e3o de Tecnologia na Educa\u00e7\u00e3o","article_published_time":"2024-07-24T20:50:07+00:00","article_modified_time":"2024-07-24T20:56:34+00:00","og_image":[{"width":720,"height":790,"url":"https:\/\/utfpr-ct-static-content.s3.amazonaws.com\/utfpr.curitiba.br\/wp-content\/uploads\/sites\/44\/2024\/07\/WhatsApp-Image-2024-07-24-at-17.33.42.jpeg","type":"image\/jpeg"}],"author":"NICOLE FIORESE MALDONADO","twitter_card":"summary_large_image","twitter_misc":{"Written by":"NICOLE FIORESE MALDONADO","Est. reading time":"1 minuto"},"schema":{"@context":"https:\/\/schema.org","@graph":[{"@type":"Article","@id":"https:\/\/utfpr.curitiba.br\/coted\/?p=2293#article","isPartOf":{"@id":"https:\/\/utfpr.curitiba.br\/coted\/?p=2293"},"author":{"name":"NICOLE FIORESE MALDONADO","@id":"https:\/\/utfpr.curitiba.br\/coted\/#\/schema\/person\/5077ea1e423cf2e162a18bb5f0eba87e"},"headline":"Parceria Coted-CT e Fabtech: projetos criativos na pr\u00e1tica","datePublished":"2024-07-24T20:50:07+00:00","dateModified":"2024-07-24T20:56:34+00:00","mainEntityOfPage":{"@id":"https:\/\/utfpr.curitiba.br\/coted\/?p=2293"},"wordCount":306,"publisher":{"@id":"https:\/\/utfpr.curitiba.br\/coted\/#organization"},"image":{"@id":"https:\/\/utfpr.curitiba.br\/coted\/?p=2293#primaryimage"},"thumbnailUrl":"https:\/\/utfpr-ct-static-content.s3.amazonaws.com\/utfpr.curitiba.br\/wp-content\/uploads\/sites\/44\/2024\/07\/WhatsApp-Image-2024-07-24-at-17.33.42.jpeg","articleSection":["Institucional"],"inLanguage":"pt-BR"},{"@type":"WebPage","@id":"https:\/\/utfpr.curitiba.br\/coted\/?p=2293","url":"https:\/\/utfpr.curitiba.br\/coted\/?p=2293","name":"Parceria Coted-CT e Fabtech: projetos criativos na pr\u00e1tica - Coordena\u00e7\u00e3o de Tecnologia na Educa\u00e7\u00e3o","isPartOf":{"@id":"https:\/\/utfpr.curitiba.br\/coted\/#website"},"primaryImageOfPage":{"@id":"https:\/\/utfpr.curitiba.br\/coted\/?p=2293#primaryimage"},"image":{"@id":"https:\/\/utfpr.curitiba.br\/coted\/?p=2293#primaryimage"},"thumbnailUrl":"https:\/\/utfpr-ct-static-content.s3.amazonaws.com\/utfpr.curitiba.br\/wp-content\/uploads\/sites\/44\/2024\/07\/WhatsApp-Image-2024-07-24-at-17.33.42.jpeg","datePublished":"2024-07-24T20:50:07+00:00","dateModified":"2024-07-24T20:56:34+00:00","breadcrumb":{"@id":"https:\/\/utfpr.curitiba.br\/coted\/?p=2293#breadcrumb"},"inLanguage":"pt-BR","potentialAction":[{"@type":"ReadAction","target":["https:\/\/utfpr.curitiba.br\/coted\/?p=2293"]}]},{"@type":"ImageObject","inLanguage":"pt-BR","@id":"https:\/\/utfpr.curitiba.br\/coted\/?p=2293#primaryimage","url":"https:\/\/utfpr-ct-static-content.s3.amazonaws.com\/utfpr.curitiba.br\/wp-content\/uploads\/sites\/44\/2024\/07\/WhatsApp-Image-2024-07-24-at-17.33.42.jpeg","contentUrl":"https:\/\/utfpr-ct-static-content.s3.amazonaws.com\/utfpr.curitiba.br\/wp-content\/uploads\/sites\/44\/2024\/07\/WhatsApp-Image-2024-07-24-at-17.33.42.jpeg","width":720,"height":790},{"@type":"BreadcrumbList","@id":"https:\/\/utfpr.curitiba.br\/coted\/?p=2293#breadcrumb","itemListElement":[{"@type":"ListItem","position":1,"name":"Home","item":"https:\/\/utfpr.curitiba.br\/coted\/"},{"@type":"ListItem","position":2,"name":"Parceria Coted-CT e Fabtech: projetos criativos na pr\u00e1tica"}]},{"@type":"WebSite","@id":"https:\/\/utfpr.curitiba.br\/coted\/#website","url":"https:\/\/utfpr.curitiba.br\/coted\/","name":"COTED","description":"Coordena\u00e7\u00e3o de Tecnologia na Educa\u00e7\u00e3o","publisher":{"@id":"https:\/\/utfpr.curitiba.br\/coted\/#organization"},"alternateName":"COTED Curitiba","potentialAction":[{"@type":"SearchAction","target":{"@type":"EntryPoint","urlTemplate":"https:\/\/utfpr.curitiba.br\/coted\/?s={search_term_string}"},"query-input":{"@type":"PropertyValueSpecification","valueRequired":true,"valueName":"search_term_string"}}],"inLanguage":"pt-BR"},{"@type":"Organization","@id":"https:\/\/utfpr.curitiba.br\/coted\/#organization","name":"Coordena\u00e7\u00e3o de Tecnologia na Educa\u00e7\u00e3o","alternateName":"coted curitiba","url":"https:\/\/utfpr.curitiba.br\/coted\/","logo":{"@type":"ImageObject","inLanguage":"pt-BR","@id":"https:\/\/utfpr.curitiba.br\/coted\/#\/schema\/logo\/image\/","url":"https:\/\/utfpr-ct-static-content.s3.amazonaws.com\/utfpr.curitiba.br\/wp-content\/uploads\/sites\/44\/2023\/10\/LogotipoCOTED-campus.png","contentUrl":"https:\/\/utfpr-ct-static-content.s3.amazonaws.com\/utfpr.curitiba.br\/wp-content\/uploads\/sites\/44\/2023\/10\/LogotipoCOTED-campus.png","width":1076,"height":276,"caption":"Coordena\u00e7\u00e3o de Tecnologia na Educa\u00e7\u00e3o"},"image":{"@id":"https:\/\/utfpr.curitiba.br\/coted\/#\/schema\/logo\/image\/"},"sameAs":["https:\/\/www.instagram.com\/coted.ct\/"]},{"@type":"Person","@id":"https:\/\/utfpr.curitiba.br\/coted\/#\/schema\/person\/5077ea1e423cf2e162a18bb5f0eba87e","name":"NICOLE FIORESE MALDONADO","image":{"@type":"ImageObject","inLanguage":"pt-BR","@id":"https:\/\/secure.gravatar.com\/avatar\/83cf6f53732eb4f50d8113215e7eb69fb218fa4a7664ae8e20c34990db93ee8d?s=96&d=mm&r=g","url":"https:\/\/secure.gravatar.com\/avatar\/83cf6f53732eb4f50d8113215e7eb69fb218fa4a7664ae8e20c34990db93ee8d?s=96&d=mm&r=g","contentUrl":"https:\/\/secure.gravatar.com\/avatar\/83cf6f53732eb4f50d8113215e7eb69fb218fa4a7664ae8e20c34990db93ee8d?s=96&d=mm&r=g","caption":"NICOLE FIORESE MALDONADO"},"url":"https:\/\/utfpr.curitiba.br\/coted\/?author=282"}]}},"_links":{"self":[{"href":"https:\/\/utfpr.curitiba.br\/coted\/index.php?rest_route=\/wp\/v2\/posts\/2293","targetHints":{"allow":["GET"]}}],"collection":[{"href":"https:\/\/utfpr.curitiba.br\/coted\/index.php?rest_route=\/wp\/v2\/posts"}],"about":[{"href":"https:\/\/utfpr.curitiba.br\/coted\/index.php?rest_route=\/wp\/v2\/types\/post"}],"author":[{"embeddable":true,"href":"https:\/\/utfpr.curitiba.br\/coted\/index.php?rest_route=\/wp\/v2\/users\/282"}],"replies":[{"embeddable":true,"href":"https:\/\/utfpr.curitiba.br\/coted\/index.php?rest_route=%2Fwp%2Fv2%2Fcomments&post=2293"}],"version-history":[{"count":3,"href":"https:\/\/utfpr.curitiba.br\/coted\/index.php?rest_route=\/wp\/v2\/posts\/2293\/revisions"}],"predecessor-version":[{"id":2301,"href":"https:\/\/utfpr.curitiba.br\/coted\/index.php?rest_route=\/wp\/v2\/posts\/2293\/revisions\/2301"}],"wp:featuredmedia":[{"embeddable":true,"href":"https:\/\/utfpr.curitiba.br\/coted\/index.php?rest_route=\/wp\/v2\/media\/2298"}],"wp:attachment":[{"href":"https:\/\/utfpr.curitiba.br\/coted\/index.php?rest_route=%2Fwp%2Fv2%2Fmedia&parent=2293"}],"wp:term":[{"taxonomy":"category","embeddable":true,"href":"https:\/\/utfpr.curitiba.br\/coted\/index.php?rest_route=%2Fwp%2Fv2%2Fcategories&post=2293"},{"taxonomy":"post_tag","embeddable":true,"href":"https:\/\/utfpr.curitiba.br\/coted\/index.php?rest_route=%2Fwp%2Fv2%2Ftags&post=2293"}],"curies":[{"name":"wp","href":"https:\/\/api.w.org\/{rel}","templated":true}]}}