{"id":2262,"date":"2024-06-04T14:40:05","date_gmt":"2024-06-04T17:40:05","guid":{"rendered":"https:\/\/utfpr.curitiba.br\/coted\/?p=2262"},"modified":"2024-06-04T14:43:16","modified_gmt":"2024-06-04T17:43:16","slug":"sala-multimeios-didaticos-foi-local-de-abertura-e-palestras-do-designthon","status":"publish","type":"post","link":"https:\/\/utfpr.curitiba.br\/coted\/?p=2262","title":{"rendered":"Sala Multimeios Did\u00e1ticos foi local de abertura e palestras do DESIGNTHON"},"content":{"rendered":"\n<div style=\"height:1px\" aria-hidden=\"true\" class=\"wp-block-spacer\"><\/div>\n\n\n\n<p>Entre os dias 13 e 18 de maio foi realizado o DesignThon, evento da Incubadora Sprint da UTFPR em parceria com o Grupo Botic\u00e1rio para estudantes e rec\u00e9m-formados da universidade.<\/p>\n\n\n\n<p>O DesignThon \u00e9 um hackathon de design de embalagens que consiste em propor desafios de design em forma de maratona competitiva, para que os participantes solucionem problemas de forma criativa e inovadora.<\/p>\n\n\n\n<p>Al\u00e9m das atividades desafiadoras, o evento contou com 8 palestras abertas \u00e0 comunidade sobre temas relacionados a design de embalagens e produtos, todas elas aconteceram de forma h\u00edbrida a partir da Sala Multimeio Did\u00e1ticos que possui estrutura de ponta para transmiss\u00e3o de \u00e1udio e v\u00eddeo.<\/p>\n\n\n\n<p>O Professor Giuseppe Pintaude, coordenador do Programa de Empreendedorismo do Campus Curitiba destacou a import\u00e2ncia da infraestrutura para a realiza\u00e7\u00e3o do evento <em>&#8220;O DesignThon ter usado a Sala Multimeios para o dia de kick-off e transmiss\u00e3o dos conte\u00fados t\u00e9cnicos foi uma experi\u00eancia que impactou o evento como um todo. Os estudantes puderam fazer uso da sala de forma presencial, para trocar ideias, mas puderam optar pelo sistema remoto, facilitando para quem n\u00e3o pode se fazer presente. Certamente este aspecto, junto ao conforto proporcionado pelo espa\u00e7o, fez muita diferen\u00e7a para o andamento da competi\u00e7\u00e3o.&#8221;<\/em><\/p>\n\n\n\n<p>Ao fim das atividades da maratona a equipe Cal\u00eandula foi a grande vencedora, formada pelos alunos: Luryam Ferreira Barreto Miranda (Engenharia Mecatr\u00f4nica), Laura Tieme (Design), Laura Nalio Costa (Bacharelado em Design), Nathalia Mesquita Costa (Bacharelado em Design) e Maria Eduarda Lima Lopes (Bacharelado em Design) e pela madrinha Elaine Garcia de Lima, professora no Departamento de Desenho Industrial.<\/p>\n\n\n\n<figure class=\"wp-block-image aligncenter size-large\"><img fetchpriority=\"high\" decoding=\"async\" width=\"768\" height=\"1024\" src=\"https:\/\/utfpr-ct-static-content.s3.amazonaws.com\/utfpr.curitiba.br\/wp-content\/uploads\/sites\/44\/2024\/06\/imagem-2-768x1024.jpeg\" alt=\"\" class=\"wp-image-2264\" srcset=\"https:\/\/utfpr-ct-static-content.s3.amazonaws.com\/utfpr.curitiba.br\/wp-content\/uploads\/sites\/44\/2024\/06\/imagem-2-768x1024.jpeg 768w, https:\/\/utfpr-ct-static-content.s3.amazonaws.com\/utfpr.curitiba.br\/wp-content\/uploads\/sites\/44\/2024\/06\/imagem-2-225x300.jpeg 225w, https:\/\/utfpr-ct-static-content.s3.amazonaws.com\/utfpr.curitiba.br\/wp-content\/uploads\/sites\/44\/2024\/06\/imagem-2.jpeg 960w\" sizes=\"(max-width: 768px) 100vw, 768px\" \/><\/figure>\n\n\n\n<div style=\"height:27px\" aria-hidden=\"true\" class=\"wp-block-spacer\"><\/div>\n\n\n\n<p>Como pr\u00eamio, os estudantes participar\u00e3o da DEXCONF 2024, o maior encontro da comunidade brasileira de UX e grandes especialistas do mercado para compartilhar ideias e discutir o impacto do design de experi\u00eancia no cen\u00e1rio global que acontecer\u00e1 em S\u00e3o Paulo em junho.<\/p>\n","protected":false},"excerpt":{"rendered":"<p>Entre os dias 13 e 18 de maio foi realizado o DesignThon, evento da Incubadora Sprint da UTFPR em parceria com o Grupo Botic\u00e1rio para estudantes e rec\u00e9m-formados da universidade. O DesignThon \u00e9 um hackathon de design de embalagens que consiste em propor desafios de design em forma de maratona competitiva, para que os participantes solucionem problemas de forma criativa e inovadora. Al\u00e9m das atividades desafiadoras, o evento contou com 8 palestras abertas \u00e0 comunidade sobre temas relacionados a design de embalagens e produtos, todas elas aconteceram de forma h\u00edbrida a partir da Sala Multimeio Did\u00e1ticos que possui estrutura de ponta para transmiss\u00e3o de \u00e1udio e v\u00eddeo. O Professor Giuseppe Pintaude, coordenador do Programa de Empreendedorismo do Campus Curitiba destacou a import\u00e2ncia da infraestrutura para a realiza\u00e7\u00e3o do evento &#8220;O DesignThon ter usado a Sala Multimeios para o dia de kick-off e transmiss\u00e3o dos conte\u00fados t\u00e9cnicos foi uma experi\u00eancia que impactou o evento como um todo. Os estudantes puderam fazer uso da sala de forma presencial, para trocar ideias, mas puderam optar pelo sistema remoto, facilitando para quem n\u00e3o pode se fazer presente. Certamente este aspecto, junto ao conforto proporcionado pelo espa\u00e7o, fez muita diferen\u00e7a para o andamento da competi\u00e7\u00e3o.&#8221; Ao fim das atividades da maratona a equipe Cal\u00eandula foi a grande vencedora, formada pelos alunos: Luryam Ferreira Barreto Miranda (Engenharia Mecatr\u00f4nica), Laura Tieme (Design), Laura Nalio Costa (Bacharelado em Design), Nathalia Mesquita Costa (Bacharelado em Design) e Maria Eduarda Lima Lopes (Bacharelado em Design) e pela madrinha Elaine Garcia de Lima, professora no Departamento de Desenho Industrial. Como pr\u00eamio, os estudantes participar\u00e3o da DEXCONF 2024, o maior encontro da comunidade brasileira de UX e grandes especialistas do mercado para compartilhar ideias e discutir o impacto do design de experi\u00eancia no cen\u00e1rio global que acontecer\u00e1 em S\u00e3o Paulo em junho.<\/p>\n","protected":false},"author":282,"featured_media":2263,"comment_status":"closed","ping_status":"open","sticky":false,"template":"","format":"standard","meta":{"site-sidebar-layout":"default","site-content-layout":"","ast-site-content-layout":"default","site-content-style":"default","site-sidebar-style":"default","ast-global-header-display":"","ast-banner-title-visibility":"","ast-main-header-display":"","ast-hfb-above-header-display":"","ast-hfb-below-header-display":"","ast-hfb-mobile-header-display":"","site-post-title":"","ast-breadcrumbs-content":"","ast-featured-img":"","footer-sml-layout":"","ast-disable-related-posts":"","theme-transparent-header-meta":"","adv-header-id-meta":"","stick-header-meta":"","header-above-stick-meta":"","header-main-stick-meta":"","header-below-stick-meta":"","astra-migrate-meta-layouts":"default","ast-page-background-enabled":"default","ast-page-background-meta":{"desktop":{"background-color":"var(--ast-global-color-4)","background-image":"","background-repeat":"repeat","background-position":"center center","background-size":"auto","background-attachment":"scroll","background-type":"","background-media":"","overlay-type":"","overlay-color":"","overlay-opacity":"","overlay-gradient":""},"tablet":{"background-color":"","background-image":"","background-repeat":"repeat","background-position":"center center","background-size":"auto","background-attachment":"scroll","background-type":"","background-media":"","overlay-type":"","overlay-color":"","overlay-opacity":"","overlay-gradient":""},"mobile":{"background-color":"","background-image":"","background-repeat":"repeat","background-position":"center center","background-size":"auto","background-attachment":"scroll","background-type":"","background-media":"","overlay-type":"","overlay-color":"","overlay-opacity":"","overlay-gradient":""}},"ast-content-background-meta":{"desktop":{"background-color":"var(--ast-global-color-5)","background-image":"","background-repeat":"repeat","background-position":"center center","background-size":"auto","background-attachment":"scroll","background-type":"","background-media":"","overlay-type":"","overlay-color":"","overlay-opacity":"","overlay-gradient":""},"tablet":{"background-color":"var(--ast-global-color-5)","background-image":"","background-repeat":"repeat","background-position":"center center","background-size":"auto","background-attachment":"scroll","background-type":"","background-media":"","overlay-type":"","overlay-color":"","overlay-opacity":"","overlay-gradient":""},"mobile":{"background-color":"var(--ast-global-color-5)","background-image":"","background-repeat":"repeat","background-position":"center center","background-size":"auto","background-attachment":"scroll","background-type":"","background-media":"","overlay-type":"","overlay-color":"","overlay-opacity":"","overlay-gradient":""}},"footnotes":""},"categories":[1],"tags":[],"class_list":["post-2262","post","type-post","status-publish","format-standard","has-post-thumbnail","hentry","category-institucional"],"yoast_head":"<!-- This site is optimized with the Yoast SEO plugin v27.4 - https:\/\/yoast.com\/product\/yoast-seo-wordpress\/ -->\n<title>Sala Multimeios Did\u00e1ticos foi local de abertura e palestras do DESIGNTHON - Coordena\u00e7\u00e3o de Tecnologia na Educa\u00e7\u00e3o<\/title>\n<meta name=\"robots\" content=\"index, follow, max-snippet:-1, max-image-preview:large, max-video-preview:-1\" \/>\n<link rel=\"canonical\" href=\"https:\/\/utfpr.curitiba.br\/coted\/?p=2262\" \/>\n<meta property=\"og:locale\" content=\"pt_BR\" \/>\n<meta property=\"og:type\" content=\"article\" \/>\n<meta property=\"og:title\" content=\"Sala Multimeios Did\u00e1ticos foi local de abertura e palestras do DESIGNTHON - Coordena\u00e7\u00e3o de Tecnologia na Educa\u00e7\u00e3o\" \/>\n<meta property=\"og:description\" content=\"Entre os dias 13 e 18 de maio foi realizado o DesignThon, evento da Incubadora Sprint da UTFPR em parceria com o Grupo Botic\u00e1rio para estudantes e rec\u00e9m-formados da universidade. O DesignThon \u00e9 um hackathon de design de embalagens que consiste em propor desafios de design em forma de maratona competitiva, para que os participantes solucionem problemas de forma criativa e inovadora. Al\u00e9m das atividades desafiadoras, o evento contou com 8 palestras abertas \u00e0 comunidade sobre temas relacionados a design de embalagens e produtos, todas elas aconteceram de forma h\u00edbrida a partir da Sala Multimeio Did\u00e1ticos que possui estrutura de ponta para transmiss\u00e3o de \u00e1udio e v\u00eddeo. O Professor Giuseppe Pintaude, coordenador do Programa de Empreendedorismo do Campus Curitiba destacou a import\u00e2ncia da infraestrutura para a realiza\u00e7\u00e3o do evento &#8220;O DesignThon ter usado a Sala Multimeios para o dia de kick-off e transmiss\u00e3o dos conte\u00fados t\u00e9cnicos foi uma experi\u00eancia que impactou o evento como um todo. Os estudantes puderam fazer uso da sala de forma presencial, para trocar ideias, mas puderam optar pelo sistema remoto, facilitando para quem n\u00e3o pode se fazer presente. Certamente este aspecto, junto ao conforto proporcionado pelo espa\u00e7o, fez muita diferen\u00e7a para o andamento da competi\u00e7\u00e3o.&#8221; Ao fim das atividades da maratona a equipe Cal\u00eandula foi a grande vencedora, formada pelos alunos: Luryam Ferreira Barreto Miranda (Engenharia Mecatr\u00f4nica), Laura Tieme (Design), Laura Nalio Costa (Bacharelado em Design), Nathalia Mesquita Costa (Bacharelado em Design) e Maria Eduarda Lima Lopes (Bacharelado em Design) e pela madrinha Elaine Garcia de Lima, professora no Departamento de Desenho Industrial. Como pr\u00eamio, os estudantes participar\u00e3o da DEXCONF 2024, o maior encontro da comunidade brasileira de UX e grandes especialistas do mercado para compartilhar ideias e discutir o impacto do design de experi\u00eancia no cen\u00e1rio global que acontecer\u00e1 em S\u00e3o Paulo em junho.\" \/>\n<meta property=\"og:url\" content=\"https:\/\/utfpr.curitiba.br\/coted\/?p=2262\" \/>\n<meta property=\"og:site_name\" content=\"Coordena\u00e7\u00e3o de Tecnologia na Educa\u00e7\u00e3o\" \/>\n<meta property=\"article:published_time\" content=\"2024-06-04T17:40:05+00:00\" \/>\n<meta property=\"article:modified_time\" content=\"2024-06-04T17:43:16+00:00\" \/>\n<meta property=\"og:image\" content=\"https:\/\/utfpr-ct-static-content.s3.amazonaws.com\/utfpr.curitiba.br\/wp-content\/uploads\/sites\/44\/2024\/06\/imagem-1.jpeg\" \/>\n\t<meta property=\"og:image:width\" content=\"1280\" \/>\n\t<meta property=\"og:image:height\" content=\"960\" \/>\n\t<meta property=\"og:image:type\" content=\"image\/jpeg\" \/>\n<meta name=\"author\" content=\"NICOLE FIORESE MALDONADO\" \/>\n<meta name=\"twitter:card\" content=\"summary_large_image\" \/>\n<meta name=\"twitter:label1\" content=\"Written by\" \/>\n\t<meta name=\"twitter:data1\" content=\"NICOLE FIORESE MALDONADO\" \/>\n\t<meta name=\"twitter:label2\" content=\"Est. reading time\" \/>\n\t<meta name=\"twitter:data2\" content=\"2 minutos\" \/>\n<script type=\"application\/ld+json\" class=\"yoast-schema-graph\">{\"@context\":\"https:\\\/\\\/schema.org\",\"@graph\":[{\"@type\":\"Article\",\"@id\":\"https:\\\/\\\/utfpr.curitiba.br\\\/coted\\\/?p=2262#article\",\"isPartOf\":{\"@id\":\"https:\\\/\\\/utfpr.curitiba.br\\\/coted\\\/?p=2262\"},\"author\":{\"name\":\"NICOLE FIORESE MALDONADO\",\"@id\":\"https:\\\/\\\/utfpr.curitiba.br\\\/coted\\\/#\\\/schema\\\/person\\\/5077ea1e423cf2e162a18bb5f0eba87e\"},\"headline\":\"Sala Multimeios Did\u00e1ticos foi local de abertura e palestras do DESIGNTHON\",\"datePublished\":\"2024-06-04T17:40:05+00:00\",\"dateModified\":\"2024-06-04T17:43:16+00:00\",\"mainEntityOfPage\":{\"@id\":\"https:\\\/\\\/utfpr.curitiba.br\\\/coted\\\/?p=2262\"},\"wordCount\":330,\"publisher\":{\"@id\":\"https:\\\/\\\/utfpr.curitiba.br\\\/coted\\\/#organization\"},\"image\":{\"@id\":\"https:\\\/\\\/utfpr.curitiba.br\\\/coted\\\/?p=2262#primaryimage\"},\"thumbnailUrl\":\"https:\\\/\\\/utfpr-ct-static-content.s3.amazonaws.com\\\/utfpr.curitiba.br\\\/wp-content\\\/uploads\\\/sites\\\/44\\\/2024\\\/06\\\/imagem-1.jpeg\",\"articleSection\":[\"Institucional\"],\"inLanguage\":\"pt-BR\"},{\"@type\":\"WebPage\",\"@id\":\"https:\\\/\\\/utfpr.curitiba.br\\\/coted\\\/?p=2262\",\"url\":\"https:\\\/\\\/utfpr.curitiba.br\\\/coted\\\/?p=2262\",\"name\":\"Sala Multimeios Did\u00e1ticos foi local de abertura e palestras do DESIGNTHON - Coordena\u00e7\u00e3o de Tecnologia na Educa\u00e7\u00e3o\",\"isPartOf\":{\"@id\":\"https:\\\/\\\/utfpr.curitiba.br\\\/coted\\\/#website\"},\"primaryImageOfPage\":{\"@id\":\"https:\\\/\\\/utfpr.curitiba.br\\\/coted\\\/?p=2262#primaryimage\"},\"image\":{\"@id\":\"https:\\\/\\\/utfpr.curitiba.br\\\/coted\\\/?p=2262#primaryimage\"},\"thumbnailUrl\":\"https:\\\/\\\/utfpr-ct-static-content.s3.amazonaws.com\\\/utfpr.curitiba.br\\\/wp-content\\\/uploads\\\/sites\\\/44\\\/2024\\\/06\\\/imagem-1.jpeg\",\"datePublished\":\"2024-06-04T17:40:05+00:00\",\"dateModified\":\"2024-06-04T17:43:16+00:00\",\"breadcrumb\":{\"@id\":\"https:\\\/\\\/utfpr.curitiba.br\\\/coted\\\/?p=2262#breadcrumb\"},\"inLanguage\":\"pt-BR\",\"potentialAction\":[{\"@type\":\"ReadAction\",\"target\":[\"https:\\\/\\\/utfpr.curitiba.br\\\/coted\\\/?p=2262\"]}]},{\"@type\":\"ImageObject\",\"inLanguage\":\"pt-BR\",\"@id\":\"https:\\\/\\\/utfpr.curitiba.br\\\/coted\\\/?p=2262#primaryimage\",\"url\":\"https:\\\/\\\/utfpr-ct-static-content.s3.amazonaws.com\\\/utfpr.curitiba.br\\\/wp-content\\\/uploads\\\/sites\\\/44\\\/2024\\\/06\\\/imagem-1.jpeg\",\"contentUrl\":\"https:\\\/\\\/utfpr-ct-static-content.s3.amazonaws.com\\\/utfpr.curitiba.br\\\/wp-content\\\/uploads\\\/sites\\\/44\\\/2024\\\/06\\\/imagem-1.jpeg\",\"width\":1280,\"height\":960},{\"@type\":\"BreadcrumbList\",\"@id\":\"https:\\\/\\\/utfpr.curitiba.br\\\/coted\\\/?p=2262#breadcrumb\",\"itemListElement\":[{\"@type\":\"ListItem\",\"position\":1,\"name\":\"Home\",\"item\":\"https:\\\/\\\/utfpr.curitiba.br\\\/coted\\\/\"},{\"@type\":\"ListItem\",\"position\":2,\"name\":\"Sala Multimeios Did\u00e1ticos foi local de abertura e palestras do DESIGNTHON\"}]},{\"@type\":\"WebSite\",\"@id\":\"https:\\\/\\\/utfpr.curitiba.br\\\/coted\\\/#website\",\"url\":\"https:\\\/\\\/utfpr.curitiba.br\\\/coted\\\/\",\"name\":\"COTED\",\"description\":\"Coordena\u00e7\u00e3o de Tecnologia na Educa\u00e7\u00e3o\",\"publisher\":{\"@id\":\"https:\\\/\\\/utfpr.curitiba.br\\\/coted\\\/#organization\"},\"alternateName\":\"COTED Curitiba\",\"potentialAction\":[{\"@type\":\"SearchAction\",\"target\":{\"@type\":\"EntryPoint\",\"urlTemplate\":\"https:\\\/\\\/utfpr.curitiba.br\\\/coted\\\/?s={search_term_string}\"},\"query-input\":{\"@type\":\"PropertyValueSpecification\",\"valueRequired\":true,\"valueName\":\"search_term_string\"}}],\"inLanguage\":\"pt-BR\"},{\"@type\":\"Organization\",\"@id\":\"https:\\\/\\\/utfpr.curitiba.br\\\/coted\\\/#organization\",\"name\":\"Coordena\u00e7\u00e3o de Tecnologia na Educa\u00e7\u00e3o\",\"alternateName\":\"coted curitiba\",\"url\":\"https:\\\/\\\/utfpr.curitiba.br\\\/coted\\\/\",\"logo\":{\"@type\":\"ImageObject\",\"inLanguage\":\"pt-BR\",\"@id\":\"https:\\\/\\\/utfpr.curitiba.br\\\/coted\\\/#\\\/schema\\\/logo\\\/image\\\/\",\"url\":\"https:\\\/\\\/utfpr-ct-static-content.s3.amazonaws.com\\\/utfpr.curitiba.br\\\/wp-content\\\/uploads\\\/sites\\\/44\\\/2023\\\/10\\\/LogotipoCOTED-campus.png\",\"contentUrl\":\"https:\\\/\\\/utfpr-ct-static-content.s3.amazonaws.com\\\/utfpr.curitiba.br\\\/wp-content\\\/uploads\\\/sites\\\/44\\\/2023\\\/10\\\/LogotipoCOTED-campus.png\",\"width\":1076,\"height\":276,\"caption\":\"Coordena\u00e7\u00e3o de Tecnologia na Educa\u00e7\u00e3o\"},\"image\":{\"@id\":\"https:\\\/\\\/utfpr.curitiba.br\\\/coted\\\/#\\\/schema\\\/logo\\\/image\\\/\"},\"sameAs\":[\"https:\\\/\\\/www.instagram.com\\\/coted.ct\\\/\"]},{\"@type\":\"Person\",\"@id\":\"https:\\\/\\\/utfpr.curitiba.br\\\/coted\\\/#\\\/schema\\\/person\\\/5077ea1e423cf2e162a18bb5f0eba87e\",\"name\":\"NICOLE FIORESE MALDONADO\",\"image\":{\"@type\":\"ImageObject\",\"inLanguage\":\"pt-BR\",\"@id\":\"https:\\\/\\\/secure.gravatar.com\\\/avatar\\\/83cf6f53732eb4f50d8113215e7eb69fb218fa4a7664ae8e20c34990db93ee8d?s=96&d=mm&r=g\",\"url\":\"https:\\\/\\\/secure.gravatar.com\\\/avatar\\\/83cf6f53732eb4f50d8113215e7eb69fb218fa4a7664ae8e20c34990db93ee8d?s=96&d=mm&r=g\",\"contentUrl\":\"https:\\\/\\\/secure.gravatar.com\\\/avatar\\\/83cf6f53732eb4f50d8113215e7eb69fb218fa4a7664ae8e20c34990db93ee8d?s=96&d=mm&r=g\",\"caption\":\"NICOLE FIORESE MALDONADO\"},\"url\":\"https:\\\/\\\/utfpr.curitiba.br\\\/coted\\\/?author=282\"}]}<\/script>\n<!-- \/ Yoast SEO plugin. -->","yoast_head_json":{"title":"Sala Multimeios Did\u00e1ticos foi local de abertura e palestras do DESIGNTHON - Coordena\u00e7\u00e3o de Tecnologia na Educa\u00e7\u00e3o","robots":{"index":"index","follow":"follow","max-snippet":"max-snippet:-1","max-image-preview":"max-image-preview:large","max-video-preview":"max-video-preview:-1"},"canonical":"https:\/\/utfpr.curitiba.br\/coted\/?p=2262","og_locale":"pt_BR","og_type":"article","og_title":"Sala Multimeios Did\u00e1ticos foi local de abertura e palestras do DESIGNTHON - Coordena\u00e7\u00e3o de Tecnologia na Educa\u00e7\u00e3o","og_description":"Entre os dias 13 e 18 de maio foi realizado o DesignThon, evento da Incubadora Sprint da UTFPR em parceria com o Grupo Botic\u00e1rio para estudantes e rec\u00e9m-formados da universidade. O DesignThon \u00e9 um hackathon de design de embalagens que consiste em propor desafios de design em forma de maratona competitiva, para que os participantes solucionem problemas de forma criativa e inovadora. Al\u00e9m das atividades desafiadoras, o evento contou com 8 palestras abertas \u00e0 comunidade sobre temas relacionados a design de embalagens e produtos, todas elas aconteceram de forma h\u00edbrida a partir da Sala Multimeio Did\u00e1ticos que possui estrutura de ponta para transmiss\u00e3o de \u00e1udio e v\u00eddeo. O Professor Giuseppe Pintaude, coordenador do Programa de Empreendedorismo do Campus Curitiba destacou a import\u00e2ncia da infraestrutura para a realiza\u00e7\u00e3o do evento &#8220;O DesignThon ter usado a Sala Multimeios para o dia de kick-off e transmiss\u00e3o dos conte\u00fados t\u00e9cnicos foi uma experi\u00eancia que impactou o evento como um todo. Os estudantes puderam fazer uso da sala de forma presencial, para trocar ideias, mas puderam optar pelo sistema remoto, facilitando para quem n\u00e3o pode se fazer presente. Certamente este aspecto, junto ao conforto proporcionado pelo espa\u00e7o, fez muita diferen\u00e7a para o andamento da competi\u00e7\u00e3o.&#8221; Ao fim das atividades da maratona a equipe Cal\u00eandula foi a grande vencedora, formada pelos alunos: Luryam Ferreira Barreto Miranda (Engenharia Mecatr\u00f4nica), Laura Tieme (Design), Laura Nalio Costa (Bacharelado em Design), Nathalia Mesquita Costa (Bacharelado em Design) e Maria Eduarda Lima Lopes (Bacharelado em Design) e pela madrinha Elaine Garcia de Lima, professora no Departamento de Desenho Industrial. Como pr\u00eamio, os estudantes participar\u00e3o da DEXCONF 2024, o maior encontro da comunidade brasileira de UX e grandes especialistas do mercado para compartilhar ideias e discutir o impacto do design de experi\u00eancia no cen\u00e1rio global que acontecer\u00e1 em S\u00e3o Paulo em junho.","og_url":"https:\/\/utfpr.curitiba.br\/coted\/?p=2262","og_site_name":"Coordena\u00e7\u00e3o de Tecnologia na Educa\u00e7\u00e3o","article_published_time":"2024-06-04T17:40:05+00:00","article_modified_time":"2024-06-04T17:43:16+00:00","og_image":[{"width":1280,"height":960,"url":"https:\/\/utfpr-ct-static-content.s3.amazonaws.com\/utfpr.curitiba.br\/wp-content\/uploads\/sites\/44\/2024\/06\/imagem-1.jpeg","type":"image\/jpeg"}],"author":"NICOLE FIORESE MALDONADO","twitter_card":"summary_large_image","twitter_misc":{"Written by":"NICOLE FIORESE MALDONADO","Est. reading time":"2 minutos"},"schema":{"@context":"https:\/\/schema.org","@graph":[{"@type":"Article","@id":"https:\/\/utfpr.curitiba.br\/coted\/?p=2262#article","isPartOf":{"@id":"https:\/\/utfpr.curitiba.br\/coted\/?p=2262"},"author":{"name":"NICOLE FIORESE MALDONADO","@id":"https:\/\/utfpr.curitiba.br\/coted\/#\/schema\/person\/5077ea1e423cf2e162a18bb5f0eba87e"},"headline":"Sala Multimeios Did\u00e1ticos foi local de abertura e palestras do DESIGNTHON","datePublished":"2024-06-04T17:40:05+00:00","dateModified":"2024-06-04T17:43:16+00:00","mainEntityOfPage":{"@id":"https:\/\/utfpr.curitiba.br\/coted\/?p=2262"},"wordCount":330,"publisher":{"@id":"https:\/\/utfpr.curitiba.br\/coted\/#organization"},"image":{"@id":"https:\/\/utfpr.curitiba.br\/coted\/?p=2262#primaryimage"},"thumbnailUrl":"https:\/\/utfpr-ct-static-content.s3.amazonaws.com\/utfpr.curitiba.br\/wp-content\/uploads\/sites\/44\/2024\/06\/imagem-1.jpeg","articleSection":["Institucional"],"inLanguage":"pt-BR"},{"@type":"WebPage","@id":"https:\/\/utfpr.curitiba.br\/coted\/?p=2262","url":"https:\/\/utfpr.curitiba.br\/coted\/?p=2262","name":"Sala Multimeios Did\u00e1ticos foi local de abertura e palestras do DESIGNTHON - Coordena\u00e7\u00e3o de Tecnologia na Educa\u00e7\u00e3o","isPartOf":{"@id":"https:\/\/utfpr.curitiba.br\/coted\/#website"},"primaryImageOfPage":{"@id":"https:\/\/utfpr.curitiba.br\/coted\/?p=2262#primaryimage"},"image":{"@id":"https:\/\/utfpr.curitiba.br\/coted\/?p=2262#primaryimage"},"thumbnailUrl":"https:\/\/utfpr-ct-static-content.s3.amazonaws.com\/utfpr.curitiba.br\/wp-content\/uploads\/sites\/44\/2024\/06\/imagem-1.jpeg","datePublished":"2024-06-04T17:40:05+00:00","dateModified":"2024-06-04T17:43:16+00:00","breadcrumb":{"@id":"https:\/\/utfpr.curitiba.br\/coted\/?p=2262#breadcrumb"},"inLanguage":"pt-BR","potentialAction":[{"@type":"ReadAction","target":["https:\/\/utfpr.curitiba.br\/coted\/?p=2262"]}]},{"@type":"ImageObject","inLanguage":"pt-BR","@id":"https:\/\/utfpr.curitiba.br\/coted\/?p=2262#primaryimage","url":"https:\/\/utfpr-ct-static-content.s3.amazonaws.com\/utfpr.curitiba.br\/wp-content\/uploads\/sites\/44\/2024\/06\/imagem-1.jpeg","contentUrl":"https:\/\/utfpr-ct-static-content.s3.amazonaws.com\/utfpr.curitiba.br\/wp-content\/uploads\/sites\/44\/2024\/06\/imagem-1.jpeg","width":1280,"height":960},{"@type":"BreadcrumbList","@id":"https:\/\/utfpr.curitiba.br\/coted\/?p=2262#breadcrumb","itemListElement":[{"@type":"ListItem","position":1,"name":"Home","item":"https:\/\/utfpr.curitiba.br\/coted\/"},{"@type":"ListItem","position":2,"name":"Sala Multimeios Did\u00e1ticos foi local de abertura e palestras do DESIGNTHON"}]},{"@type":"WebSite","@id":"https:\/\/utfpr.curitiba.br\/coted\/#website","url":"https:\/\/utfpr.curitiba.br\/coted\/","name":"COTED","description":"Coordena\u00e7\u00e3o de Tecnologia na Educa\u00e7\u00e3o","publisher":{"@id":"https:\/\/utfpr.curitiba.br\/coted\/#organization"},"alternateName":"COTED Curitiba","potentialAction":[{"@type":"SearchAction","target":{"@type":"EntryPoint","urlTemplate":"https:\/\/utfpr.curitiba.br\/coted\/?s={search_term_string}"},"query-input":{"@type":"PropertyValueSpecification","valueRequired":true,"valueName":"search_term_string"}}],"inLanguage":"pt-BR"},{"@type":"Organization","@id":"https:\/\/utfpr.curitiba.br\/coted\/#organization","name":"Coordena\u00e7\u00e3o de Tecnologia na Educa\u00e7\u00e3o","alternateName":"coted curitiba","url":"https:\/\/utfpr.curitiba.br\/coted\/","logo":{"@type":"ImageObject","inLanguage":"pt-BR","@id":"https:\/\/utfpr.curitiba.br\/coted\/#\/schema\/logo\/image\/","url":"https:\/\/utfpr-ct-static-content.s3.amazonaws.com\/utfpr.curitiba.br\/wp-content\/uploads\/sites\/44\/2023\/10\/LogotipoCOTED-campus.png","contentUrl":"https:\/\/utfpr-ct-static-content.s3.amazonaws.com\/utfpr.curitiba.br\/wp-content\/uploads\/sites\/44\/2023\/10\/LogotipoCOTED-campus.png","width":1076,"height":276,"caption":"Coordena\u00e7\u00e3o de Tecnologia na Educa\u00e7\u00e3o"},"image":{"@id":"https:\/\/utfpr.curitiba.br\/coted\/#\/schema\/logo\/image\/"},"sameAs":["https:\/\/www.instagram.com\/coted.ct\/"]},{"@type":"Person","@id":"https:\/\/utfpr.curitiba.br\/coted\/#\/schema\/person\/5077ea1e423cf2e162a18bb5f0eba87e","name":"NICOLE FIORESE MALDONADO","image":{"@type":"ImageObject","inLanguage":"pt-BR","@id":"https:\/\/secure.gravatar.com\/avatar\/83cf6f53732eb4f50d8113215e7eb69fb218fa4a7664ae8e20c34990db93ee8d?s=96&d=mm&r=g","url":"https:\/\/secure.gravatar.com\/avatar\/83cf6f53732eb4f50d8113215e7eb69fb218fa4a7664ae8e20c34990db93ee8d?s=96&d=mm&r=g","contentUrl":"https:\/\/secure.gravatar.com\/avatar\/83cf6f53732eb4f50d8113215e7eb69fb218fa4a7664ae8e20c34990db93ee8d?s=96&d=mm&r=g","caption":"NICOLE FIORESE MALDONADO"},"url":"https:\/\/utfpr.curitiba.br\/coted\/?author=282"}]}},"_links":{"self":[{"href":"https:\/\/utfpr.curitiba.br\/coted\/index.php?rest_route=\/wp\/v2\/posts\/2262","targetHints":{"allow":["GET"]}}],"collection":[{"href":"https:\/\/utfpr.curitiba.br\/coted\/index.php?rest_route=\/wp\/v2\/posts"}],"about":[{"href":"https:\/\/utfpr.curitiba.br\/coted\/index.php?rest_route=\/wp\/v2\/types\/post"}],"author":[{"embeddable":true,"href":"https:\/\/utfpr.curitiba.br\/coted\/index.php?rest_route=\/wp\/v2\/users\/282"}],"replies":[{"embeddable":true,"href":"https:\/\/utfpr.curitiba.br\/coted\/index.php?rest_route=%2Fwp%2Fv2%2Fcomments&post=2262"}],"version-history":[{"count":3,"href":"https:\/\/utfpr.curitiba.br\/coted\/index.php?rest_route=\/wp\/v2\/posts\/2262\/revisions"}],"predecessor-version":[{"id":2268,"href":"https:\/\/utfpr.curitiba.br\/coted\/index.php?rest_route=\/wp\/v2\/posts\/2262\/revisions\/2268"}],"wp:featuredmedia":[{"embeddable":true,"href":"https:\/\/utfpr.curitiba.br\/coted\/index.php?rest_route=\/wp\/v2\/media\/2263"}],"wp:attachment":[{"href":"https:\/\/utfpr.curitiba.br\/coted\/index.php?rest_route=%2Fwp%2Fv2%2Fmedia&parent=2262"}],"wp:term":[{"taxonomy":"category","embeddable":true,"href":"https:\/\/utfpr.curitiba.br\/coted\/index.php?rest_route=%2Fwp%2Fv2%2Fcategories&post=2262"},{"taxonomy":"post_tag","embeddable":true,"href":"https:\/\/utfpr.curitiba.br\/coted\/index.php?rest_route=%2Fwp%2Fv2%2Ftags&post=2262"}],"curies":[{"name":"wp","href":"https:\/\/api.w.org\/{rel}","templated":true}]}}