{"id":2255,"date":"2024-05-20T12:44:37","date_gmt":"2024-05-20T15:44:37","guid":{"rendered":"https:\/\/utfpr.curitiba.br\/coted\/?p=2255"},"modified":"2024-06-04T14:47:44","modified_gmt":"2024-06-04T17:47:44","slug":"equipe-coted-ct-visita-o-fab-lab-curitiba","status":"publish","type":"post","link":"https:\/\/utfpr.curitiba.br\/coted\/?p=2255","title":{"rendered":"Equipe COTED-CT visita o Fab Lab Curitiba"},"content":{"rendered":"\n<div style=\"height:0px\" aria-hidden=\"true\" class=\"wp-block-spacer\"><\/div>\n\n\n\n<p>Na quinta-feira (17), Jo\u00e3o Paulo Kuzma (servidor) e Ian Lages (estagi\u00e1rio), integrantes da equipe Coted-CT, e demais convidados, fizeram uma visita ao Fab Lab Curitiba, o primeiro laborat\u00f3rio p\u00fablico de fabrica\u00e7\u00e3o digital e prototipagem criativa da cidade.<br>Um dos principais objetivos da visita foi conhecer os processos e a infraestrutura desse importante centro de inova\u00e7\u00e3o, e firmar parcerias para o desenvolvimento de projetos que atendam \u00e0s demandas da Coted-CT.<br>Com chancela do Instituto de Tecnologia de Massachusetts (MIT), o Fab Lab \u00e9 um dos principais propulsores da cultura maker em Curitiba. Desde a sua funda\u00e7\u00e3o, em 2019, j\u00e1 apoiou 75 projetos, focados principalmente na prototipagem e impress\u00f5es em 3D dos mais diversos tipos e finalidades. Com isso, tornou-se um ponto de conex\u00e3o entre estudantes, empresas e a comunidade em geral, pois \u00e9 focado no compartilhamento de conhecimentos multidisciplinares e na pr\u00e1tica de ideias inovadoras.<\/p>\n\n\n\n<figure class=\"wp-block-image size-large\"><img fetchpriority=\"high\" decoding=\"async\" width=\"1024\" height=\"768\" src=\"https:\/\/utfpr-ct-static-content.s3.amazonaws.com\/utfpr.curitiba.br\/wp-content\/uploads\/sites\/44\/2024\/05\/fablab2-1024x768.jpeg\" alt=\"\" class=\"wp-image-2257\" srcset=\"https:\/\/utfpr-ct-static-content.s3.amazonaws.com\/utfpr.curitiba.br\/wp-content\/uploads\/sites\/44\/2024\/05\/fablab2-1024x768.jpeg 1024w, https:\/\/utfpr-ct-static-content.s3.amazonaws.com\/utfpr.curitiba.br\/wp-content\/uploads\/sites\/44\/2024\/05\/fablab2-300x225.jpeg 300w, https:\/\/utfpr-ct-static-content.s3.amazonaws.com\/utfpr.curitiba.br\/wp-content\/uploads\/sites\/44\/2024\/05\/fablab2-768x576.jpeg 768w, https:\/\/utfpr-ct-static-content.s3.amazonaws.com\/utfpr.curitiba.br\/wp-content\/uploads\/sites\/44\/2024\/05\/fablab2-1536x1152.jpeg 1536w, https:\/\/utfpr-ct-static-content.s3.amazonaws.com\/utfpr.curitiba.br\/wp-content\/uploads\/sites\/44\/2024\/05\/fablab2.jpeg 1600w\" sizes=\"(max-width: 1024px) 100vw, 1024px\" \/><\/figure>\n\n\n\n<div style=\"height:14px\" aria-hidden=\"true\" class=\"wp-block-spacer\"><\/div>\n\n\n\n<p>A cultura maker \u00e9 um movimento contempor\u00e2neo que valoriza a cria\u00e7\u00e3o de objetos, dispositivos e projetos. Esse movimento \u00e9 uma evolu\u00e7\u00e3o natural do conceito &#8220;fa\u00e7a voc\u00ea mesmo&#8221; (DIY &#8211; Do It Yourself), mas com um foco maior em tecnologia e colabora\u00e7\u00e3o comunit\u00e1ria.<br>Laborat\u00f3rios como os Fab Labs existem nas principais cidades do mundo. Eles se destacam como espa\u00e7os multidisciplinares que re\u00fanem pessoas com diferentes mentalidades e variados n\u00edveis de conhecimento. Nesses ambientes, encontram-se desde estudantes que buscam desenvolver novas habilidades at\u00e9 empresas em busca de inova\u00e7\u00e3o atrav\u00e9s da intera\u00e7\u00e3o com outros profissionais e institui\u00e7\u00f5es acad\u00eamicas. A participa\u00e7\u00e3o das universidades \u00e9 uma caracter\u00edstica fundamental desses laborat\u00f3rios, trazendo novos ares ao conhecimento empresarial e facilitando a experimenta\u00e7\u00e3o.<\/p>\n\n\n\n<figure class=\"wp-block-image size-large\"><img decoding=\"async\" width=\"1024\" height=\"768\" src=\"https:\/\/utfpr-ct-static-content.s3.amazonaws.com\/utfpr.curitiba.br\/wp-content\/uploads\/sites\/44\/2024\/05\/fablab3-1024x768.jpeg\" alt=\"\" class=\"wp-image-2258\" srcset=\"https:\/\/utfpr-ct-static-content.s3.amazonaws.com\/utfpr.curitiba.br\/wp-content\/uploads\/sites\/44\/2024\/05\/fablab3-1024x768.jpeg 1024w, https:\/\/utfpr-ct-static-content.s3.amazonaws.com\/utfpr.curitiba.br\/wp-content\/uploads\/sites\/44\/2024\/05\/fablab3-300x225.jpeg 300w, https:\/\/utfpr-ct-static-content.s3.amazonaws.com\/utfpr.curitiba.br\/wp-content\/uploads\/sites\/44\/2024\/05\/fablab3-768x576.jpeg 768w, https:\/\/utfpr-ct-static-content.s3.amazonaws.com\/utfpr.curitiba.br\/wp-content\/uploads\/sites\/44\/2024\/05\/fablab3-1536x1152.jpeg 1536w, https:\/\/utfpr-ct-static-content.s3.amazonaws.com\/utfpr.curitiba.br\/wp-content\/uploads\/sites\/44\/2024\/05\/fablab3.jpeg 1600w\" sizes=\"(max-width: 1024px) 100vw, 1024px\" \/><\/figure>\n\n\n\n<div style=\"height:14px\" aria-hidden=\"true\" class=\"wp-block-spacer\"><\/div>\n\n\n\n<p>Al\u00e9m disso, os Fab Labs s\u00e3o ideais para testes e prototipagem, principalmente por estarem sempre equipados com tecnologia de ponta. Entre os materiais dispon\u00edveis, destacam-se impressoras 3D, \u00f3culos de realidade virtual, kits de rob\u00f3tica e softwares de intelig\u00eancia artificial. Essa infraestrutura avan\u00e7ada torna os Fab Labs perfeitos para o desenvolvimento de projetos de design estrat\u00e9gico e modelagem de neg\u00f3cios, promovendo um ambiente de inova\u00e7\u00e3o cont\u00ednua.<br>Para saber mais sobre o Fab Lab Curitiba, acesse <a href=\"https:\/\/linktr.ee\/curitibafablab\" data-type=\"link\" data-id=\"https:\/\/linktr.ee\/curitibafablab\">aqui.<\/a><\/p>\n","protected":false},"excerpt":{"rendered":"<p>Na quinta-feira (17), Jo\u00e3o Paulo Kuzma (servidor) e Ian Lages (estagi\u00e1rio), integrantes da equipe Coted-CT, e demais convidados, fizeram uma visita ao Fab Lab Curitiba, o primeiro laborat\u00f3rio p\u00fablico de fabrica\u00e7\u00e3o digital e prototipagem criativa da cidade.Um dos principais objetivos da visita foi conhecer os processos e a infraestrutura desse importante centro de inova\u00e7\u00e3o, e firmar parcerias para o desenvolvimento de projetos que atendam \u00e0s demandas da Coted-CT.Com chancela do Instituto de Tecnologia de Massachusetts (MIT), o Fab Lab \u00e9 um dos principais propulsores da cultura maker em Curitiba. Desde a sua funda\u00e7\u00e3o, em 2019, j\u00e1 apoiou 75 projetos, focados principalmente na prototipagem e impress\u00f5es em 3D dos mais diversos tipos e finalidades. Com isso, tornou-se um ponto de conex\u00e3o entre estudantes, empresas e a comunidade em geral, pois \u00e9 focado no compartilhamento de conhecimentos multidisciplinares e na pr\u00e1tica de ideias inovadoras. A cultura maker \u00e9 um movimento contempor\u00e2neo que valoriza a cria\u00e7\u00e3o de objetos, dispositivos e projetos. Esse movimento \u00e9 uma evolu\u00e7\u00e3o natural do conceito &#8220;fa\u00e7a voc\u00ea mesmo&#8221; (DIY &#8211; Do It Yourself), mas com um foco maior em tecnologia e colabora\u00e7\u00e3o comunit\u00e1ria.Laborat\u00f3rios como os Fab Labs existem nas principais cidades do mundo. Eles se destacam como espa\u00e7os multidisciplinares que re\u00fanem pessoas com diferentes mentalidades e variados n\u00edveis de conhecimento. Nesses ambientes, encontram-se desde estudantes que buscam desenvolver novas habilidades at\u00e9 empresas em busca de inova\u00e7\u00e3o atrav\u00e9s da intera\u00e7\u00e3o com outros profissionais e institui\u00e7\u00f5es acad\u00eamicas. A participa\u00e7\u00e3o das universidades \u00e9 uma caracter\u00edstica fundamental desses laborat\u00f3rios, trazendo novos ares ao conhecimento empresarial e facilitando a experimenta\u00e7\u00e3o. Al\u00e9m disso, os Fab Labs s\u00e3o ideais para testes e prototipagem, principalmente por estarem sempre equipados com tecnologia de ponta. Entre os materiais dispon\u00edveis, destacam-se impressoras 3D, \u00f3culos de realidade virtual, kits de rob\u00f3tica e softwares de intelig\u00eancia artificial. Essa infraestrutura avan\u00e7ada torna os Fab Labs perfeitos para o desenvolvimento de projetos de design estrat\u00e9gico e modelagem de neg\u00f3cios, promovendo um ambiente de inova\u00e7\u00e3o cont\u00ednua.Para saber mais sobre o Fab Lab Curitiba, acesse aqui.<\/p>\n","protected":false},"author":282,"featured_media":2256,"comment_status":"closed","ping_status":"open","sticky":false,"template":"","format":"standard","meta":{"site-sidebar-layout":"default","site-content-layout":"","ast-site-content-layout":"default","site-content-style":"default","site-sidebar-style":"default","ast-global-header-display":"","ast-banner-title-visibility":"","ast-main-header-display":"","ast-hfb-above-header-display":"","ast-hfb-below-header-display":"","ast-hfb-mobile-header-display":"","site-post-title":"","ast-breadcrumbs-content":"","ast-featured-img":"","footer-sml-layout":"","ast-disable-related-posts":"","theme-transparent-header-meta":"","adv-header-id-meta":"","stick-header-meta":"","header-above-stick-meta":"","header-main-stick-meta":"","header-below-stick-meta":"","astra-migrate-meta-layouts":"default","ast-page-background-enabled":"default","ast-page-background-meta":{"desktop":{"background-color":"var(--ast-global-color-4)","background-image":"","background-repeat":"repeat","background-position":"center center","background-size":"auto","background-attachment":"scroll","background-type":"","background-media":"","overlay-type":"","overlay-color":"","overlay-opacity":"","overlay-gradient":""},"tablet":{"background-color":"","background-image":"","background-repeat":"repeat","background-position":"center center","background-size":"auto","background-attachment":"scroll","background-type":"","background-media":"","overlay-type":"","overlay-color":"","overlay-opacity":"","overlay-gradient":""},"mobile":{"background-color":"","background-image":"","background-repeat":"repeat","background-position":"center center","background-size":"auto","background-attachment":"scroll","background-type":"","background-media":"","overlay-type":"","overlay-color":"","overlay-opacity":"","overlay-gradient":""}},"ast-content-background-meta":{"desktop":{"background-color":"var(--ast-global-color-5)","background-image":"","background-repeat":"repeat","background-position":"center center","background-size":"auto","background-attachment":"scroll","background-type":"","background-media":"","overlay-type":"","overlay-color":"","overlay-opacity":"","overlay-gradient":""},"tablet":{"background-color":"var(--ast-global-color-5)","background-image":"","background-repeat":"repeat","background-position":"center center","background-size":"auto","background-attachment":"scroll","background-type":"","background-media":"","overlay-type":"","overlay-color":"","overlay-opacity":"","overlay-gradient":""},"mobile":{"background-color":"var(--ast-global-color-5)","background-image":"","background-repeat":"repeat","background-position":"center center","background-size":"auto","background-attachment":"scroll","background-type":"","background-media":"","overlay-type":"","overlay-color":"","overlay-opacity":"","overlay-gradient":""}},"footnotes":""},"categories":[1],"tags":[],"class_list":["post-2255","post","type-post","status-publish","format-standard","has-post-thumbnail","hentry","category-institucional"],"yoast_head":"<!-- This site is optimized with the Yoast SEO plugin v27.4 - https:\/\/yoast.com\/product\/yoast-seo-wordpress\/ -->\n<title>Equipe COTED-CT visita o Fab Lab Curitiba - Coordena\u00e7\u00e3o de Tecnologia na Educa\u00e7\u00e3o<\/title>\n<meta name=\"robots\" content=\"index, follow, max-snippet:-1, max-image-preview:large, max-video-preview:-1\" \/>\n<link rel=\"canonical\" href=\"https:\/\/utfpr.curitiba.br\/coted\/?p=2255\" \/>\n<meta property=\"og:locale\" content=\"pt_BR\" \/>\n<meta property=\"og:type\" content=\"article\" \/>\n<meta property=\"og:title\" content=\"Equipe COTED-CT visita o Fab Lab Curitiba - Coordena\u00e7\u00e3o de Tecnologia na Educa\u00e7\u00e3o\" \/>\n<meta property=\"og:description\" content=\"Na quinta-feira (17), Jo\u00e3o Paulo Kuzma (servidor) e Ian Lages (estagi\u00e1rio), integrantes da equipe Coted-CT, e demais convidados, fizeram uma visita ao Fab Lab Curitiba, o primeiro laborat\u00f3rio p\u00fablico de fabrica\u00e7\u00e3o digital e prototipagem criativa da cidade.Um dos principais objetivos da visita foi conhecer os processos e a infraestrutura desse importante centro de inova\u00e7\u00e3o, e firmar parcerias para o desenvolvimento de projetos que atendam \u00e0s demandas da Coted-CT.Com chancela do Instituto de Tecnologia de Massachusetts (MIT), o Fab Lab \u00e9 um dos principais propulsores da cultura maker em Curitiba. Desde a sua funda\u00e7\u00e3o, em 2019, j\u00e1 apoiou 75 projetos, focados principalmente na prototipagem e impress\u00f5es em 3D dos mais diversos tipos e finalidades. Com isso, tornou-se um ponto de conex\u00e3o entre estudantes, empresas e a comunidade em geral, pois \u00e9 focado no compartilhamento de conhecimentos multidisciplinares e na pr\u00e1tica de ideias inovadoras. A cultura maker \u00e9 um movimento contempor\u00e2neo que valoriza a cria\u00e7\u00e3o de objetos, dispositivos e projetos. Esse movimento \u00e9 uma evolu\u00e7\u00e3o natural do conceito &#8220;fa\u00e7a voc\u00ea mesmo&#8221; (DIY &#8211; Do It Yourself), mas com um foco maior em tecnologia e colabora\u00e7\u00e3o comunit\u00e1ria.Laborat\u00f3rios como os Fab Labs existem nas principais cidades do mundo. Eles se destacam como espa\u00e7os multidisciplinares que re\u00fanem pessoas com diferentes mentalidades e variados n\u00edveis de conhecimento. Nesses ambientes, encontram-se desde estudantes que buscam desenvolver novas habilidades at\u00e9 empresas em busca de inova\u00e7\u00e3o atrav\u00e9s da intera\u00e7\u00e3o com outros profissionais e institui\u00e7\u00f5es acad\u00eamicas. A participa\u00e7\u00e3o das universidades \u00e9 uma caracter\u00edstica fundamental desses laborat\u00f3rios, trazendo novos ares ao conhecimento empresarial e facilitando a experimenta\u00e7\u00e3o. Al\u00e9m disso, os Fab Labs s\u00e3o ideais para testes e prototipagem, principalmente por estarem sempre equipados com tecnologia de ponta. Entre os materiais dispon\u00edveis, destacam-se impressoras 3D, \u00f3culos de realidade virtual, kits de rob\u00f3tica e softwares de intelig\u00eancia artificial. Essa infraestrutura avan\u00e7ada torna os Fab Labs perfeitos para o desenvolvimento de projetos de design estrat\u00e9gico e modelagem de neg\u00f3cios, promovendo um ambiente de inova\u00e7\u00e3o cont\u00ednua.Para saber mais sobre o Fab Lab Curitiba, acesse aqui.\" \/>\n<meta property=\"og:url\" content=\"https:\/\/utfpr.curitiba.br\/coted\/?p=2255\" \/>\n<meta property=\"og:site_name\" content=\"Coordena\u00e7\u00e3o de Tecnologia na Educa\u00e7\u00e3o\" \/>\n<meta property=\"article:published_time\" content=\"2024-05-20T15:44:37+00:00\" \/>\n<meta property=\"article:modified_time\" content=\"2024-06-04T17:47:44+00:00\" \/>\n<meta property=\"og:image\" content=\"https:\/\/utfpr-ct-static-content.s3.amazonaws.com\/utfpr.curitiba.br\/wp-content\/uploads\/sites\/44\/2024\/05\/fablab1.jpeg\" \/>\n\t<meta property=\"og:image:width\" content=\"1600\" \/>\n\t<meta property=\"og:image:height\" content=\"1200\" \/>\n\t<meta property=\"og:image:type\" content=\"image\/jpeg\" \/>\n<meta name=\"author\" content=\"NICOLE FIORESE MALDONADO\" \/>\n<meta name=\"twitter:card\" content=\"summary_large_image\" \/>\n<meta name=\"twitter:label1\" content=\"Written by\" \/>\n\t<meta name=\"twitter:data1\" content=\"NICOLE FIORESE MALDONADO\" \/>\n\t<meta name=\"twitter:label2\" content=\"Est. reading time\" \/>\n\t<meta name=\"twitter:data2\" content=\"2 minutos\" \/>\n<script type=\"application\/ld+json\" class=\"yoast-schema-graph\">{\"@context\":\"https:\\\/\\\/schema.org\",\"@graph\":[{\"@type\":\"Article\",\"@id\":\"https:\\\/\\\/utfpr.curitiba.br\\\/coted\\\/?p=2255#article\",\"isPartOf\":{\"@id\":\"https:\\\/\\\/utfpr.curitiba.br\\\/coted\\\/?p=2255\"},\"author\":{\"name\":\"NICOLE FIORESE MALDONADO\",\"@id\":\"https:\\\/\\\/utfpr.curitiba.br\\\/coted\\\/#\\\/schema\\\/person\\\/5077ea1e423cf2e162a18bb5f0eba87e\"},\"headline\":\"Equipe COTED-CT visita o Fab Lab Curitiba\",\"datePublished\":\"2024-05-20T15:44:37+00:00\",\"dateModified\":\"2024-06-04T17:47:44+00:00\",\"mainEntityOfPage\":{\"@id\":\"https:\\\/\\\/utfpr.curitiba.br\\\/coted\\\/?p=2255\"},\"wordCount\":372,\"publisher\":{\"@id\":\"https:\\\/\\\/utfpr.curitiba.br\\\/coted\\\/#organization\"},\"image\":{\"@id\":\"https:\\\/\\\/utfpr.curitiba.br\\\/coted\\\/?p=2255#primaryimage\"},\"thumbnailUrl\":\"https:\\\/\\\/utfpr-ct-static-content.s3.amazonaws.com\\\/utfpr.curitiba.br\\\/wp-content\\\/uploads\\\/sites\\\/44\\\/2024\\\/05\\\/fablab1.jpeg\",\"articleSection\":[\"Institucional\"],\"inLanguage\":\"pt-BR\"},{\"@type\":\"WebPage\",\"@id\":\"https:\\\/\\\/utfpr.curitiba.br\\\/coted\\\/?p=2255\",\"url\":\"https:\\\/\\\/utfpr.curitiba.br\\\/coted\\\/?p=2255\",\"name\":\"Equipe COTED-CT visita o Fab Lab Curitiba - Coordena\u00e7\u00e3o de Tecnologia na Educa\u00e7\u00e3o\",\"isPartOf\":{\"@id\":\"https:\\\/\\\/utfpr.curitiba.br\\\/coted\\\/#website\"},\"primaryImageOfPage\":{\"@id\":\"https:\\\/\\\/utfpr.curitiba.br\\\/coted\\\/?p=2255#primaryimage\"},\"image\":{\"@id\":\"https:\\\/\\\/utfpr.curitiba.br\\\/coted\\\/?p=2255#primaryimage\"},\"thumbnailUrl\":\"https:\\\/\\\/utfpr-ct-static-content.s3.amazonaws.com\\\/utfpr.curitiba.br\\\/wp-content\\\/uploads\\\/sites\\\/44\\\/2024\\\/05\\\/fablab1.jpeg\",\"datePublished\":\"2024-05-20T15:44:37+00:00\",\"dateModified\":\"2024-06-04T17:47:44+00:00\",\"breadcrumb\":{\"@id\":\"https:\\\/\\\/utfpr.curitiba.br\\\/coted\\\/?p=2255#breadcrumb\"},\"inLanguage\":\"pt-BR\",\"potentialAction\":[{\"@type\":\"ReadAction\",\"target\":[\"https:\\\/\\\/utfpr.curitiba.br\\\/coted\\\/?p=2255\"]}]},{\"@type\":\"ImageObject\",\"inLanguage\":\"pt-BR\",\"@id\":\"https:\\\/\\\/utfpr.curitiba.br\\\/coted\\\/?p=2255#primaryimage\",\"url\":\"https:\\\/\\\/utfpr-ct-static-content.s3.amazonaws.com\\\/utfpr.curitiba.br\\\/wp-content\\\/uploads\\\/sites\\\/44\\\/2024\\\/05\\\/fablab1.jpeg\",\"contentUrl\":\"https:\\\/\\\/utfpr-ct-static-content.s3.amazonaws.com\\\/utfpr.curitiba.br\\\/wp-content\\\/uploads\\\/sites\\\/44\\\/2024\\\/05\\\/fablab1.jpeg\",\"width\":1600,\"height\":1200},{\"@type\":\"BreadcrumbList\",\"@id\":\"https:\\\/\\\/utfpr.curitiba.br\\\/coted\\\/?p=2255#breadcrumb\",\"itemListElement\":[{\"@type\":\"ListItem\",\"position\":1,\"name\":\"Home\",\"item\":\"https:\\\/\\\/utfpr.curitiba.br\\\/coted\\\/\"},{\"@type\":\"ListItem\",\"position\":2,\"name\":\"Equipe COTED-CT visita o Fab Lab Curitiba\"}]},{\"@type\":\"WebSite\",\"@id\":\"https:\\\/\\\/utfpr.curitiba.br\\\/coted\\\/#website\",\"url\":\"https:\\\/\\\/utfpr.curitiba.br\\\/coted\\\/\",\"name\":\"COTED\",\"description\":\"Coordena\u00e7\u00e3o de Tecnologia na Educa\u00e7\u00e3o\",\"publisher\":{\"@id\":\"https:\\\/\\\/utfpr.curitiba.br\\\/coted\\\/#organization\"},\"alternateName\":\"COTED Curitiba\",\"potentialAction\":[{\"@type\":\"SearchAction\",\"target\":{\"@type\":\"EntryPoint\",\"urlTemplate\":\"https:\\\/\\\/utfpr.curitiba.br\\\/coted\\\/?s={search_term_string}\"},\"query-input\":{\"@type\":\"PropertyValueSpecification\",\"valueRequired\":true,\"valueName\":\"search_term_string\"}}],\"inLanguage\":\"pt-BR\"},{\"@type\":\"Organization\",\"@id\":\"https:\\\/\\\/utfpr.curitiba.br\\\/coted\\\/#organization\",\"name\":\"Coordena\u00e7\u00e3o de Tecnologia na Educa\u00e7\u00e3o\",\"alternateName\":\"coted curitiba\",\"url\":\"https:\\\/\\\/utfpr.curitiba.br\\\/coted\\\/\",\"logo\":{\"@type\":\"ImageObject\",\"inLanguage\":\"pt-BR\",\"@id\":\"https:\\\/\\\/utfpr.curitiba.br\\\/coted\\\/#\\\/schema\\\/logo\\\/image\\\/\",\"url\":\"https:\\\/\\\/utfpr-ct-static-content.s3.amazonaws.com\\\/utfpr.curitiba.br\\\/wp-content\\\/uploads\\\/sites\\\/44\\\/2023\\\/10\\\/LogotipoCOTED-campus.png\",\"contentUrl\":\"https:\\\/\\\/utfpr-ct-static-content.s3.amazonaws.com\\\/utfpr.curitiba.br\\\/wp-content\\\/uploads\\\/sites\\\/44\\\/2023\\\/10\\\/LogotipoCOTED-campus.png\",\"width\":1076,\"height\":276,\"caption\":\"Coordena\u00e7\u00e3o de Tecnologia na Educa\u00e7\u00e3o\"},\"image\":{\"@id\":\"https:\\\/\\\/utfpr.curitiba.br\\\/coted\\\/#\\\/schema\\\/logo\\\/image\\\/\"},\"sameAs\":[\"https:\\\/\\\/www.instagram.com\\\/coted.ct\\\/\"]},{\"@type\":\"Person\",\"@id\":\"https:\\\/\\\/utfpr.curitiba.br\\\/coted\\\/#\\\/schema\\\/person\\\/5077ea1e423cf2e162a18bb5f0eba87e\",\"name\":\"NICOLE FIORESE MALDONADO\",\"image\":{\"@type\":\"ImageObject\",\"inLanguage\":\"pt-BR\",\"@id\":\"https:\\\/\\\/secure.gravatar.com\\\/avatar\\\/83cf6f53732eb4f50d8113215e7eb69fb218fa4a7664ae8e20c34990db93ee8d?s=96&d=mm&r=g\",\"url\":\"https:\\\/\\\/secure.gravatar.com\\\/avatar\\\/83cf6f53732eb4f50d8113215e7eb69fb218fa4a7664ae8e20c34990db93ee8d?s=96&d=mm&r=g\",\"contentUrl\":\"https:\\\/\\\/secure.gravatar.com\\\/avatar\\\/83cf6f53732eb4f50d8113215e7eb69fb218fa4a7664ae8e20c34990db93ee8d?s=96&d=mm&r=g\",\"caption\":\"NICOLE FIORESE MALDONADO\"},\"url\":\"https:\\\/\\\/utfpr.curitiba.br\\\/coted\\\/?author=282\"}]}<\/script>\n<!-- \/ Yoast SEO plugin. -->","yoast_head_json":{"title":"Equipe COTED-CT visita o Fab Lab Curitiba - Coordena\u00e7\u00e3o de Tecnologia na Educa\u00e7\u00e3o","robots":{"index":"index","follow":"follow","max-snippet":"max-snippet:-1","max-image-preview":"max-image-preview:large","max-video-preview":"max-video-preview:-1"},"canonical":"https:\/\/utfpr.curitiba.br\/coted\/?p=2255","og_locale":"pt_BR","og_type":"article","og_title":"Equipe COTED-CT visita o Fab Lab Curitiba - Coordena\u00e7\u00e3o de Tecnologia na Educa\u00e7\u00e3o","og_description":"Na quinta-feira (17), Jo\u00e3o Paulo Kuzma (servidor) e Ian Lages (estagi\u00e1rio), integrantes da equipe Coted-CT, e demais convidados, fizeram uma visita ao Fab Lab Curitiba, o primeiro laborat\u00f3rio p\u00fablico de fabrica\u00e7\u00e3o digital e prototipagem criativa da cidade.Um dos principais objetivos da visita foi conhecer os processos e a infraestrutura desse importante centro de inova\u00e7\u00e3o, e firmar parcerias para o desenvolvimento de projetos que atendam \u00e0s demandas da Coted-CT.Com chancela do Instituto de Tecnologia de Massachusetts (MIT), o Fab Lab \u00e9 um dos principais propulsores da cultura maker em Curitiba. Desde a sua funda\u00e7\u00e3o, em 2019, j\u00e1 apoiou 75 projetos, focados principalmente na prototipagem e impress\u00f5es em 3D dos mais diversos tipos e finalidades. Com isso, tornou-se um ponto de conex\u00e3o entre estudantes, empresas e a comunidade em geral, pois \u00e9 focado no compartilhamento de conhecimentos multidisciplinares e na pr\u00e1tica de ideias inovadoras. A cultura maker \u00e9 um movimento contempor\u00e2neo que valoriza a cria\u00e7\u00e3o de objetos, dispositivos e projetos. Esse movimento \u00e9 uma evolu\u00e7\u00e3o natural do conceito &#8220;fa\u00e7a voc\u00ea mesmo&#8221; (DIY &#8211; Do It Yourself), mas com um foco maior em tecnologia e colabora\u00e7\u00e3o comunit\u00e1ria.Laborat\u00f3rios como os Fab Labs existem nas principais cidades do mundo. Eles se destacam como espa\u00e7os multidisciplinares que re\u00fanem pessoas com diferentes mentalidades e variados n\u00edveis de conhecimento. Nesses ambientes, encontram-se desde estudantes que buscam desenvolver novas habilidades at\u00e9 empresas em busca de inova\u00e7\u00e3o atrav\u00e9s da intera\u00e7\u00e3o com outros profissionais e institui\u00e7\u00f5es acad\u00eamicas. A participa\u00e7\u00e3o das universidades \u00e9 uma caracter\u00edstica fundamental desses laborat\u00f3rios, trazendo novos ares ao conhecimento empresarial e facilitando a experimenta\u00e7\u00e3o. Al\u00e9m disso, os Fab Labs s\u00e3o ideais para testes e prototipagem, principalmente por estarem sempre equipados com tecnologia de ponta. Entre os materiais dispon\u00edveis, destacam-se impressoras 3D, \u00f3culos de realidade virtual, kits de rob\u00f3tica e softwares de intelig\u00eancia artificial. Essa infraestrutura avan\u00e7ada torna os Fab Labs perfeitos para o desenvolvimento de projetos de design estrat\u00e9gico e modelagem de neg\u00f3cios, promovendo um ambiente de inova\u00e7\u00e3o cont\u00ednua.Para saber mais sobre o Fab Lab Curitiba, acesse aqui.","og_url":"https:\/\/utfpr.curitiba.br\/coted\/?p=2255","og_site_name":"Coordena\u00e7\u00e3o de Tecnologia na Educa\u00e7\u00e3o","article_published_time":"2024-05-20T15:44:37+00:00","article_modified_time":"2024-06-04T17:47:44+00:00","og_image":[{"width":1600,"height":1200,"url":"https:\/\/utfpr-ct-static-content.s3.amazonaws.com\/utfpr.curitiba.br\/wp-content\/uploads\/sites\/44\/2024\/05\/fablab1.jpeg","type":"image\/jpeg"}],"author":"NICOLE FIORESE MALDONADO","twitter_card":"summary_large_image","twitter_misc":{"Written by":"NICOLE FIORESE MALDONADO","Est. reading time":"2 minutos"},"schema":{"@context":"https:\/\/schema.org","@graph":[{"@type":"Article","@id":"https:\/\/utfpr.curitiba.br\/coted\/?p=2255#article","isPartOf":{"@id":"https:\/\/utfpr.curitiba.br\/coted\/?p=2255"},"author":{"name":"NICOLE FIORESE MALDONADO","@id":"https:\/\/utfpr.curitiba.br\/coted\/#\/schema\/person\/5077ea1e423cf2e162a18bb5f0eba87e"},"headline":"Equipe COTED-CT visita o Fab Lab Curitiba","datePublished":"2024-05-20T15:44:37+00:00","dateModified":"2024-06-04T17:47:44+00:00","mainEntityOfPage":{"@id":"https:\/\/utfpr.curitiba.br\/coted\/?p=2255"},"wordCount":372,"publisher":{"@id":"https:\/\/utfpr.curitiba.br\/coted\/#organization"},"image":{"@id":"https:\/\/utfpr.curitiba.br\/coted\/?p=2255#primaryimage"},"thumbnailUrl":"https:\/\/utfpr-ct-static-content.s3.amazonaws.com\/utfpr.curitiba.br\/wp-content\/uploads\/sites\/44\/2024\/05\/fablab1.jpeg","articleSection":["Institucional"],"inLanguage":"pt-BR"},{"@type":"WebPage","@id":"https:\/\/utfpr.curitiba.br\/coted\/?p=2255","url":"https:\/\/utfpr.curitiba.br\/coted\/?p=2255","name":"Equipe COTED-CT visita o Fab Lab Curitiba - Coordena\u00e7\u00e3o de Tecnologia na Educa\u00e7\u00e3o","isPartOf":{"@id":"https:\/\/utfpr.curitiba.br\/coted\/#website"},"primaryImageOfPage":{"@id":"https:\/\/utfpr.curitiba.br\/coted\/?p=2255#primaryimage"},"image":{"@id":"https:\/\/utfpr.curitiba.br\/coted\/?p=2255#primaryimage"},"thumbnailUrl":"https:\/\/utfpr-ct-static-content.s3.amazonaws.com\/utfpr.curitiba.br\/wp-content\/uploads\/sites\/44\/2024\/05\/fablab1.jpeg","datePublished":"2024-05-20T15:44:37+00:00","dateModified":"2024-06-04T17:47:44+00:00","breadcrumb":{"@id":"https:\/\/utfpr.curitiba.br\/coted\/?p=2255#breadcrumb"},"inLanguage":"pt-BR","potentialAction":[{"@type":"ReadAction","target":["https:\/\/utfpr.curitiba.br\/coted\/?p=2255"]}]},{"@type":"ImageObject","inLanguage":"pt-BR","@id":"https:\/\/utfpr.curitiba.br\/coted\/?p=2255#primaryimage","url":"https:\/\/utfpr-ct-static-content.s3.amazonaws.com\/utfpr.curitiba.br\/wp-content\/uploads\/sites\/44\/2024\/05\/fablab1.jpeg","contentUrl":"https:\/\/utfpr-ct-static-content.s3.amazonaws.com\/utfpr.curitiba.br\/wp-content\/uploads\/sites\/44\/2024\/05\/fablab1.jpeg","width":1600,"height":1200},{"@type":"BreadcrumbList","@id":"https:\/\/utfpr.curitiba.br\/coted\/?p=2255#breadcrumb","itemListElement":[{"@type":"ListItem","position":1,"name":"Home","item":"https:\/\/utfpr.curitiba.br\/coted\/"},{"@type":"ListItem","position":2,"name":"Equipe COTED-CT visita o Fab Lab Curitiba"}]},{"@type":"WebSite","@id":"https:\/\/utfpr.curitiba.br\/coted\/#website","url":"https:\/\/utfpr.curitiba.br\/coted\/","name":"COTED","description":"Coordena\u00e7\u00e3o de Tecnologia na Educa\u00e7\u00e3o","publisher":{"@id":"https:\/\/utfpr.curitiba.br\/coted\/#organization"},"alternateName":"COTED Curitiba","potentialAction":[{"@type":"SearchAction","target":{"@type":"EntryPoint","urlTemplate":"https:\/\/utfpr.curitiba.br\/coted\/?s={search_term_string}"},"query-input":{"@type":"PropertyValueSpecification","valueRequired":true,"valueName":"search_term_string"}}],"inLanguage":"pt-BR"},{"@type":"Organization","@id":"https:\/\/utfpr.curitiba.br\/coted\/#organization","name":"Coordena\u00e7\u00e3o de Tecnologia na Educa\u00e7\u00e3o","alternateName":"coted curitiba","url":"https:\/\/utfpr.curitiba.br\/coted\/","logo":{"@type":"ImageObject","inLanguage":"pt-BR","@id":"https:\/\/utfpr.curitiba.br\/coted\/#\/schema\/logo\/image\/","url":"https:\/\/utfpr-ct-static-content.s3.amazonaws.com\/utfpr.curitiba.br\/wp-content\/uploads\/sites\/44\/2023\/10\/LogotipoCOTED-campus.png","contentUrl":"https:\/\/utfpr-ct-static-content.s3.amazonaws.com\/utfpr.curitiba.br\/wp-content\/uploads\/sites\/44\/2023\/10\/LogotipoCOTED-campus.png","width":1076,"height":276,"caption":"Coordena\u00e7\u00e3o de Tecnologia na Educa\u00e7\u00e3o"},"image":{"@id":"https:\/\/utfpr.curitiba.br\/coted\/#\/schema\/logo\/image\/"},"sameAs":["https:\/\/www.instagram.com\/coted.ct\/"]},{"@type":"Person","@id":"https:\/\/utfpr.curitiba.br\/coted\/#\/schema\/person\/5077ea1e423cf2e162a18bb5f0eba87e","name":"NICOLE FIORESE MALDONADO","image":{"@type":"ImageObject","inLanguage":"pt-BR","@id":"https:\/\/secure.gravatar.com\/avatar\/83cf6f53732eb4f50d8113215e7eb69fb218fa4a7664ae8e20c34990db93ee8d?s=96&d=mm&r=g","url":"https:\/\/secure.gravatar.com\/avatar\/83cf6f53732eb4f50d8113215e7eb69fb218fa4a7664ae8e20c34990db93ee8d?s=96&d=mm&r=g","contentUrl":"https:\/\/secure.gravatar.com\/avatar\/83cf6f53732eb4f50d8113215e7eb69fb218fa4a7664ae8e20c34990db93ee8d?s=96&d=mm&r=g","caption":"NICOLE FIORESE MALDONADO"},"url":"https:\/\/utfpr.curitiba.br\/coted\/?author=282"}]}},"_links":{"self":[{"href":"https:\/\/utfpr.curitiba.br\/coted\/index.php?rest_route=\/wp\/v2\/posts\/2255","targetHints":{"allow":["GET"]}}],"collection":[{"href":"https:\/\/utfpr.curitiba.br\/coted\/index.php?rest_route=\/wp\/v2\/posts"}],"about":[{"href":"https:\/\/utfpr.curitiba.br\/coted\/index.php?rest_route=\/wp\/v2\/types\/post"}],"author":[{"embeddable":true,"href":"https:\/\/utfpr.curitiba.br\/coted\/index.php?rest_route=\/wp\/v2\/users\/282"}],"replies":[{"embeddable":true,"href":"https:\/\/utfpr.curitiba.br\/coted\/index.php?rest_route=%2Fwp%2Fv2%2Fcomments&post=2255"}],"version-history":[{"count":3,"href":"https:\/\/utfpr.curitiba.br\/coted\/index.php?rest_route=\/wp\/v2\/posts\/2255\/revisions"}],"predecessor-version":[{"id":2271,"href":"https:\/\/utfpr.curitiba.br\/coted\/index.php?rest_route=\/wp\/v2\/posts\/2255\/revisions\/2271"}],"wp:featuredmedia":[{"embeddable":true,"href":"https:\/\/utfpr.curitiba.br\/coted\/index.php?rest_route=\/wp\/v2\/media\/2256"}],"wp:attachment":[{"href":"https:\/\/utfpr.curitiba.br\/coted\/index.php?rest_route=%2Fwp%2Fv2%2Fmedia&parent=2255"}],"wp:term":[{"taxonomy":"category","embeddable":true,"href":"https:\/\/utfpr.curitiba.br\/coted\/index.php?rest_route=%2Fwp%2Fv2%2Fcategories&post=2255"},{"taxonomy":"post_tag","embeddable":true,"href":"https:\/\/utfpr.curitiba.br\/coted\/index.php?rest_route=%2Fwp%2Fv2%2Ftags&post=2255"}],"curies":[{"name":"wp","href":"https:\/\/api.w.org\/{rel}","templated":true}]}}