{"id":2139,"date":"2023-11-01T07:55:22","date_gmt":"2023-11-01T10:55:22","guid":{"rendered":"https:\/\/utfpr.curitiba.br\/coted\/?p=2139"},"modified":"2023-11-01T07:55:54","modified_gmt":"2023-11-01T10:55:54","slug":"coted-ct-participa-de-visita-ao-centro-de-realidade-estendida-da-pucpr","status":"publish","type":"post","link":"https:\/\/utfpr.curitiba.br\/coted\/?p=2139","title":{"rendered":"COTED-CT participa de visita ao Centro de Realidade Estendida da PUCPR"},"content":{"rendered":"\n<p class=\"has-small-font-size\">Ian Lages Coelho (esquerda) e Lucas de Oliveira (direita).<\/p>\n\n\n\n<p>Na sexta-feira, 27, a COTED-CT, representada por Lucas de Oliveira (servidor) e Ian Lages Coelho (estagi\u00e1rio), participou da visita ao Centro de Realidade Estendida da PUCPR, em Curitiba.<\/p>\n\n\n\n<p>A visita foi organizada pela Prof.\u00aa Dra. Ros\u00e2ngela de F\u00e1tima Stankowitz (DEAAU-CT) e guiada por um t\u00e9cnico da PUCPR, que apresentou os espa\u00e7os e possibilidades de utiliza\u00e7\u00e3o das realidades: virtual, aumentada e mista no contexto pedag\u00f3gico.&nbsp;<\/p>\n\n\n\n<p>Durante a apresenta\u00e7\u00e3o do Centro de Realidade Estendida foram demonstradas diversas experi\u00eancias, com o uso de \u00f3culos de realidade virtual e espa\u00e7os de imers\u00e3o 360\u00ba. O complexo, com mais de 18 ambientes imersivos e colaborativos, foi inaugurado em 2023 e conta com 3000m\u00b2 em que as possibilidades s\u00e3o m\u00faltiplas atrav\u00e9s das diferentes simula\u00e7\u00f5es com avan\u00e7ados recursos tecnol\u00f3gicos.<\/p>\n\n\n\n<p class=\"has-text-align-center\"><br><img fetchpriority=\"high\" decoding=\"async\" width=\"469\" height=\"216\" src=\"https:\/\/lh7-us.googleusercontent.com\/wgjdjUZdP-U9JD8fRKo4v5Tm_0TxErEXgAAIRYhdtph-6XGGC0ri_J_RW734bJCIfFO_AHNkWITNAej0l9_50AAbaomaMdYiMV9CAJ0_IRENOm8VvKH0IYyZKImi8EvfAi1JgfWcxJJkl6ZSsEzO8mQ\"><\/p>\n\n\n\n<p class=\"has-text-align-center has-small-font-size\">Imagem do interior do Centro de Realidade Estendida PUCPR<\/p>\n\n\n\n<p>O servidor Lucas relatou a import\u00e2ncia de experi\u00eancias como esta: &#8220;Foi muito bom poder conhecer um dos maiores centros de realidade estendida do mundo. Conhecer e vivenciar estas experi\u00eancias ajuda a identificar novas possibilidades e potencialidades para implementa\u00e7\u00e3o tamb\u00e9m nas universidades p\u00fablicas.&#8221;<\/p>\n\n\n\n<p>A Coordena\u00e7\u00e3o de Tecnologia na Educa\u00e7\u00e3o da UTFPR Campus Curitiba tem como objetivo a busca constante pela pesquisa de novas tecnologias que possam contribuir para o ensino, pesquisa e extens\u00e3o.<\/p>\n","protected":false},"excerpt":{"rendered":"<p>Na sexta-feira, 27, a COTED-CT participou da visita ao Centro de Realidade Estendida da PUCPR, em Curitiba.<\/p>\n","protected":false},"author":157,"featured_media":2140,"comment_status":"closed","ping_status":"open","sticky":false,"template":"","format":"standard","meta":{"site-sidebar-layout":"default","site-content-layout":"","ast-site-content-layout":"default","site-content-style":"default","site-sidebar-style":"default","ast-global-header-display":"","ast-banner-title-visibility":"","ast-main-header-display":"","ast-hfb-above-header-display":"","ast-hfb-below-header-display":"","ast-hfb-mobile-header-display":"","site-post-title":"","ast-breadcrumbs-content":"","ast-featured-img":"","footer-sml-layout":"","ast-disable-related-posts":"","theme-transparent-header-meta":"","adv-header-id-meta":"","stick-header-meta":"","header-above-stick-meta":"","header-main-stick-meta":"","header-below-stick-meta":"","astra-migrate-meta-layouts":"default","ast-page-background-enabled":"default","ast-page-background-meta":{"desktop":{"background-color":"var(--ast-global-color-4)","background-image":"","background-repeat":"repeat","background-position":"center center","background-size":"auto","background-attachment":"scroll","background-type":"","background-media":"","overlay-type":"","overlay-color":"","overlay-opacity":"","overlay-gradient":""},"tablet":{"background-color":"","background-image":"","background-repeat":"repeat","background-position":"center center","background-size":"auto","background-attachment":"scroll","background-type":"","background-media":"","overlay-type":"","overlay-color":"","overlay-opacity":"","overlay-gradient":""},"mobile":{"background-color":"","background-image":"","background-repeat":"repeat","background-position":"center center","background-size":"auto","background-attachment":"scroll","background-type":"","background-media":"","overlay-type":"","overlay-color":"","overlay-opacity":"","overlay-gradient":""}},"ast-content-background-meta":{"desktop":{"background-color":"var(--ast-global-color-5)","background-image":"","background-repeat":"repeat","background-position":"center center","background-size":"auto","background-attachment":"scroll","background-type":"","background-media":"","overlay-type":"","overlay-color":"","overlay-opacity":"","overlay-gradient":""},"tablet":{"background-color":"var(--ast-global-color-5)","background-image":"","background-repeat":"repeat","background-position":"center center","background-size":"auto","background-attachment":"scroll","background-type":"","background-media":"","overlay-type":"","overlay-color":"","overlay-opacity":"","overlay-gradient":""},"mobile":{"background-color":"var(--ast-global-color-5)","background-image":"","background-repeat":"repeat","background-position":"center center","background-size":"auto","background-attachment":"scroll","background-type":"","background-media":"","overlay-type":"","overlay-color":"","overlay-opacity":"","overlay-gradient":""}},"footnotes":""},"categories":[1],"tags":[],"class_list":["post-2139","post","type-post","status-publish","format-standard","has-post-thumbnail","hentry","category-institucional"],"yoast_head":"<!-- This site is optimized with the Yoast SEO plugin v27.4 - https:\/\/yoast.com\/product\/yoast-seo-wordpress\/ -->\n<title>COTED-CT participa de visita ao Centro de Realidade Estendida da PUCPR - Coordena\u00e7\u00e3o de Tecnologia na Educa\u00e7\u00e3o<\/title>\n<meta name=\"robots\" content=\"index, follow, max-snippet:-1, max-image-preview:large, max-video-preview:-1\" \/>\n<link rel=\"canonical\" href=\"https:\/\/utfpr.curitiba.br\/coted\/?p=2139\" \/>\n<meta property=\"og:locale\" content=\"pt_BR\" \/>\n<meta property=\"og:type\" content=\"article\" \/>\n<meta property=\"og:title\" content=\"COTED-CT participa de visita ao Centro de Realidade Estendida da PUCPR - Coordena\u00e7\u00e3o de Tecnologia na Educa\u00e7\u00e3o\" \/>\n<meta property=\"og:description\" content=\"Na sexta-feira, 27, a COTED-CT participou da visita ao Centro de Realidade Estendida da PUCPR, em Curitiba.\" \/>\n<meta property=\"og:url\" content=\"https:\/\/utfpr.curitiba.br\/coted\/?p=2139\" \/>\n<meta property=\"og:site_name\" content=\"Coordena\u00e7\u00e3o de Tecnologia na Educa\u00e7\u00e3o\" \/>\n<meta property=\"article:published_time\" content=\"2023-11-01T10:55:22+00:00\" \/>\n<meta property=\"article:modified_time\" content=\"2023-11-01T10:55:54+00:00\" \/>\n<meta property=\"og:image\" content=\"https:\/\/utfpr-ct-static-content.s3.amazonaws.com\/utfpr.curitiba.br\/wp-content\/uploads\/sites\/44\/2023\/11\/WhatsApp-Image-2023-10-31-at-14.34.01.jpeg\" \/>\n\t<meta property=\"og:image:width\" content=\"1600\" \/>\n\t<meta property=\"og:image:height\" content=\"1228\" \/>\n\t<meta property=\"og:image:type\" content=\"image\/jpeg\" \/>\n<meta name=\"author\" content=\"MAIARA SOARES DE CARVALHO\" \/>\n<meta name=\"twitter:card\" content=\"summary_large_image\" \/>\n<meta name=\"twitter:label1\" content=\"Written by\" \/>\n\t<meta name=\"twitter:data1\" content=\"MAIARA SOARES DE CARVALHO\" \/>\n\t<meta name=\"twitter:label2\" content=\"Est. reading time\" \/>\n\t<meta name=\"twitter:data2\" content=\"1 minuto\" \/>\n<script type=\"application\/ld+json\" class=\"yoast-schema-graph\">{\"@context\":\"https:\\\/\\\/schema.org\",\"@graph\":[{\"@type\":\"Article\",\"@id\":\"https:\\\/\\\/utfpr.curitiba.br\\\/coted\\\/?p=2139#article\",\"isPartOf\":{\"@id\":\"https:\\\/\\\/utfpr.curitiba.br\\\/coted\\\/?p=2139\"},\"author\":{\"name\":\"MAIARA SOARES DE CARVALHO\",\"@id\":\"https:\\\/\\\/utfpr.curitiba.br\\\/coted\\\/#\\\/schema\\\/person\\\/54ffd36e35efc6dcd7586dfa303e5e45\"},\"headline\":\"COTED-CT participa de visita ao Centro de Realidade Estendida da PUCPR\",\"datePublished\":\"2023-11-01T10:55:22+00:00\",\"dateModified\":\"2023-11-01T10:55:54+00:00\",\"mainEntityOfPage\":{\"@id\":\"https:\\\/\\\/utfpr.curitiba.br\\\/coted\\\/?p=2139\"},\"wordCount\":245,\"publisher\":{\"@id\":\"https:\\\/\\\/utfpr.curitiba.br\\\/coted\\\/#organization\"},\"image\":{\"@id\":\"https:\\\/\\\/utfpr.curitiba.br\\\/coted\\\/?p=2139#primaryimage\"},\"thumbnailUrl\":\"https:\\\/\\\/utfpr-ct-static-content.s3.amazonaws.com\\\/utfpr.curitiba.br\\\/wp-content\\\/uploads\\\/sites\\\/44\\\/2023\\\/11\\\/WhatsApp-Image-2023-10-31-at-14.34.01.jpeg\",\"articleSection\":[\"Institucional\"],\"inLanguage\":\"pt-BR\"},{\"@type\":\"WebPage\",\"@id\":\"https:\\\/\\\/utfpr.curitiba.br\\\/coted\\\/?p=2139\",\"url\":\"https:\\\/\\\/utfpr.curitiba.br\\\/coted\\\/?p=2139\",\"name\":\"COTED-CT participa de visita ao Centro de Realidade Estendida da PUCPR - Coordena\u00e7\u00e3o de Tecnologia na Educa\u00e7\u00e3o\",\"isPartOf\":{\"@id\":\"https:\\\/\\\/utfpr.curitiba.br\\\/coted\\\/#website\"},\"primaryImageOfPage\":{\"@id\":\"https:\\\/\\\/utfpr.curitiba.br\\\/coted\\\/?p=2139#primaryimage\"},\"image\":{\"@id\":\"https:\\\/\\\/utfpr.curitiba.br\\\/coted\\\/?p=2139#primaryimage\"},\"thumbnailUrl\":\"https:\\\/\\\/utfpr-ct-static-content.s3.amazonaws.com\\\/utfpr.curitiba.br\\\/wp-content\\\/uploads\\\/sites\\\/44\\\/2023\\\/11\\\/WhatsApp-Image-2023-10-31-at-14.34.01.jpeg\",\"datePublished\":\"2023-11-01T10:55:22+00:00\",\"dateModified\":\"2023-11-01T10:55:54+00:00\",\"breadcrumb\":{\"@id\":\"https:\\\/\\\/utfpr.curitiba.br\\\/coted\\\/?p=2139#breadcrumb\"},\"inLanguage\":\"pt-BR\",\"potentialAction\":[{\"@type\":\"ReadAction\",\"target\":[\"https:\\\/\\\/utfpr.curitiba.br\\\/coted\\\/?p=2139\"]}]},{\"@type\":\"ImageObject\",\"inLanguage\":\"pt-BR\",\"@id\":\"https:\\\/\\\/utfpr.curitiba.br\\\/coted\\\/?p=2139#primaryimage\",\"url\":\"https:\\\/\\\/utfpr-ct-static-content.s3.amazonaws.com\\\/utfpr.curitiba.br\\\/wp-content\\\/uploads\\\/sites\\\/44\\\/2023\\\/11\\\/WhatsApp-Image-2023-10-31-at-14.34.01.jpeg\",\"contentUrl\":\"https:\\\/\\\/utfpr-ct-static-content.s3.amazonaws.com\\\/utfpr.curitiba.br\\\/wp-content\\\/uploads\\\/sites\\\/44\\\/2023\\\/11\\\/WhatsApp-Image-2023-10-31-at-14.34.01.jpeg\",\"width\":1600,\"height\":1228,\"caption\":\"COTED-CT UTFPR participa de visita ao Centro de Realidade Estendida da PUCPR\"},{\"@type\":\"BreadcrumbList\",\"@id\":\"https:\\\/\\\/utfpr.curitiba.br\\\/coted\\\/?p=2139#breadcrumb\",\"itemListElement\":[{\"@type\":\"ListItem\",\"position\":1,\"name\":\"Home\",\"item\":\"https:\\\/\\\/utfpr.curitiba.br\\\/coted\\\/\"},{\"@type\":\"ListItem\",\"position\":2,\"name\":\"COTED-CT participa de visita ao Centro de Realidade Estendida da PUCPR\"}]},{\"@type\":\"WebSite\",\"@id\":\"https:\\\/\\\/utfpr.curitiba.br\\\/coted\\\/#website\",\"url\":\"https:\\\/\\\/utfpr.curitiba.br\\\/coted\\\/\",\"name\":\"COTED\",\"description\":\"Coordena\u00e7\u00e3o de Tecnologia na Educa\u00e7\u00e3o\",\"publisher\":{\"@id\":\"https:\\\/\\\/utfpr.curitiba.br\\\/coted\\\/#organization\"},\"alternateName\":\"COTED Curitiba\",\"potentialAction\":[{\"@type\":\"SearchAction\",\"target\":{\"@type\":\"EntryPoint\",\"urlTemplate\":\"https:\\\/\\\/utfpr.curitiba.br\\\/coted\\\/?s={search_term_string}\"},\"query-input\":{\"@type\":\"PropertyValueSpecification\",\"valueRequired\":true,\"valueName\":\"search_term_string\"}}],\"inLanguage\":\"pt-BR\"},{\"@type\":\"Organization\",\"@id\":\"https:\\\/\\\/utfpr.curitiba.br\\\/coted\\\/#organization\",\"name\":\"Coordena\u00e7\u00e3o de Tecnologia na Educa\u00e7\u00e3o\",\"alternateName\":\"coted curitiba\",\"url\":\"https:\\\/\\\/utfpr.curitiba.br\\\/coted\\\/\",\"logo\":{\"@type\":\"ImageObject\",\"inLanguage\":\"pt-BR\",\"@id\":\"https:\\\/\\\/utfpr.curitiba.br\\\/coted\\\/#\\\/schema\\\/logo\\\/image\\\/\",\"url\":\"https:\\\/\\\/utfpr-ct-static-content.s3.amazonaws.com\\\/utfpr.curitiba.br\\\/wp-content\\\/uploads\\\/sites\\\/44\\\/2023\\\/10\\\/LogotipoCOTED-campus.png\",\"contentUrl\":\"https:\\\/\\\/utfpr-ct-static-content.s3.amazonaws.com\\\/utfpr.curitiba.br\\\/wp-content\\\/uploads\\\/sites\\\/44\\\/2023\\\/10\\\/LogotipoCOTED-campus.png\",\"width\":1076,\"height\":276,\"caption\":\"Coordena\u00e7\u00e3o de Tecnologia na Educa\u00e7\u00e3o\"},\"image\":{\"@id\":\"https:\\\/\\\/utfpr.curitiba.br\\\/coted\\\/#\\\/schema\\\/logo\\\/image\\\/\"},\"sameAs\":[\"https:\\\/\\\/www.instagram.com\\\/coted.ct\\\/\"]},{\"@type\":\"Person\",\"@id\":\"https:\\\/\\\/utfpr.curitiba.br\\\/coted\\\/#\\\/schema\\\/person\\\/54ffd36e35efc6dcd7586dfa303e5e45\",\"name\":\"MAIARA SOARES DE CARVALHO\",\"image\":{\"@type\":\"ImageObject\",\"inLanguage\":\"pt-BR\",\"@id\":\"https:\\\/\\\/secure.gravatar.com\\\/avatar\\\/04ae42cbf857db9e4d1c8f7b49dd414d9fb6d832ea010d002f8da5eac30a568c?s=96&d=mm&r=g\",\"url\":\"https:\\\/\\\/secure.gravatar.com\\\/avatar\\\/04ae42cbf857db9e4d1c8f7b49dd414d9fb6d832ea010d002f8da5eac30a568c?s=96&d=mm&r=g\",\"contentUrl\":\"https:\\\/\\\/secure.gravatar.com\\\/avatar\\\/04ae42cbf857db9e4d1c8f7b49dd414d9fb6d832ea010d002f8da5eac30a568c?s=96&d=mm&r=g\",\"caption\":\"MAIARA SOARES DE CARVALHO\"},\"url\":\"https:\\\/\\\/utfpr.curitiba.br\\\/coted\\\/?author=157\"}]}<\/script>\n<!-- \/ Yoast SEO plugin. -->","yoast_head_json":{"title":"COTED-CT participa de visita ao Centro de Realidade Estendida da PUCPR - Coordena\u00e7\u00e3o de Tecnologia na Educa\u00e7\u00e3o","robots":{"index":"index","follow":"follow","max-snippet":"max-snippet:-1","max-image-preview":"max-image-preview:large","max-video-preview":"max-video-preview:-1"},"canonical":"https:\/\/utfpr.curitiba.br\/coted\/?p=2139","og_locale":"pt_BR","og_type":"article","og_title":"COTED-CT participa de visita ao Centro de Realidade Estendida da PUCPR - Coordena\u00e7\u00e3o de Tecnologia na Educa\u00e7\u00e3o","og_description":"Na sexta-feira, 27, a COTED-CT participou da visita ao Centro de Realidade Estendida da PUCPR, em Curitiba.","og_url":"https:\/\/utfpr.curitiba.br\/coted\/?p=2139","og_site_name":"Coordena\u00e7\u00e3o de Tecnologia na Educa\u00e7\u00e3o","article_published_time":"2023-11-01T10:55:22+00:00","article_modified_time":"2023-11-01T10:55:54+00:00","og_image":[{"width":1600,"height":1228,"url":"https:\/\/utfpr-ct-static-content.s3.amazonaws.com\/utfpr.curitiba.br\/wp-content\/uploads\/sites\/44\/2023\/11\/WhatsApp-Image-2023-10-31-at-14.34.01.jpeg","type":"image\/jpeg"}],"author":"MAIARA SOARES DE CARVALHO","twitter_card":"summary_large_image","twitter_misc":{"Written by":"MAIARA SOARES DE CARVALHO","Est. reading time":"1 minuto"},"schema":{"@context":"https:\/\/schema.org","@graph":[{"@type":"Article","@id":"https:\/\/utfpr.curitiba.br\/coted\/?p=2139#article","isPartOf":{"@id":"https:\/\/utfpr.curitiba.br\/coted\/?p=2139"},"author":{"name":"MAIARA SOARES DE CARVALHO","@id":"https:\/\/utfpr.curitiba.br\/coted\/#\/schema\/person\/54ffd36e35efc6dcd7586dfa303e5e45"},"headline":"COTED-CT participa de visita ao Centro de Realidade Estendida da PUCPR","datePublished":"2023-11-01T10:55:22+00:00","dateModified":"2023-11-01T10:55:54+00:00","mainEntityOfPage":{"@id":"https:\/\/utfpr.curitiba.br\/coted\/?p=2139"},"wordCount":245,"publisher":{"@id":"https:\/\/utfpr.curitiba.br\/coted\/#organization"},"image":{"@id":"https:\/\/utfpr.curitiba.br\/coted\/?p=2139#primaryimage"},"thumbnailUrl":"https:\/\/utfpr-ct-static-content.s3.amazonaws.com\/utfpr.curitiba.br\/wp-content\/uploads\/sites\/44\/2023\/11\/WhatsApp-Image-2023-10-31-at-14.34.01.jpeg","articleSection":["Institucional"],"inLanguage":"pt-BR"},{"@type":"WebPage","@id":"https:\/\/utfpr.curitiba.br\/coted\/?p=2139","url":"https:\/\/utfpr.curitiba.br\/coted\/?p=2139","name":"COTED-CT participa de visita ao Centro de Realidade Estendida da PUCPR - Coordena\u00e7\u00e3o de Tecnologia na Educa\u00e7\u00e3o","isPartOf":{"@id":"https:\/\/utfpr.curitiba.br\/coted\/#website"},"primaryImageOfPage":{"@id":"https:\/\/utfpr.curitiba.br\/coted\/?p=2139#primaryimage"},"image":{"@id":"https:\/\/utfpr.curitiba.br\/coted\/?p=2139#primaryimage"},"thumbnailUrl":"https:\/\/utfpr-ct-static-content.s3.amazonaws.com\/utfpr.curitiba.br\/wp-content\/uploads\/sites\/44\/2023\/11\/WhatsApp-Image-2023-10-31-at-14.34.01.jpeg","datePublished":"2023-11-01T10:55:22+00:00","dateModified":"2023-11-01T10:55:54+00:00","breadcrumb":{"@id":"https:\/\/utfpr.curitiba.br\/coted\/?p=2139#breadcrumb"},"inLanguage":"pt-BR","potentialAction":[{"@type":"ReadAction","target":["https:\/\/utfpr.curitiba.br\/coted\/?p=2139"]}]},{"@type":"ImageObject","inLanguage":"pt-BR","@id":"https:\/\/utfpr.curitiba.br\/coted\/?p=2139#primaryimage","url":"https:\/\/utfpr-ct-static-content.s3.amazonaws.com\/utfpr.curitiba.br\/wp-content\/uploads\/sites\/44\/2023\/11\/WhatsApp-Image-2023-10-31-at-14.34.01.jpeg","contentUrl":"https:\/\/utfpr-ct-static-content.s3.amazonaws.com\/utfpr.curitiba.br\/wp-content\/uploads\/sites\/44\/2023\/11\/WhatsApp-Image-2023-10-31-at-14.34.01.jpeg","width":1600,"height":1228,"caption":"COTED-CT UTFPR participa de visita ao Centro de Realidade Estendida da PUCPR"},{"@type":"BreadcrumbList","@id":"https:\/\/utfpr.curitiba.br\/coted\/?p=2139#breadcrumb","itemListElement":[{"@type":"ListItem","position":1,"name":"Home","item":"https:\/\/utfpr.curitiba.br\/coted\/"},{"@type":"ListItem","position":2,"name":"COTED-CT participa de visita ao Centro de Realidade Estendida da PUCPR"}]},{"@type":"WebSite","@id":"https:\/\/utfpr.curitiba.br\/coted\/#website","url":"https:\/\/utfpr.curitiba.br\/coted\/","name":"COTED","description":"Coordena\u00e7\u00e3o de Tecnologia na Educa\u00e7\u00e3o","publisher":{"@id":"https:\/\/utfpr.curitiba.br\/coted\/#organization"},"alternateName":"COTED Curitiba","potentialAction":[{"@type":"SearchAction","target":{"@type":"EntryPoint","urlTemplate":"https:\/\/utfpr.curitiba.br\/coted\/?s={search_term_string}"},"query-input":{"@type":"PropertyValueSpecification","valueRequired":true,"valueName":"search_term_string"}}],"inLanguage":"pt-BR"},{"@type":"Organization","@id":"https:\/\/utfpr.curitiba.br\/coted\/#organization","name":"Coordena\u00e7\u00e3o de Tecnologia na Educa\u00e7\u00e3o","alternateName":"coted curitiba","url":"https:\/\/utfpr.curitiba.br\/coted\/","logo":{"@type":"ImageObject","inLanguage":"pt-BR","@id":"https:\/\/utfpr.curitiba.br\/coted\/#\/schema\/logo\/image\/","url":"https:\/\/utfpr-ct-static-content.s3.amazonaws.com\/utfpr.curitiba.br\/wp-content\/uploads\/sites\/44\/2023\/10\/LogotipoCOTED-campus.png","contentUrl":"https:\/\/utfpr-ct-static-content.s3.amazonaws.com\/utfpr.curitiba.br\/wp-content\/uploads\/sites\/44\/2023\/10\/LogotipoCOTED-campus.png","width":1076,"height":276,"caption":"Coordena\u00e7\u00e3o de Tecnologia na Educa\u00e7\u00e3o"},"image":{"@id":"https:\/\/utfpr.curitiba.br\/coted\/#\/schema\/logo\/image\/"},"sameAs":["https:\/\/www.instagram.com\/coted.ct\/"]},{"@type":"Person","@id":"https:\/\/utfpr.curitiba.br\/coted\/#\/schema\/person\/54ffd36e35efc6dcd7586dfa303e5e45","name":"MAIARA SOARES DE CARVALHO","image":{"@type":"ImageObject","inLanguage":"pt-BR","@id":"https:\/\/secure.gravatar.com\/avatar\/04ae42cbf857db9e4d1c8f7b49dd414d9fb6d832ea010d002f8da5eac30a568c?s=96&d=mm&r=g","url":"https:\/\/secure.gravatar.com\/avatar\/04ae42cbf857db9e4d1c8f7b49dd414d9fb6d832ea010d002f8da5eac30a568c?s=96&d=mm&r=g","contentUrl":"https:\/\/secure.gravatar.com\/avatar\/04ae42cbf857db9e4d1c8f7b49dd414d9fb6d832ea010d002f8da5eac30a568c?s=96&d=mm&r=g","caption":"MAIARA SOARES DE CARVALHO"},"url":"https:\/\/utfpr.curitiba.br\/coted\/?author=157"}]}},"_links":{"self":[{"href":"https:\/\/utfpr.curitiba.br\/coted\/index.php?rest_route=\/wp\/v2\/posts\/2139","targetHints":{"allow":["GET"]}}],"collection":[{"href":"https:\/\/utfpr.curitiba.br\/coted\/index.php?rest_route=\/wp\/v2\/posts"}],"about":[{"href":"https:\/\/utfpr.curitiba.br\/coted\/index.php?rest_route=\/wp\/v2\/types\/post"}],"author":[{"embeddable":true,"href":"https:\/\/utfpr.curitiba.br\/coted\/index.php?rest_route=\/wp\/v2\/users\/157"}],"replies":[{"embeddable":true,"href":"https:\/\/utfpr.curitiba.br\/coted\/index.php?rest_route=%2Fwp%2Fv2%2Fcomments&post=2139"}],"version-history":[{"count":2,"href":"https:\/\/utfpr.curitiba.br\/coted\/index.php?rest_route=\/wp\/v2\/posts\/2139\/revisions"}],"predecessor-version":[{"id":2142,"href":"https:\/\/utfpr.curitiba.br\/coted\/index.php?rest_route=\/wp\/v2\/posts\/2139\/revisions\/2142"}],"wp:featuredmedia":[{"embeddable":true,"href":"https:\/\/utfpr.curitiba.br\/coted\/index.php?rest_route=\/wp\/v2\/media\/2140"}],"wp:attachment":[{"href":"https:\/\/utfpr.curitiba.br\/coted\/index.php?rest_route=%2Fwp%2Fv2%2Fmedia&parent=2139"}],"wp:term":[{"taxonomy":"category","embeddable":true,"href":"https:\/\/utfpr.curitiba.br\/coted\/index.php?rest_route=%2Fwp%2Fv2%2Fcategories&post=2139"},{"taxonomy":"post_tag","embeddable":true,"href":"https:\/\/utfpr.curitiba.br\/coted\/index.php?rest_route=%2Fwp%2Fv2%2Ftags&post=2139"}],"curies":[{"name":"wp","href":"https:\/\/api.w.org\/{rel}","templated":true}]}}