{"id":1494,"date":"2023-06-29T11:13:43","date_gmt":"2023-06-29T14:13:43","guid":{"rendered":"https:\/\/utfpr.curitiba.br\/coted\/?p=1494"},"modified":"2023-06-29T11:13:45","modified_gmt":"2023-06-29T14:13:45","slug":"nova-sala-de-videoconferencias-e-inaugurada","status":"publish","type":"post","link":"https:\/\/utfpr.curitiba.br\/coted\/?p=1494","title":{"rendered":"Nova sala de videoconfer\u00eancias \u00e9 inaugurada"},"content":{"rendered":"\n<p>Na tarde desta ter\u00e7a-feira, dia 23 de maio, o campus Curitiba apresentou aos chefes e coordenadores dos departamentos acad\u00eamicos a nova configura\u00e7\u00e3o da sala de videoconfer\u00eancias preparada pela Coordena\u00e7\u00e3o de Tecnologia de Educa\u00e7\u00e3o (COTED). A nova estrutura amplia a possibilidade de intera\u00e7\u00e3o e de colabora\u00e7\u00e3o entre docentes, discentes e pesquisadores.<\/p>\n\n\n\n<p>A sala CI-003, localizada na sede Centro, est\u00e1 situada ao lado da sala Poty Lazzarotto. A inaugura\u00e7\u00e3o do espa\u00e7o faz parte de um amplo projeto de obras e reformas capitaneado pela COTED com o objetivo de oferecer suporte \u00e0s mais recentes tecnologias educacionais.<\/p>\n\n\n\n<p>A nova configura\u00e7\u00e3o do local permite o uso avan\u00e7ado de tecnologias de videoconfer\u00eancia, grava\u00e7\u00e3o e transmiss\u00e3o, proporcionando um ambiente de aprendizado inovador para os estudantes e professores da institui\u00e7\u00e3o. A sala est\u00e1 pronta para ser utilizada em atividades acad\u00eamicas, como palestras, semin\u00e1rios, reuni\u00f5es e cursos a dist\u00e2ncia, fortalecendo o compromisso do campus Curitiba em promover a excel\u00eancia no ensino e na pesquisa.<\/p>\n\n\n\n<p><strong>Equipamentos<\/strong><\/p>\n\n\n\n<p>Duas c\u00e2meras com zoom \u00f3ptico de alta precis\u00e3o foram instaladas, garantindo uma experi\u00eancia imersiva e de alta qualidade durante as videoconfer\u00eancias. A sala conta com uma tela sens\u00edvel ao toque e um sistema de microfona\u00e7\u00e3o em rede, que possibilita a grava\u00e7\u00e3o de aulas de forma independente, captando o \u00e1udio em qualquer ponto da sala, sem a necessidade de microfones individuais.<\/p>\n\n\n\n<p>Al\u00e9m da sala CI-003, durante o evento tamb\u00e9m foi apresentada a nova sala de produ\u00e7\u00e3o de material digital. Para saber mais sobre esse espa\u00e7o, clique&nbsp;<a href=\"https:\/\/portal.utfpr.edu.br\/noticias\/curitiba\/sala-de-producao-de-material-digital-e-inaugurada\" target=\"_blank\" rel=\"noreferrer noopener\">aqui<\/a>.<\/p>\n\n\n\n<hr class=\"wp-block-separator has-alpha-channel-opacity\" \/>\n\n\n\n<p>Leia essa reportagem no portal da UTFPR:<a href=\"http:\/\/www.utfpr.edu.br\/noticias\/curitiba\/nova-sala-de-videoconferencias-e-inaugurada\"> http:\/\/www.utfpr.edu.br\/noticias\/curitiba\/nova-sala-de-videoconferencias-e-inaugurada<\/a><\/p>\n","protected":false},"excerpt":{"rendered":"<p>Espa\u00e7o para palestras, semin\u00e1rios, reuni\u00f5es e cursos tem equipamentos modernos<\/p>\n","protected":false},"author":157,"featured_media":1495,"comment_status":"closed","ping_status":"open","sticky":false,"template":"","format":"standard","meta":{"site-sidebar-layout":"default","site-content-layout":"","ast-site-content-layout":"default","site-content-style":"default","site-sidebar-style":"default","ast-global-header-display":"","ast-banner-title-visibility":"","ast-main-header-display":"","ast-hfb-above-header-display":"","ast-hfb-below-header-display":"","ast-hfb-mobile-header-display":"","site-post-title":"","ast-breadcrumbs-content":"","ast-featured-img":"","footer-sml-layout":"","ast-disable-related-posts":"","theme-transparent-header-meta":"","adv-header-id-meta":"","stick-header-meta":"","header-above-stick-meta":"","header-main-stick-meta":"","header-below-stick-meta":"","astra-migrate-meta-layouts":"default","ast-page-background-enabled":"default","ast-page-background-meta":{"desktop":{"background-color":"var(--ast-global-color-4)","background-image":"","background-repeat":"repeat","background-position":"center center","background-size":"auto","background-attachment":"scroll","background-type":"","background-media":"","overlay-type":"","overlay-color":"","overlay-opacity":"","overlay-gradient":""},"tablet":{"background-color":"","background-image":"","background-repeat":"repeat","background-position":"center center","background-size":"auto","background-attachment":"scroll","background-type":"","background-media":"","overlay-type":"","overlay-color":"","overlay-opacity":"","overlay-gradient":""},"mobile":{"background-color":"","background-image":"","background-repeat":"repeat","background-position":"center center","background-size":"auto","background-attachment":"scroll","background-type":"","background-media":"","overlay-type":"","overlay-color":"","overlay-opacity":"","overlay-gradient":""}},"ast-content-background-meta":{"desktop":{"background-color":"var(--ast-global-color-5)","background-image":"","background-repeat":"repeat","background-position":"center center","background-size":"auto","background-attachment":"scroll","background-type":"","background-media":"","overlay-type":"","overlay-color":"","overlay-opacity":"","overlay-gradient":""},"tablet":{"background-color":"var(--ast-global-color-5)","background-image":"","background-repeat":"repeat","background-position":"center center","background-size":"auto","background-attachment":"scroll","background-type":"","background-media":"","overlay-type":"","overlay-color":"","overlay-opacity":"","overlay-gradient":""},"mobile":{"background-color":"var(--ast-global-color-5)","background-image":"","background-repeat":"repeat","background-position":"center center","background-size":"auto","background-attachment":"scroll","background-type":"","background-media":"","overlay-type":"","overlay-color":"","overlay-opacity":"","overlay-gradient":""}},"footnotes":""},"categories":[1],"tags":[],"class_list":["post-1494","post","type-post","status-publish","format-standard","has-post-thumbnail","hentry","category-institucional"],"yoast_head":"<!-- This site is optimized with the Yoast SEO plugin v27.4 - https:\/\/yoast.com\/product\/yoast-seo-wordpress\/ -->\n<title>Nova sala de videoconfer\u00eancias \u00e9 inaugurada - Coordena\u00e7\u00e3o de Tecnologia na Educa\u00e7\u00e3o<\/title>\n<meta name=\"robots\" content=\"index, follow, max-snippet:-1, max-image-preview:large, max-video-preview:-1\" \/>\n<link rel=\"canonical\" href=\"https:\/\/utfpr.curitiba.br\/coted\/?p=1494\" \/>\n<meta property=\"og:locale\" content=\"pt_BR\" \/>\n<meta property=\"og:type\" content=\"article\" \/>\n<meta property=\"og:title\" content=\"Nova sala de videoconfer\u00eancias \u00e9 inaugurada - Coordena\u00e7\u00e3o de Tecnologia na Educa\u00e7\u00e3o\" \/>\n<meta property=\"og:description\" content=\"Espa\u00e7o para palestras, semin\u00e1rios, reuni\u00f5es e cursos tem equipamentos modernos\" \/>\n<meta property=\"og:url\" content=\"https:\/\/utfpr.curitiba.br\/coted\/?p=1494\" \/>\n<meta property=\"og:site_name\" content=\"Coordena\u00e7\u00e3o de Tecnologia na Educa\u00e7\u00e3o\" \/>\n<meta property=\"article:published_time\" content=\"2023-06-29T14:13:43+00:00\" \/>\n<meta property=\"article:modified_time\" content=\"2023-06-29T14:13:45+00:00\" \/>\n<meta property=\"og:image\" content=\"https:\/\/utfpr-ct-static-content.s3.amazonaws.com\/utfpr.curitiba.br\/wp-content\/uploads\/sites\/44\/2023\/06\/blog_multimeios-1.png\" \/>\n\t<meta property=\"og:image:width\" content=\"664\" \/>\n\t<meta property=\"og:image:height\" content=\"454\" \/>\n\t<meta property=\"og:image:type\" content=\"image\/png\" \/>\n<meta name=\"author\" content=\"MAIARA SOARES DE CARVALHO\" \/>\n<meta name=\"twitter:card\" content=\"summary_large_image\" \/>\n<meta name=\"twitter:label1\" content=\"Written by\" \/>\n\t<meta name=\"twitter:data1\" content=\"MAIARA SOARES DE CARVALHO\" \/>\n\t<meta name=\"twitter:label2\" content=\"Est. reading time\" \/>\n\t<meta name=\"twitter:data2\" content=\"1 minuto\" \/>\n<script type=\"application\/ld+json\" class=\"yoast-schema-graph\">{\"@context\":\"https:\\\/\\\/schema.org\",\"@graph\":[{\"@type\":\"Article\",\"@id\":\"https:\\\/\\\/utfpr.curitiba.br\\\/coted\\\/?p=1494#article\",\"isPartOf\":{\"@id\":\"https:\\\/\\\/utfpr.curitiba.br\\\/coted\\\/?p=1494\"},\"author\":{\"name\":\"MAIARA SOARES DE CARVALHO\",\"@id\":\"https:\\\/\\\/utfpr.curitiba.br\\\/coted\\\/#\\\/schema\\\/person\\\/54ffd36e35efc6dcd7586dfa303e5e45\"},\"headline\":\"Nova sala de videoconfer\u00eancias \u00e9 inaugurada\",\"datePublished\":\"2023-06-29T14:13:43+00:00\",\"dateModified\":\"2023-06-29T14:13:45+00:00\",\"mainEntityOfPage\":{\"@id\":\"https:\\\/\\\/utfpr.curitiba.br\\\/coted\\\/?p=1494\"},\"wordCount\":295,\"publisher\":{\"@id\":\"https:\\\/\\\/utfpr.curitiba.br\\\/coted\\\/#organization\"},\"image\":{\"@id\":\"https:\\\/\\\/utfpr.curitiba.br\\\/coted\\\/?p=1494#primaryimage\"},\"thumbnailUrl\":\"https:\\\/\\\/utfpr-ct-static-content.s3.amazonaws.com\\\/utfpr.curitiba.br\\\/wp-content\\\/uploads\\\/sites\\\/44\\\/2023\\\/06\\\/blog_multimeios-1.png\",\"articleSection\":[\"Institucional\"],\"inLanguage\":\"pt-BR\"},{\"@type\":\"WebPage\",\"@id\":\"https:\\\/\\\/utfpr.curitiba.br\\\/coted\\\/?p=1494\",\"url\":\"https:\\\/\\\/utfpr.curitiba.br\\\/coted\\\/?p=1494\",\"name\":\"Nova sala de videoconfer\u00eancias \u00e9 inaugurada - Coordena\u00e7\u00e3o de Tecnologia na Educa\u00e7\u00e3o\",\"isPartOf\":{\"@id\":\"https:\\\/\\\/utfpr.curitiba.br\\\/coted\\\/#website\"},\"primaryImageOfPage\":{\"@id\":\"https:\\\/\\\/utfpr.curitiba.br\\\/coted\\\/?p=1494#primaryimage\"},\"image\":{\"@id\":\"https:\\\/\\\/utfpr.curitiba.br\\\/coted\\\/?p=1494#primaryimage\"},\"thumbnailUrl\":\"https:\\\/\\\/utfpr-ct-static-content.s3.amazonaws.com\\\/utfpr.curitiba.br\\\/wp-content\\\/uploads\\\/sites\\\/44\\\/2023\\\/06\\\/blog_multimeios-1.png\",\"datePublished\":\"2023-06-29T14:13:43+00:00\",\"dateModified\":\"2023-06-29T14:13:45+00:00\",\"breadcrumb\":{\"@id\":\"https:\\\/\\\/utfpr.curitiba.br\\\/coted\\\/?p=1494#breadcrumb\"},\"inLanguage\":\"pt-BR\",\"potentialAction\":[{\"@type\":\"ReadAction\",\"target\":[\"https:\\\/\\\/utfpr.curitiba.br\\\/coted\\\/?p=1494\"]}]},{\"@type\":\"ImageObject\",\"inLanguage\":\"pt-BR\",\"@id\":\"https:\\\/\\\/utfpr.curitiba.br\\\/coted\\\/?p=1494#primaryimage\",\"url\":\"https:\\\/\\\/utfpr-ct-static-content.s3.amazonaws.com\\\/utfpr.curitiba.br\\\/wp-content\\\/uploads\\\/sites\\\/44\\\/2023\\\/06\\\/blog_multimeios-1.png\",\"contentUrl\":\"https:\\\/\\\/utfpr-ct-static-content.s3.amazonaws.com\\\/utfpr.curitiba.br\\\/wp-content\\\/uploads\\\/sites\\\/44\\\/2023\\\/06\\\/blog_multimeios-1.png\",\"width\":664,\"height\":454,\"caption\":\"Chefes de departamento e coordenadores de curso conheceram o espa\u00e7o\"},{\"@type\":\"BreadcrumbList\",\"@id\":\"https:\\\/\\\/utfpr.curitiba.br\\\/coted\\\/?p=1494#breadcrumb\",\"itemListElement\":[{\"@type\":\"ListItem\",\"position\":1,\"name\":\"Home\",\"item\":\"https:\\\/\\\/utfpr.curitiba.br\\\/coted\\\/\"},{\"@type\":\"ListItem\",\"position\":2,\"name\":\"Nova sala de videoconfer\u00eancias \u00e9 inaugurada\"}]},{\"@type\":\"WebSite\",\"@id\":\"https:\\\/\\\/utfpr.curitiba.br\\\/coted\\\/#website\",\"url\":\"https:\\\/\\\/utfpr.curitiba.br\\\/coted\\\/\",\"name\":\"COTED\",\"description\":\"Coordena\u00e7\u00e3o de Tecnologia na Educa\u00e7\u00e3o\",\"publisher\":{\"@id\":\"https:\\\/\\\/utfpr.curitiba.br\\\/coted\\\/#organization\"},\"alternateName\":\"COTED Curitiba\",\"potentialAction\":[{\"@type\":\"SearchAction\",\"target\":{\"@type\":\"EntryPoint\",\"urlTemplate\":\"https:\\\/\\\/utfpr.curitiba.br\\\/coted\\\/?s={search_term_string}\"},\"query-input\":{\"@type\":\"PropertyValueSpecification\",\"valueRequired\":true,\"valueName\":\"search_term_string\"}}],\"inLanguage\":\"pt-BR\"},{\"@type\":\"Organization\",\"@id\":\"https:\\\/\\\/utfpr.curitiba.br\\\/coted\\\/#organization\",\"name\":\"Coordena\u00e7\u00e3o de Tecnologia na Educa\u00e7\u00e3o\",\"alternateName\":\"coted curitiba\",\"url\":\"https:\\\/\\\/utfpr.curitiba.br\\\/coted\\\/\",\"logo\":{\"@type\":\"ImageObject\",\"inLanguage\":\"pt-BR\",\"@id\":\"https:\\\/\\\/utfpr.curitiba.br\\\/coted\\\/#\\\/schema\\\/logo\\\/image\\\/\",\"url\":\"https:\\\/\\\/utfpr-ct-static-content.s3.amazonaws.com\\\/utfpr.curitiba.br\\\/wp-content\\\/uploads\\\/sites\\\/44\\\/2023\\\/10\\\/LogotipoCOTED-campus.png\",\"contentUrl\":\"https:\\\/\\\/utfpr-ct-static-content.s3.amazonaws.com\\\/utfpr.curitiba.br\\\/wp-content\\\/uploads\\\/sites\\\/44\\\/2023\\\/10\\\/LogotipoCOTED-campus.png\",\"width\":1076,\"height\":276,\"caption\":\"Coordena\u00e7\u00e3o de Tecnologia na Educa\u00e7\u00e3o\"},\"image\":{\"@id\":\"https:\\\/\\\/utfpr.curitiba.br\\\/coted\\\/#\\\/schema\\\/logo\\\/image\\\/\"},\"sameAs\":[\"https:\\\/\\\/www.instagram.com\\\/coted.ct\\\/\"]},{\"@type\":\"Person\",\"@id\":\"https:\\\/\\\/utfpr.curitiba.br\\\/coted\\\/#\\\/schema\\\/person\\\/54ffd36e35efc6dcd7586dfa303e5e45\",\"name\":\"MAIARA SOARES DE CARVALHO\",\"image\":{\"@type\":\"ImageObject\",\"inLanguage\":\"pt-BR\",\"@id\":\"https:\\\/\\\/secure.gravatar.com\\\/avatar\\\/04ae42cbf857db9e4d1c8f7b49dd414d9fb6d832ea010d002f8da5eac30a568c?s=96&d=mm&r=g\",\"url\":\"https:\\\/\\\/secure.gravatar.com\\\/avatar\\\/04ae42cbf857db9e4d1c8f7b49dd414d9fb6d832ea010d002f8da5eac30a568c?s=96&d=mm&r=g\",\"contentUrl\":\"https:\\\/\\\/secure.gravatar.com\\\/avatar\\\/04ae42cbf857db9e4d1c8f7b49dd414d9fb6d832ea010d002f8da5eac30a568c?s=96&d=mm&r=g\",\"caption\":\"MAIARA SOARES DE CARVALHO\"},\"url\":\"https:\\\/\\\/utfpr.curitiba.br\\\/coted\\\/?author=157\"}]}<\/script>\n<!-- \/ Yoast SEO plugin. -->","yoast_head_json":{"title":"Nova sala de videoconfer\u00eancias \u00e9 inaugurada - Coordena\u00e7\u00e3o de Tecnologia na Educa\u00e7\u00e3o","robots":{"index":"index","follow":"follow","max-snippet":"max-snippet:-1","max-image-preview":"max-image-preview:large","max-video-preview":"max-video-preview:-1"},"canonical":"https:\/\/utfpr.curitiba.br\/coted\/?p=1494","og_locale":"pt_BR","og_type":"article","og_title":"Nova sala de videoconfer\u00eancias \u00e9 inaugurada - Coordena\u00e7\u00e3o de Tecnologia na Educa\u00e7\u00e3o","og_description":"Espa\u00e7o para palestras, semin\u00e1rios, reuni\u00f5es e cursos tem equipamentos modernos","og_url":"https:\/\/utfpr.curitiba.br\/coted\/?p=1494","og_site_name":"Coordena\u00e7\u00e3o de Tecnologia na Educa\u00e7\u00e3o","article_published_time":"2023-06-29T14:13:43+00:00","article_modified_time":"2023-06-29T14:13:45+00:00","og_image":[{"width":664,"height":454,"url":"https:\/\/utfpr-ct-static-content.s3.amazonaws.com\/utfpr.curitiba.br\/wp-content\/uploads\/sites\/44\/2023\/06\/blog_multimeios-1.png","type":"image\/png"}],"author":"MAIARA SOARES DE CARVALHO","twitter_card":"summary_large_image","twitter_misc":{"Written by":"MAIARA SOARES DE CARVALHO","Est. reading time":"1 minuto"},"schema":{"@context":"https:\/\/schema.org","@graph":[{"@type":"Article","@id":"https:\/\/utfpr.curitiba.br\/coted\/?p=1494#article","isPartOf":{"@id":"https:\/\/utfpr.curitiba.br\/coted\/?p=1494"},"author":{"name":"MAIARA SOARES DE CARVALHO","@id":"https:\/\/utfpr.curitiba.br\/coted\/#\/schema\/person\/54ffd36e35efc6dcd7586dfa303e5e45"},"headline":"Nova sala de videoconfer\u00eancias \u00e9 inaugurada","datePublished":"2023-06-29T14:13:43+00:00","dateModified":"2023-06-29T14:13:45+00:00","mainEntityOfPage":{"@id":"https:\/\/utfpr.curitiba.br\/coted\/?p=1494"},"wordCount":295,"publisher":{"@id":"https:\/\/utfpr.curitiba.br\/coted\/#organization"},"image":{"@id":"https:\/\/utfpr.curitiba.br\/coted\/?p=1494#primaryimage"},"thumbnailUrl":"https:\/\/utfpr-ct-static-content.s3.amazonaws.com\/utfpr.curitiba.br\/wp-content\/uploads\/sites\/44\/2023\/06\/blog_multimeios-1.png","articleSection":["Institucional"],"inLanguage":"pt-BR"},{"@type":"WebPage","@id":"https:\/\/utfpr.curitiba.br\/coted\/?p=1494","url":"https:\/\/utfpr.curitiba.br\/coted\/?p=1494","name":"Nova sala de videoconfer\u00eancias \u00e9 inaugurada - Coordena\u00e7\u00e3o de Tecnologia na Educa\u00e7\u00e3o","isPartOf":{"@id":"https:\/\/utfpr.curitiba.br\/coted\/#website"},"primaryImageOfPage":{"@id":"https:\/\/utfpr.curitiba.br\/coted\/?p=1494#primaryimage"},"image":{"@id":"https:\/\/utfpr.curitiba.br\/coted\/?p=1494#primaryimage"},"thumbnailUrl":"https:\/\/utfpr-ct-static-content.s3.amazonaws.com\/utfpr.curitiba.br\/wp-content\/uploads\/sites\/44\/2023\/06\/blog_multimeios-1.png","datePublished":"2023-06-29T14:13:43+00:00","dateModified":"2023-06-29T14:13:45+00:00","breadcrumb":{"@id":"https:\/\/utfpr.curitiba.br\/coted\/?p=1494#breadcrumb"},"inLanguage":"pt-BR","potentialAction":[{"@type":"ReadAction","target":["https:\/\/utfpr.curitiba.br\/coted\/?p=1494"]}]},{"@type":"ImageObject","inLanguage":"pt-BR","@id":"https:\/\/utfpr.curitiba.br\/coted\/?p=1494#primaryimage","url":"https:\/\/utfpr-ct-static-content.s3.amazonaws.com\/utfpr.curitiba.br\/wp-content\/uploads\/sites\/44\/2023\/06\/blog_multimeios-1.png","contentUrl":"https:\/\/utfpr-ct-static-content.s3.amazonaws.com\/utfpr.curitiba.br\/wp-content\/uploads\/sites\/44\/2023\/06\/blog_multimeios-1.png","width":664,"height":454,"caption":"Chefes de departamento e coordenadores de curso conheceram o espa\u00e7o"},{"@type":"BreadcrumbList","@id":"https:\/\/utfpr.curitiba.br\/coted\/?p=1494#breadcrumb","itemListElement":[{"@type":"ListItem","position":1,"name":"Home","item":"https:\/\/utfpr.curitiba.br\/coted\/"},{"@type":"ListItem","position":2,"name":"Nova sala de videoconfer\u00eancias \u00e9 inaugurada"}]},{"@type":"WebSite","@id":"https:\/\/utfpr.curitiba.br\/coted\/#website","url":"https:\/\/utfpr.curitiba.br\/coted\/","name":"COTED","description":"Coordena\u00e7\u00e3o de Tecnologia na Educa\u00e7\u00e3o","publisher":{"@id":"https:\/\/utfpr.curitiba.br\/coted\/#organization"},"alternateName":"COTED Curitiba","potentialAction":[{"@type":"SearchAction","target":{"@type":"EntryPoint","urlTemplate":"https:\/\/utfpr.curitiba.br\/coted\/?s={search_term_string}"},"query-input":{"@type":"PropertyValueSpecification","valueRequired":true,"valueName":"search_term_string"}}],"inLanguage":"pt-BR"},{"@type":"Organization","@id":"https:\/\/utfpr.curitiba.br\/coted\/#organization","name":"Coordena\u00e7\u00e3o de Tecnologia na Educa\u00e7\u00e3o","alternateName":"coted curitiba","url":"https:\/\/utfpr.curitiba.br\/coted\/","logo":{"@type":"ImageObject","inLanguage":"pt-BR","@id":"https:\/\/utfpr.curitiba.br\/coted\/#\/schema\/logo\/image\/","url":"https:\/\/utfpr-ct-static-content.s3.amazonaws.com\/utfpr.curitiba.br\/wp-content\/uploads\/sites\/44\/2023\/10\/LogotipoCOTED-campus.png","contentUrl":"https:\/\/utfpr-ct-static-content.s3.amazonaws.com\/utfpr.curitiba.br\/wp-content\/uploads\/sites\/44\/2023\/10\/LogotipoCOTED-campus.png","width":1076,"height":276,"caption":"Coordena\u00e7\u00e3o de Tecnologia na Educa\u00e7\u00e3o"},"image":{"@id":"https:\/\/utfpr.curitiba.br\/coted\/#\/schema\/logo\/image\/"},"sameAs":["https:\/\/www.instagram.com\/coted.ct\/"]},{"@type":"Person","@id":"https:\/\/utfpr.curitiba.br\/coted\/#\/schema\/person\/54ffd36e35efc6dcd7586dfa303e5e45","name":"MAIARA SOARES DE CARVALHO","image":{"@type":"ImageObject","inLanguage":"pt-BR","@id":"https:\/\/secure.gravatar.com\/avatar\/04ae42cbf857db9e4d1c8f7b49dd414d9fb6d832ea010d002f8da5eac30a568c?s=96&d=mm&r=g","url":"https:\/\/secure.gravatar.com\/avatar\/04ae42cbf857db9e4d1c8f7b49dd414d9fb6d832ea010d002f8da5eac30a568c?s=96&d=mm&r=g","contentUrl":"https:\/\/secure.gravatar.com\/avatar\/04ae42cbf857db9e4d1c8f7b49dd414d9fb6d832ea010d002f8da5eac30a568c?s=96&d=mm&r=g","caption":"MAIARA SOARES DE CARVALHO"},"url":"https:\/\/utfpr.curitiba.br\/coted\/?author=157"}]}},"_links":{"self":[{"href":"https:\/\/utfpr.curitiba.br\/coted\/index.php?rest_route=\/wp\/v2\/posts\/1494","targetHints":{"allow":["GET"]}}],"collection":[{"href":"https:\/\/utfpr.curitiba.br\/coted\/index.php?rest_route=\/wp\/v2\/posts"}],"about":[{"href":"https:\/\/utfpr.curitiba.br\/coted\/index.php?rest_route=\/wp\/v2\/types\/post"}],"author":[{"embeddable":true,"href":"https:\/\/utfpr.curitiba.br\/coted\/index.php?rest_route=\/wp\/v2\/users\/157"}],"replies":[{"embeddable":true,"href":"https:\/\/utfpr.curitiba.br\/coted\/index.php?rest_route=%2Fwp%2Fv2%2Fcomments&post=1494"}],"version-history":[{"count":1,"href":"https:\/\/utfpr.curitiba.br\/coted\/index.php?rest_route=\/wp\/v2\/posts\/1494\/revisions"}],"predecessor-version":[{"id":1496,"href":"https:\/\/utfpr.curitiba.br\/coted\/index.php?rest_route=\/wp\/v2\/posts\/1494\/revisions\/1496"}],"wp:featuredmedia":[{"embeddable":true,"href":"https:\/\/utfpr.curitiba.br\/coted\/index.php?rest_route=\/wp\/v2\/media\/1495"}],"wp:attachment":[{"href":"https:\/\/utfpr.curitiba.br\/coted\/index.php?rest_route=%2Fwp%2Fv2%2Fmedia&parent=1494"}],"wp:term":[{"taxonomy":"category","embeddable":true,"href":"https:\/\/utfpr.curitiba.br\/coted\/index.php?rest_route=%2Fwp%2Fv2%2Fcategories&post=1494"},{"taxonomy":"post_tag","embeddable":true,"href":"https:\/\/utfpr.curitiba.br\/coted\/index.php?rest_route=%2Fwp%2Fv2%2Ftags&post=1494"}],"curies":[{"name":"wp","href":"https:\/\/api.w.org\/{rel}","templated":true}]}}