{"id":1490,"date":"2023-06-29T11:11:23","date_gmt":"2023-06-29T14:11:23","guid":{"rendered":"https:\/\/utfpr.curitiba.br\/coted\/?p=1490"},"modified":"2023-06-29T11:11:25","modified_gmt":"2023-06-29T14:11:25","slug":"sala-de-producao-de-material-digital-e-inaugurada","status":"publish","type":"post","link":"https:\/\/utfpr.curitiba.br\/coted\/?p=1490","title":{"rendered":"Sala de produ\u00e7\u00e3o de material digital \u00e9 inaugurada"},"content":{"rendered":"\n<p>Uma nova sala de produ\u00e7\u00e3o de material audiovisual do campus Curitiba est\u00e1 em uso no Bloco A da sede Centro e fornece suporte t\u00e9cnico para professores e estudantes produzirem conte\u00fados digitais e materiais did\u00e1ticos. O espa\u00e7o est\u00e1 dividido em seis pequenas salas que proporcionam condi\u00e7\u00f5es e estrutura de inform\u00e1tica para realizar reuni\u00f5es, orienta\u00e7\u00f5es, grupos de pesquisa, bancas remotas e outras produ\u00e7\u00f5es de conte\u00fado como aulas, v\u00eddeos para Educa\u00e7\u00e3o a Dist\u00e2ncia (EAD) e grava\u00e7\u00e3o de \u00e1udio.<\/p>\n\n\n\n<p>A sala foi idealizada pela Coordena\u00e7\u00e3o de Tecnologia na Educa\u00e7\u00e3o do campus Curitiba (COTED-CT) e a iniciativa teve apoio da Dire\u00e7\u00e3o-Geral (DIRGE-CT), da Diretoria de Gradua\u00e7\u00e3o e Educa\u00e7\u00e3o Profissional (DIRGRAD-CT) e da equipe de manuten\u00e7\u00e3o do Departamento de Projetos e Obras (DEPRO).<\/p>\n\n\n\n<p>Conforme Jo\u00e3o Paulo Kuzma, chefe da COTED, \u201ca ideia para constru\u00e7\u00e3o do espa\u00e7o surgiu a partir da necessidade dos professores que procuravam um ambiente de simples opera\u00e7\u00e3o para gravarem. O ambiente n\u00e3o se restringe apenas \u00e0 grava\u00e7\u00e3o audiovisual, mas tamb\u00e9m para realizar orienta\u00e7\u00f5es, discuss\u00f5es on-line, bancas remotas, produ\u00e7\u00e3o de desenhos ou qualquer outro material que precise de uma estrutura m\u00ednima de inform\u00e1tica\u201d.&nbsp;O espa\u00e7o foi projetado para as mais diversas pr\u00e1ticas, \u201csuporte t\u00e9cnico para produ\u00e7\u00e3o de material, orienta\u00e7\u00e3o, defesas de bancas remotas, encontros de grupo de pesquisa on-line, realiza\u00e7\u00e3o de&nbsp;<em>live<\/em>, plataformas de webconfer\u00eancias&#8221;, comenta Kuzma.&nbsp;<\/p>\n\n\n\n<p>De acordo com Luciane Agnotetti, do DEPRO, \u201ca equipe tem se dedicado a realizar mais um trabalho que obteve um \u00f3timo resultado. Ent\u00e3o, este \u00e9 mais um dos trabalhos finalizados com sucesso\u201d.&nbsp;<\/p>\n\n\n\n<p>Futuramente, as reservas ser\u00e3o feitas por um sistema. Por enquanto, a comunidade pode fazer reserva e conhecer o ambiente entrando em contato pelo e-mail:&nbsp;<a href=\"mailto:coted-ct@utfpr.edu.br\">coted-ct@utfpr.edu.br<\/a>.&nbsp;<\/p>\n\n\n\n<hr class=\"wp-block-separator has-alpha-channel-opacity\" \/>\n\n\n\n<p>Leia essa reportagem no portal da UTFPR: <a href=\"http:\/\/www.utfpr.edu.br\/noticias\/curitiba\/sala-de-producao-de-material-digital-e-inaugurada\" target=\"_blank\" rel=\"noreferrer noopener\">http:\/\/www.utfpr.edu.br\/noticias\/curitiba\/sala-de-producao-de-material-digital-e-inaugurada<\/a><\/p>\n","protected":false},"excerpt":{"rendered":"<p>Novo ambiente est\u00e1 dispon\u00edvel para a comunidade<\/p>\n","protected":false},"author":157,"featured_media":1492,"comment_status":"closed","ping_status":"open","sticky":false,"template":"","format":"standard","meta":{"site-sidebar-layout":"default","site-content-layout":"","ast-site-content-layout":"default","site-content-style":"default","site-sidebar-style":"default","ast-global-header-display":"","ast-banner-title-visibility":"","ast-main-header-display":"","ast-hfb-above-header-display":"","ast-hfb-below-header-display":"","ast-hfb-mobile-header-display":"","site-post-title":"","ast-breadcrumbs-content":"","ast-featured-img":"","footer-sml-layout":"","ast-disable-related-posts":"","theme-transparent-header-meta":"","adv-header-id-meta":"","stick-header-meta":"","header-above-stick-meta":"","header-main-stick-meta":"","header-below-stick-meta":"","astra-migrate-meta-layouts":"default","ast-page-background-enabled":"default","ast-page-background-meta":{"desktop":{"background-color":"var(--ast-global-color-4)","background-image":"","background-repeat":"repeat","background-position":"center center","background-size":"auto","background-attachment":"scroll","background-type":"","background-media":"","overlay-type":"","overlay-color":"","overlay-opacity":"","overlay-gradient":""},"tablet":{"background-color":"","background-image":"","background-repeat":"repeat","background-position":"center center","background-size":"auto","background-attachment":"scroll","background-type":"","background-media":"","overlay-type":"","overlay-color":"","overlay-opacity":"","overlay-gradient":""},"mobile":{"background-color":"","background-image":"","background-repeat":"repeat","background-position":"center center","background-size":"auto","background-attachment":"scroll","background-type":"","background-media":"","overlay-type":"","overlay-color":"","overlay-opacity":"","overlay-gradient":""}},"ast-content-background-meta":{"desktop":{"background-color":"var(--ast-global-color-5)","background-image":"","background-repeat":"repeat","background-position":"center center","background-size":"auto","background-attachment":"scroll","background-type":"","background-media":"","overlay-type":"","overlay-color":"","overlay-opacity":"","overlay-gradient":""},"tablet":{"background-color":"var(--ast-global-color-5)","background-image":"","background-repeat":"repeat","background-position":"center center","background-size":"auto","background-attachment":"scroll","background-type":"","background-media":"","overlay-type":"","overlay-color":"","overlay-opacity":"","overlay-gradient":""},"mobile":{"background-color":"var(--ast-global-color-5)","background-image":"","background-repeat":"repeat","background-position":"center center","background-size":"auto","background-attachment":"scroll","background-type":"","background-media":"","overlay-type":"","overlay-color":"","overlay-opacity":"","overlay-gradient":""}},"footnotes":""},"categories":[1],"tags":[],"class_list":["post-1490","post","type-post","status-publish","format-standard","has-post-thumbnail","hentry","category-institucional"],"yoast_head":"<!-- This site is optimized with the Yoast SEO plugin v27.4 - https:\/\/yoast.com\/product\/yoast-seo-wordpress\/ -->\n<title>Sala de produ\u00e7\u00e3o de material digital \u00e9 inaugurada - Coordena\u00e7\u00e3o de Tecnologia na Educa\u00e7\u00e3o<\/title>\n<meta name=\"robots\" content=\"index, follow, max-snippet:-1, max-image-preview:large, max-video-preview:-1\" \/>\n<link rel=\"canonical\" href=\"https:\/\/utfpr.curitiba.br\/coted\/?p=1490\" \/>\n<meta property=\"og:locale\" content=\"pt_BR\" \/>\n<meta property=\"og:type\" content=\"article\" \/>\n<meta property=\"og:title\" content=\"Sala de produ\u00e7\u00e3o de material digital \u00e9 inaugurada - Coordena\u00e7\u00e3o de Tecnologia na Educa\u00e7\u00e3o\" \/>\n<meta property=\"og:description\" content=\"Novo ambiente est\u00e1 dispon\u00edvel para a comunidade\" \/>\n<meta property=\"og:url\" content=\"https:\/\/utfpr.curitiba.br\/coted\/?p=1490\" \/>\n<meta property=\"og:site_name\" content=\"Coordena\u00e7\u00e3o de Tecnologia na Educa\u00e7\u00e3o\" \/>\n<meta property=\"article:published_time\" content=\"2023-06-29T14:11:23+00:00\" \/>\n<meta property=\"article:modified_time\" content=\"2023-06-29T14:11:25+00:00\" \/>\n<meta property=\"og:image\" content=\"https:\/\/utfpr-ct-static-content.s3.amazonaws.com\/utfpr.curitiba.br\/wp-content\/uploads\/sites\/44\/2023\/06\/blog_cabines.png\" \/>\n\t<meta property=\"og:image:width\" content=\"664\" \/>\n\t<meta property=\"og:image:height\" content=\"454\" \/>\n\t<meta property=\"og:image:type\" content=\"image\/png\" \/>\n<meta name=\"author\" content=\"MAIARA SOARES DE CARVALHO\" \/>\n<meta name=\"twitter:card\" content=\"summary_large_image\" \/>\n<meta name=\"twitter:label1\" content=\"Written by\" \/>\n\t<meta name=\"twitter:data1\" content=\"MAIARA SOARES DE CARVALHO\" \/>\n\t<meta name=\"twitter:label2\" content=\"Est. reading time\" \/>\n\t<meta name=\"twitter:data2\" content=\"2 minutos\" \/>\n<script type=\"application\/ld+json\" class=\"yoast-schema-graph\">{\"@context\":\"https:\\\/\\\/schema.org\",\"@graph\":[{\"@type\":\"Article\",\"@id\":\"https:\\\/\\\/utfpr.curitiba.br\\\/coted\\\/?p=1490#article\",\"isPartOf\":{\"@id\":\"https:\\\/\\\/utfpr.curitiba.br\\\/coted\\\/?p=1490\"},\"author\":{\"name\":\"MAIARA SOARES DE CARVALHO\",\"@id\":\"https:\\\/\\\/utfpr.curitiba.br\\\/coted\\\/#\\\/schema\\\/person\\\/54ffd36e35efc6dcd7586dfa303e5e45\"},\"headline\":\"Sala de produ\u00e7\u00e3o de material digital \u00e9 inaugurada\",\"datePublished\":\"2023-06-29T14:11:23+00:00\",\"dateModified\":\"2023-06-29T14:11:25+00:00\",\"mainEntityOfPage\":{\"@id\":\"https:\\\/\\\/utfpr.curitiba.br\\\/coted\\\/?p=1490\"},\"wordCount\":342,\"publisher\":{\"@id\":\"https:\\\/\\\/utfpr.curitiba.br\\\/coted\\\/#organization\"},\"image\":{\"@id\":\"https:\\\/\\\/utfpr.curitiba.br\\\/coted\\\/?p=1490#primaryimage\"},\"thumbnailUrl\":\"https:\\\/\\\/utfpr-ct-static-content.s3.amazonaws.com\\\/utfpr.curitiba.br\\\/wp-content\\\/uploads\\\/sites\\\/44\\\/2023\\\/06\\\/blog_cabines.png\",\"articleSection\":[\"Institucional\"],\"inLanguage\":\"pt-BR\"},{\"@type\":\"WebPage\",\"@id\":\"https:\\\/\\\/utfpr.curitiba.br\\\/coted\\\/?p=1490\",\"url\":\"https:\\\/\\\/utfpr.curitiba.br\\\/coted\\\/?p=1490\",\"name\":\"Sala de produ\u00e7\u00e3o de material digital \u00e9 inaugurada - Coordena\u00e7\u00e3o de Tecnologia na Educa\u00e7\u00e3o\",\"isPartOf\":{\"@id\":\"https:\\\/\\\/utfpr.curitiba.br\\\/coted\\\/#website\"},\"primaryImageOfPage\":{\"@id\":\"https:\\\/\\\/utfpr.curitiba.br\\\/coted\\\/?p=1490#primaryimage\"},\"image\":{\"@id\":\"https:\\\/\\\/utfpr.curitiba.br\\\/coted\\\/?p=1490#primaryimage\"},\"thumbnailUrl\":\"https:\\\/\\\/utfpr-ct-static-content.s3.amazonaws.com\\\/utfpr.curitiba.br\\\/wp-content\\\/uploads\\\/sites\\\/44\\\/2023\\\/06\\\/blog_cabines.png\",\"datePublished\":\"2023-06-29T14:11:23+00:00\",\"dateModified\":\"2023-06-29T14:11:25+00:00\",\"breadcrumb\":{\"@id\":\"https:\\\/\\\/utfpr.curitiba.br\\\/coted\\\/?p=1490#breadcrumb\"},\"inLanguage\":\"pt-BR\",\"potentialAction\":[{\"@type\":\"ReadAction\",\"target\":[\"https:\\\/\\\/utfpr.curitiba.br\\\/coted\\\/?p=1490\"]}]},{\"@type\":\"ImageObject\",\"inLanguage\":\"pt-BR\",\"@id\":\"https:\\\/\\\/utfpr.curitiba.br\\\/coted\\\/?p=1490#primaryimage\",\"url\":\"https:\\\/\\\/utfpr-ct-static-content.s3.amazonaws.com\\\/utfpr.curitiba.br\\\/wp-content\\\/uploads\\\/sites\\\/44\\\/2023\\\/06\\\/blog_cabines.png\",\"contentUrl\":\"https:\\\/\\\/utfpr-ct-static-content.s3.amazonaws.com\\\/utfpr.curitiba.br\\\/wp-content\\\/uploads\\\/sites\\\/44\\\/2023\\\/06\\\/blog_cabines.png\",\"width\":664,\"height\":454,\"caption\":\"Salas de produ\u00e7ao de material digital (cabines) da Coordena\u00e7\u00e3o de Tecnologia na Educa\u00e7\u00e3o do campus Curitiba da UTFPR\"},{\"@type\":\"BreadcrumbList\",\"@id\":\"https:\\\/\\\/utfpr.curitiba.br\\\/coted\\\/?p=1490#breadcrumb\",\"itemListElement\":[{\"@type\":\"ListItem\",\"position\":1,\"name\":\"Home\",\"item\":\"https:\\\/\\\/utfpr.curitiba.br\\\/coted\\\/\"},{\"@type\":\"ListItem\",\"position\":2,\"name\":\"Sala de produ\u00e7\u00e3o de material digital \u00e9 inaugurada\"}]},{\"@type\":\"WebSite\",\"@id\":\"https:\\\/\\\/utfpr.curitiba.br\\\/coted\\\/#website\",\"url\":\"https:\\\/\\\/utfpr.curitiba.br\\\/coted\\\/\",\"name\":\"COTED\",\"description\":\"Coordena\u00e7\u00e3o de Tecnologia na Educa\u00e7\u00e3o\",\"publisher\":{\"@id\":\"https:\\\/\\\/utfpr.curitiba.br\\\/coted\\\/#organization\"},\"alternateName\":\"COTED Curitiba\",\"potentialAction\":[{\"@type\":\"SearchAction\",\"target\":{\"@type\":\"EntryPoint\",\"urlTemplate\":\"https:\\\/\\\/utfpr.curitiba.br\\\/coted\\\/?s={search_term_string}\"},\"query-input\":{\"@type\":\"PropertyValueSpecification\",\"valueRequired\":true,\"valueName\":\"search_term_string\"}}],\"inLanguage\":\"pt-BR\"},{\"@type\":\"Organization\",\"@id\":\"https:\\\/\\\/utfpr.curitiba.br\\\/coted\\\/#organization\",\"name\":\"Coordena\u00e7\u00e3o de Tecnologia na Educa\u00e7\u00e3o\",\"alternateName\":\"coted curitiba\",\"url\":\"https:\\\/\\\/utfpr.curitiba.br\\\/coted\\\/\",\"logo\":{\"@type\":\"ImageObject\",\"inLanguage\":\"pt-BR\",\"@id\":\"https:\\\/\\\/utfpr.curitiba.br\\\/coted\\\/#\\\/schema\\\/logo\\\/image\\\/\",\"url\":\"https:\\\/\\\/utfpr-ct-static-content.s3.amazonaws.com\\\/utfpr.curitiba.br\\\/wp-content\\\/uploads\\\/sites\\\/44\\\/2023\\\/10\\\/LogotipoCOTED-campus.png\",\"contentUrl\":\"https:\\\/\\\/utfpr-ct-static-content.s3.amazonaws.com\\\/utfpr.curitiba.br\\\/wp-content\\\/uploads\\\/sites\\\/44\\\/2023\\\/10\\\/LogotipoCOTED-campus.png\",\"width\":1076,\"height\":276,\"caption\":\"Coordena\u00e7\u00e3o de Tecnologia na Educa\u00e7\u00e3o\"},\"image\":{\"@id\":\"https:\\\/\\\/utfpr.curitiba.br\\\/coted\\\/#\\\/schema\\\/logo\\\/image\\\/\"},\"sameAs\":[\"https:\\\/\\\/www.instagram.com\\\/coted.ct\\\/\"]},{\"@type\":\"Person\",\"@id\":\"https:\\\/\\\/utfpr.curitiba.br\\\/coted\\\/#\\\/schema\\\/person\\\/54ffd36e35efc6dcd7586dfa303e5e45\",\"name\":\"MAIARA SOARES DE CARVALHO\",\"image\":{\"@type\":\"ImageObject\",\"inLanguage\":\"pt-BR\",\"@id\":\"https:\\\/\\\/secure.gravatar.com\\\/avatar\\\/04ae42cbf857db9e4d1c8f7b49dd414d9fb6d832ea010d002f8da5eac30a568c?s=96&d=mm&r=g\",\"url\":\"https:\\\/\\\/secure.gravatar.com\\\/avatar\\\/04ae42cbf857db9e4d1c8f7b49dd414d9fb6d832ea010d002f8da5eac30a568c?s=96&d=mm&r=g\",\"contentUrl\":\"https:\\\/\\\/secure.gravatar.com\\\/avatar\\\/04ae42cbf857db9e4d1c8f7b49dd414d9fb6d832ea010d002f8da5eac30a568c?s=96&d=mm&r=g\",\"caption\":\"MAIARA SOARES DE CARVALHO\"},\"url\":\"https:\\\/\\\/utfpr.curitiba.br\\\/coted\\\/?author=157\"}]}<\/script>\n<!-- \/ Yoast SEO plugin. -->","yoast_head_json":{"title":"Sala de produ\u00e7\u00e3o de material digital \u00e9 inaugurada - Coordena\u00e7\u00e3o de Tecnologia na Educa\u00e7\u00e3o","robots":{"index":"index","follow":"follow","max-snippet":"max-snippet:-1","max-image-preview":"max-image-preview:large","max-video-preview":"max-video-preview:-1"},"canonical":"https:\/\/utfpr.curitiba.br\/coted\/?p=1490","og_locale":"pt_BR","og_type":"article","og_title":"Sala de produ\u00e7\u00e3o de material digital \u00e9 inaugurada - Coordena\u00e7\u00e3o de Tecnologia na Educa\u00e7\u00e3o","og_description":"Novo ambiente est\u00e1 dispon\u00edvel para a comunidade","og_url":"https:\/\/utfpr.curitiba.br\/coted\/?p=1490","og_site_name":"Coordena\u00e7\u00e3o de Tecnologia na Educa\u00e7\u00e3o","article_published_time":"2023-06-29T14:11:23+00:00","article_modified_time":"2023-06-29T14:11:25+00:00","og_image":[{"width":664,"height":454,"url":"https:\/\/utfpr-ct-static-content.s3.amazonaws.com\/utfpr.curitiba.br\/wp-content\/uploads\/sites\/44\/2023\/06\/blog_cabines.png","type":"image\/png"}],"author":"MAIARA SOARES DE CARVALHO","twitter_card":"summary_large_image","twitter_misc":{"Written by":"MAIARA SOARES DE CARVALHO","Est. reading time":"2 minutos"},"schema":{"@context":"https:\/\/schema.org","@graph":[{"@type":"Article","@id":"https:\/\/utfpr.curitiba.br\/coted\/?p=1490#article","isPartOf":{"@id":"https:\/\/utfpr.curitiba.br\/coted\/?p=1490"},"author":{"name":"MAIARA SOARES DE CARVALHO","@id":"https:\/\/utfpr.curitiba.br\/coted\/#\/schema\/person\/54ffd36e35efc6dcd7586dfa303e5e45"},"headline":"Sala de produ\u00e7\u00e3o de material digital \u00e9 inaugurada","datePublished":"2023-06-29T14:11:23+00:00","dateModified":"2023-06-29T14:11:25+00:00","mainEntityOfPage":{"@id":"https:\/\/utfpr.curitiba.br\/coted\/?p=1490"},"wordCount":342,"publisher":{"@id":"https:\/\/utfpr.curitiba.br\/coted\/#organization"},"image":{"@id":"https:\/\/utfpr.curitiba.br\/coted\/?p=1490#primaryimage"},"thumbnailUrl":"https:\/\/utfpr-ct-static-content.s3.amazonaws.com\/utfpr.curitiba.br\/wp-content\/uploads\/sites\/44\/2023\/06\/blog_cabines.png","articleSection":["Institucional"],"inLanguage":"pt-BR"},{"@type":"WebPage","@id":"https:\/\/utfpr.curitiba.br\/coted\/?p=1490","url":"https:\/\/utfpr.curitiba.br\/coted\/?p=1490","name":"Sala de produ\u00e7\u00e3o de material digital \u00e9 inaugurada - Coordena\u00e7\u00e3o de Tecnologia na Educa\u00e7\u00e3o","isPartOf":{"@id":"https:\/\/utfpr.curitiba.br\/coted\/#website"},"primaryImageOfPage":{"@id":"https:\/\/utfpr.curitiba.br\/coted\/?p=1490#primaryimage"},"image":{"@id":"https:\/\/utfpr.curitiba.br\/coted\/?p=1490#primaryimage"},"thumbnailUrl":"https:\/\/utfpr-ct-static-content.s3.amazonaws.com\/utfpr.curitiba.br\/wp-content\/uploads\/sites\/44\/2023\/06\/blog_cabines.png","datePublished":"2023-06-29T14:11:23+00:00","dateModified":"2023-06-29T14:11:25+00:00","breadcrumb":{"@id":"https:\/\/utfpr.curitiba.br\/coted\/?p=1490#breadcrumb"},"inLanguage":"pt-BR","potentialAction":[{"@type":"ReadAction","target":["https:\/\/utfpr.curitiba.br\/coted\/?p=1490"]}]},{"@type":"ImageObject","inLanguage":"pt-BR","@id":"https:\/\/utfpr.curitiba.br\/coted\/?p=1490#primaryimage","url":"https:\/\/utfpr-ct-static-content.s3.amazonaws.com\/utfpr.curitiba.br\/wp-content\/uploads\/sites\/44\/2023\/06\/blog_cabines.png","contentUrl":"https:\/\/utfpr-ct-static-content.s3.amazonaws.com\/utfpr.curitiba.br\/wp-content\/uploads\/sites\/44\/2023\/06\/blog_cabines.png","width":664,"height":454,"caption":"Salas de produ\u00e7ao de material digital (cabines) da Coordena\u00e7\u00e3o de Tecnologia na Educa\u00e7\u00e3o do campus Curitiba da UTFPR"},{"@type":"BreadcrumbList","@id":"https:\/\/utfpr.curitiba.br\/coted\/?p=1490#breadcrumb","itemListElement":[{"@type":"ListItem","position":1,"name":"Home","item":"https:\/\/utfpr.curitiba.br\/coted\/"},{"@type":"ListItem","position":2,"name":"Sala de produ\u00e7\u00e3o de material digital \u00e9 inaugurada"}]},{"@type":"WebSite","@id":"https:\/\/utfpr.curitiba.br\/coted\/#website","url":"https:\/\/utfpr.curitiba.br\/coted\/","name":"COTED","description":"Coordena\u00e7\u00e3o de Tecnologia na Educa\u00e7\u00e3o","publisher":{"@id":"https:\/\/utfpr.curitiba.br\/coted\/#organization"},"alternateName":"COTED Curitiba","potentialAction":[{"@type":"SearchAction","target":{"@type":"EntryPoint","urlTemplate":"https:\/\/utfpr.curitiba.br\/coted\/?s={search_term_string}"},"query-input":{"@type":"PropertyValueSpecification","valueRequired":true,"valueName":"search_term_string"}}],"inLanguage":"pt-BR"},{"@type":"Organization","@id":"https:\/\/utfpr.curitiba.br\/coted\/#organization","name":"Coordena\u00e7\u00e3o de Tecnologia na Educa\u00e7\u00e3o","alternateName":"coted curitiba","url":"https:\/\/utfpr.curitiba.br\/coted\/","logo":{"@type":"ImageObject","inLanguage":"pt-BR","@id":"https:\/\/utfpr.curitiba.br\/coted\/#\/schema\/logo\/image\/","url":"https:\/\/utfpr-ct-static-content.s3.amazonaws.com\/utfpr.curitiba.br\/wp-content\/uploads\/sites\/44\/2023\/10\/LogotipoCOTED-campus.png","contentUrl":"https:\/\/utfpr-ct-static-content.s3.amazonaws.com\/utfpr.curitiba.br\/wp-content\/uploads\/sites\/44\/2023\/10\/LogotipoCOTED-campus.png","width":1076,"height":276,"caption":"Coordena\u00e7\u00e3o de Tecnologia na Educa\u00e7\u00e3o"},"image":{"@id":"https:\/\/utfpr.curitiba.br\/coted\/#\/schema\/logo\/image\/"},"sameAs":["https:\/\/www.instagram.com\/coted.ct\/"]},{"@type":"Person","@id":"https:\/\/utfpr.curitiba.br\/coted\/#\/schema\/person\/54ffd36e35efc6dcd7586dfa303e5e45","name":"MAIARA SOARES DE CARVALHO","image":{"@type":"ImageObject","inLanguage":"pt-BR","@id":"https:\/\/secure.gravatar.com\/avatar\/04ae42cbf857db9e4d1c8f7b49dd414d9fb6d832ea010d002f8da5eac30a568c?s=96&d=mm&r=g","url":"https:\/\/secure.gravatar.com\/avatar\/04ae42cbf857db9e4d1c8f7b49dd414d9fb6d832ea010d002f8da5eac30a568c?s=96&d=mm&r=g","contentUrl":"https:\/\/secure.gravatar.com\/avatar\/04ae42cbf857db9e4d1c8f7b49dd414d9fb6d832ea010d002f8da5eac30a568c?s=96&d=mm&r=g","caption":"MAIARA SOARES DE CARVALHO"},"url":"https:\/\/utfpr.curitiba.br\/coted\/?author=157"}]}},"_links":{"self":[{"href":"https:\/\/utfpr.curitiba.br\/coted\/index.php?rest_route=\/wp\/v2\/posts\/1490","targetHints":{"allow":["GET"]}}],"collection":[{"href":"https:\/\/utfpr.curitiba.br\/coted\/index.php?rest_route=\/wp\/v2\/posts"}],"about":[{"href":"https:\/\/utfpr.curitiba.br\/coted\/index.php?rest_route=\/wp\/v2\/types\/post"}],"author":[{"embeddable":true,"href":"https:\/\/utfpr.curitiba.br\/coted\/index.php?rest_route=\/wp\/v2\/users\/157"}],"replies":[{"embeddable":true,"href":"https:\/\/utfpr.curitiba.br\/coted\/index.php?rest_route=%2Fwp%2Fv2%2Fcomments&post=1490"}],"version-history":[{"count":1,"href":"https:\/\/utfpr.curitiba.br\/coted\/index.php?rest_route=\/wp\/v2\/posts\/1490\/revisions"}],"predecessor-version":[{"id":1493,"href":"https:\/\/utfpr.curitiba.br\/coted\/index.php?rest_route=\/wp\/v2\/posts\/1490\/revisions\/1493"}],"wp:featuredmedia":[{"embeddable":true,"href":"https:\/\/utfpr.curitiba.br\/coted\/index.php?rest_route=\/wp\/v2\/media\/1492"}],"wp:attachment":[{"href":"https:\/\/utfpr.curitiba.br\/coted\/index.php?rest_route=%2Fwp%2Fv2%2Fmedia&parent=1490"}],"wp:term":[{"taxonomy":"category","embeddable":true,"href":"https:\/\/utfpr.curitiba.br\/coted\/index.php?rest_route=%2Fwp%2Fv2%2Fcategories&post=1490"},{"taxonomy":"post_tag","embeddable":true,"href":"https:\/\/utfpr.curitiba.br\/coted\/index.php?rest_route=%2Fwp%2Fv2%2Ftags&post=1490"}],"curies":[{"name":"wp","href":"https:\/\/api.w.org\/{rel}","templated":true}]}}