{"id":1420,"date":"2023-06-28T12:00:49","date_gmt":"2023-06-28T15:00:49","guid":{"rendered":"https:\/\/utfpr.curitiba.br\/coted\/?p=1420"},"modified":"2023-06-28T12:00:51","modified_gmt":"2023-06-28T15:00:51","slug":"novos-ambientes-do-campus-curitiba-sao-disponibilizados-para-uso","status":"publish","type":"post","link":"https:\/\/utfpr.curitiba.br\/coted\/?p=1420","title":{"rendered":"Novos ambientes do campus Curitiba s\u00e3o disponibilizados para uso"},"content":{"rendered":"\n<p>O campus UTFPR Curitiba passou a contar, nesta segunda-feira, dia 02 de maio, com novos locais para as atividades de ensino: a sala de estudo 24h, os laborat\u00f3rios de recursos audiovisuais, localizados na Sede Centro, e a Biblioteca na Sede Neoville, que est\u00e1 funcionando desde a semana passada.<\/p>\n\n\n\n<p>A Sala 24h possui computadores, mesas de estudos e um quadro negro para desenho e anota\u00e7\u00f5es e ficar\u00e1 dispon\u00edvel durante todos os dias da semana. O espa\u00e7o pode ser utilizado por estudantes e servidores, sem exce\u00e7\u00e3o. Caso o uso seja entre \u00e0s 23h e 7h da manh\u00e3, o crach\u00e1 deve ser apresentado para os vigilantes da portaria Sete de Setembro, \u00fanico acesso permitido neste hor\u00e1rio.<\/p>\n\n\n\n<p>Os est\u00fadios de produ\u00e7\u00e3o audiovisual receberam investimentos em novos equipamentos e os ambientes que j\u00e1 pertenciam \u00e0 Coordena\u00e7\u00e3o de Tecnologia na Educa\u00e7\u00e3o (COTED-CT) foram readequados para potencializar as possibilidades de utiliza\u00e7\u00e3o. S\u00e3o disponibilizados tr\u00eas est\u00fadios com infraestrutura para grava\u00e7\u00f5es e transmiss\u00f5es, que podem auxiliar nas produ\u00e7\u00f5es audiovisuais para serem empregadas em v\u00eddeoaulas ou projetos de extens\u00e3o. A COTED-CT conta com uma equipe dispon\u00edvel para auxiliar na produ\u00e7\u00e3o e em pequenas p\u00f3s-produ\u00e7\u00f5es. Num primeiro momento, somente servidores (docentes e t\u00e9cnicos-administrativos) poder\u00e3o usufruir do local.<\/p>\n\n\n\n<p>J\u00e1 a Biblioteca da Sede Neoville oferece aos usu\u00e1rios um vasto acervo bibliogr\u00e1fico em um ambiente confort\u00e1vel para estudos individuais ou em grupo. O hor\u00e1rio de funcionamento&nbsp;ser\u00e1 realizado em todos os dias \u00fateis do ano, de acordo com calend\u00e1rio acad\u00eamico, de segunda a sexta-feira, das 7h \u00e0s 16h.&nbsp;<\/p>\n\n\n\n<p><strong>Servi\u00e7o:<\/strong><\/p>\n\n\n\n<p><strong>Sala 24 horas (sala CE-S02)<\/strong>&nbsp;&#8211; utiliza\u00e7\u00e3o em todos os dias, com acesso pela portaria da Sete de Setembro. Localiza\u00e7\u00e3o no Bloco E (Engenharia), ao lado do posto de atendimento da Caixa Econ\u00f4mica Federal. Para uso entre \u00e0s 23h e 7h da manh\u00e3, apresentar o crach\u00e1 para os vigilantes.<\/p>\n\n\n\n<p><strong>Laborat\u00f3rios de produ\u00e7\u00e3o audiovisual (sala CI-002)<\/strong>&nbsp;&#8211; solicita\u00e7\u00e3o deve ser feita por meio de reserva pelo e-mail:&nbsp;<a href=\"mailto:coted-ct@utfpr.edu.br\">coted-ct@utfpr.edu.br<\/a>. A sua localiza\u00e7\u00e3o fica no Bloco I, tamb\u00e9m conhecido como POTY.<\/p>\n\n\n\n<p><strong>Biblioteca Sede Neoville<\/strong>&nbsp;&#8211; Localiza\u00e7\u00e3o no Bloco NF, atendimento de segunda a sexta-feira, das 7h \u00e0s 16h.<\/p>\n\n\n\n<hr class=\"wp-block-separator has-alpha-channel-opacity\" \/>\n\n\n\n<p>Veja essa reportagem no portal da UTFPR, em <a href=\"https:\/\/portal.utfpr.edu.br\/noticias\/curitiba\/novos-ambientes-do-campus-curitiba-sao-disponibilizados-para-uso\" target=\"_blank\" rel=\"noreferrer noopener\">https:\/\/portal.utfpr.edu.br\/noticias\/curitiba\/novos-ambientes-do-campus-curitiba-sao-disponibilizados-para-uso<\/a><\/p>\n","protected":false},"excerpt":{"rendered":"<p>Sala de estudos, biblioteca e laborat\u00f3rios foram readequados para receber a comunidade acad\u00eamica<\/p>\n","protected":false},"author":157,"featured_media":1421,"comment_status":"closed","ping_status":"open","sticky":false,"template":"","format":"standard","meta":{"site-sidebar-layout":"default","site-content-layout":"","ast-site-content-layout":"default","site-content-style":"default","site-sidebar-style":"default","ast-global-header-display":"","ast-banner-title-visibility":"","ast-main-header-display":"","ast-hfb-above-header-display":"","ast-hfb-below-header-display":"","ast-hfb-mobile-header-display":"","site-post-title":"","ast-breadcrumbs-content":"","ast-featured-img":"","footer-sml-layout":"","ast-disable-related-posts":"","theme-transparent-header-meta":"","adv-header-id-meta":"","stick-header-meta":"","header-above-stick-meta":"","header-main-stick-meta":"","header-below-stick-meta":"","astra-migrate-meta-layouts":"default","ast-page-background-enabled":"default","ast-page-background-meta":{"desktop":{"background-color":"var(--ast-global-color-4)","background-image":"","background-repeat":"repeat","background-position":"center center","background-size":"auto","background-attachment":"scroll","background-type":"","background-media":"","overlay-type":"","overlay-color":"","overlay-opacity":"","overlay-gradient":""},"tablet":{"background-color":"","background-image":"","background-repeat":"repeat","background-position":"center center","background-size":"auto","background-attachment":"scroll","background-type":"","background-media":"","overlay-type":"","overlay-color":"","overlay-opacity":"","overlay-gradient":""},"mobile":{"background-color":"","background-image":"","background-repeat":"repeat","background-position":"center center","background-size":"auto","background-attachment":"scroll","background-type":"","background-media":"","overlay-type":"","overlay-color":"","overlay-opacity":"","overlay-gradient":""}},"ast-content-background-meta":{"desktop":{"background-color":"var(--ast-global-color-5)","background-image":"","background-repeat":"repeat","background-position":"center center","background-size":"auto","background-attachment":"scroll","background-type":"","background-media":"","overlay-type":"","overlay-color":"","overlay-opacity":"","overlay-gradient":""},"tablet":{"background-color":"var(--ast-global-color-5)","background-image":"","background-repeat":"repeat","background-position":"center center","background-size":"auto","background-attachment":"scroll","background-type":"","background-media":"","overlay-type":"","overlay-color":"","overlay-opacity":"","overlay-gradient":""},"mobile":{"background-color":"var(--ast-global-color-5)","background-image":"","background-repeat":"repeat","background-position":"center center","background-size":"auto","background-attachment":"scroll","background-type":"","background-media":"","overlay-type":"","overlay-color":"","overlay-opacity":"","overlay-gradient":""}},"footnotes":""},"categories":[1],"tags":[],"class_list":["post-1420","post","type-post","status-publish","format-standard","has-post-thumbnail","hentry","category-institucional"],"yoast_head":"<!-- This site is optimized with the Yoast SEO plugin v27.4 - https:\/\/yoast.com\/product\/yoast-seo-wordpress\/ -->\n<title>Novos ambientes do campus Curitiba s\u00e3o disponibilizados para uso - Coordena\u00e7\u00e3o de Tecnologia na Educa\u00e7\u00e3o<\/title>\n<meta name=\"robots\" content=\"index, follow, max-snippet:-1, max-image-preview:large, max-video-preview:-1\" \/>\n<link rel=\"canonical\" href=\"https:\/\/utfpr.curitiba.br\/coted\/?p=1420\" \/>\n<meta property=\"og:locale\" content=\"pt_BR\" \/>\n<meta property=\"og:type\" content=\"article\" \/>\n<meta property=\"og:title\" content=\"Novos ambientes do campus Curitiba s\u00e3o disponibilizados para uso - Coordena\u00e7\u00e3o de Tecnologia na Educa\u00e7\u00e3o\" \/>\n<meta property=\"og:description\" content=\"Sala de estudos, biblioteca e laborat\u00f3rios foram readequados para receber a comunidade acad\u00eamica\" \/>\n<meta property=\"og:url\" content=\"https:\/\/utfpr.curitiba.br\/coted\/?p=1420\" \/>\n<meta property=\"og:site_name\" content=\"Coordena\u00e7\u00e3o de Tecnologia na Educa\u00e7\u00e3o\" \/>\n<meta property=\"article:published_time\" content=\"2023-06-28T15:00:49+00:00\" \/>\n<meta property=\"article:modified_time\" content=\"2023-06-28T15:00:51+00:00\" \/>\n<meta property=\"og:image\" content=\"https:\/\/utfpr-ct-static-content.s3.amazonaws.com\/utfpr.curitiba.br\/wp-content\/uploads\/sites\/44\/2023\/06\/Blog2.jpeg\" \/>\n\t<meta property=\"og:image:width\" content=\"768\" \/>\n\t<meta property=\"og:image:height\" content=\"576\" \/>\n\t<meta property=\"og:image:type\" content=\"image\/jpeg\" \/>\n<meta name=\"author\" content=\"MAIARA SOARES DE CARVALHO\" \/>\n<meta name=\"twitter:card\" content=\"summary_large_image\" \/>\n<meta name=\"twitter:label1\" content=\"Written by\" \/>\n\t<meta name=\"twitter:data1\" content=\"MAIARA SOARES DE CARVALHO\" \/>\n\t<meta name=\"twitter:label2\" content=\"Est. reading time\" \/>\n\t<meta name=\"twitter:data2\" content=\"2 minutos\" \/>\n<script type=\"application\/ld+json\" class=\"yoast-schema-graph\">{\"@context\":\"https:\\\/\\\/schema.org\",\"@graph\":[{\"@type\":\"Article\",\"@id\":\"https:\\\/\\\/utfpr.curitiba.br\\\/coted\\\/?p=1420#article\",\"isPartOf\":{\"@id\":\"https:\\\/\\\/utfpr.curitiba.br\\\/coted\\\/?p=1420\"},\"author\":{\"name\":\"MAIARA SOARES DE CARVALHO\",\"@id\":\"https:\\\/\\\/utfpr.curitiba.br\\\/coted\\\/#\\\/schema\\\/person\\\/54ffd36e35efc6dcd7586dfa303e5e45\"},\"headline\":\"Novos ambientes do campus Curitiba s\u00e3o disponibilizados para uso\",\"datePublished\":\"2023-06-28T15:00:49+00:00\",\"dateModified\":\"2023-06-28T15:00:51+00:00\",\"mainEntityOfPage\":{\"@id\":\"https:\\\/\\\/utfpr.curitiba.br\\\/coted\\\/?p=1420\"},\"wordCount\":414,\"publisher\":{\"@id\":\"https:\\\/\\\/utfpr.curitiba.br\\\/coted\\\/#organization\"},\"image\":{\"@id\":\"https:\\\/\\\/utfpr.curitiba.br\\\/coted\\\/?p=1420#primaryimage\"},\"thumbnailUrl\":\"https:\\\/\\\/utfpr-ct-static-content.s3.amazonaws.com\\\/utfpr.curitiba.br\\\/wp-content\\\/uploads\\\/sites\\\/44\\\/2023\\\/06\\\/Blog2.jpeg\",\"articleSection\":[\"Institucional\"],\"inLanguage\":\"pt-BR\"},{\"@type\":\"WebPage\",\"@id\":\"https:\\\/\\\/utfpr.curitiba.br\\\/coted\\\/?p=1420\",\"url\":\"https:\\\/\\\/utfpr.curitiba.br\\\/coted\\\/?p=1420\",\"name\":\"Novos ambientes do campus Curitiba s\u00e3o disponibilizados para uso - Coordena\u00e7\u00e3o de Tecnologia na Educa\u00e7\u00e3o\",\"isPartOf\":{\"@id\":\"https:\\\/\\\/utfpr.curitiba.br\\\/coted\\\/#website\"},\"primaryImageOfPage\":{\"@id\":\"https:\\\/\\\/utfpr.curitiba.br\\\/coted\\\/?p=1420#primaryimage\"},\"image\":{\"@id\":\"https:\\\/\\\/utfpr.curitiba.br\\\/coted\\\/?p=1420#primaryimage\"},\"thumbnailUrl\":\"https:\\\/\\\/utfpr-ct-static-content.s3.amazonaws.com\\\/utfpr.curitiba.br\\\/wp-content\\\/uploads\\\/sites\\\/44\\\/2023\\\/06\\\/Blog2.jpeg\",\"datePublished\":\"2023-06-28T15:00:49+00:00\",\"dateModified\":\"2023-06-28T15:00:51+00:00\",\"breadcrumb\":{\"@id\":\"https:\\\/\\\/utfpr.curitiba.br\\\/coted\\\/?p=1420#breadcrumb\"},\"inLanguage\":\"pt-BR\",\"potentialAction\":[{\"@type\":\"ReadAction\",\"target\":[\"https:\\\/\\\/utfpr.curitiba.br\\\/coted\\\/?p=1420\"]}]},{\"@type\":\"ImageObject\",\"inLanguage\":\"pt-BR\",\"@id\":\"https:\\\/\\\/utfpr.curitiba.br\\\/coted\\\/?p=1420#primaryimage\",\"url\":\"https:\\\/\\\/utfpr-ct-static-content.s3.amazonaws.com\\\/utfpr.curitiba.br\\\/wp-content\\\/uploads\\\/sites\\\/44\\\/2023\\\/06\\\/Blog2.jpeg\",\"contentUrl\":\"https:\\\/\\\/utfpr-ct-static-content.s3.amazonaws.com\\\/utfpr.curitiba.br\\\/wp-content\\\/uploads\\\/sites\\\/44\\\/2023\\\/06\\\/Blog2.jpeg\",\"width\":768,\"height\":576,\"caption\":\"coted curitiba sede centro\"},{\"@type\":\"BreadcrumbList\",\"@id\":\"https:\\\/\\\/utfpr.curitiba.br\\\/coted\\\/?p=1420#breadcrumb\",\"itemListElement\":[{\"@type\":\"ListItem\",\"position\":1,\"name\":\"Home\",\"item\":\"https:\\\/\\\/utfpr.curitiba.br\\\/coted\\\/\"},{\"@type\":\"ListItem\",\"position\":2,\"name\":\"Novos ambientes do campus Curitiba s\u00e3o disponibilizados para uso\"}]},{\"@type\":\"WebSite\",\"@id\":\"https:\\\/\\\/utfpr.curitiba.br\\\/coted\\\/#website\",\"url\":\"https:\\\/\\\/utfpr.curitiba.br\\\/coted\\\/\",\"name\":\"COTED\",\"description\":\"Coordena\u00e7\u00e3o de Tecnologia na Educa\u00e7\u00e3o\",\"publisher\":{\"@id\":\"https:\\\/\\\/utfpr.curitiba.br\\\/coted\\\/#organization\"},\"alternateName\":\"COTED Curitiba\",\"potentialAction\":[{\"@type\":\"SearchAction\",\"target\":{\"@type\":\"EntryPoint\",\"urlTemplate\":\"https:\\\/\\\/utfpr.curitiba.br\\\/coted\\\/?s={search_term_string}\"},\"query-input\":{\"@type\":\"PropertyValueSpecification\",\"valueRequired\":true,\"valueName\":\"search_term_string\"}}],\"inLanguage\":\"pt-BR\"},{\"@type\":\"Organization\",\"@id\":\"https:\\\/\\\/utfpr.curitiba.br\\\/coted\\\/#organization\",\"name\":\"Coordena\u00e7\u00e3o de Tecnologia na Educa\u00e7\u00e3o\",\"alternateName\":\"coted curitiba\",\"url\":\"https:\\\/\\\/utfpr.curitiba.br\\\/coted\\\/\",\"logo\":{\"@type\":\"ImageObject\",\"inLanguage\":\"pt-BR\",\"@id\":\"https:\\\/\\\/utfpr.curitiba.br\\\/coted\\\/#\\\/schema\\\/logo\\\/image\\\/\",\"url\":\"https:\\\/\\\/utfpr-ct-static-content.s3.amazonaws.com\\\/utfpr.curitiba.br\\\/wp-content\\\/uploads\\\/sites\\\/44\\\/2023\\\/10\\\/LogotipoCOTED-campus.png\",\"contentUrl\":\"https:\\\/\\\/utfpr-ct-static-content.s3.amazonaws.com\\\/utfpr.curitiba.br\\\/wp-content\\\/uploads\\\/sites\\\/44\\\/2023\\\/10\\\/LogotipoCOTED-campus.png\",\"width\":1076,\"height\":276,\"caption\":\"Coordena\u00e7\u00e3o de Tecnologia na Educa\u00e7\u00e3o\"},\"image\":{\"@id\":\"https:\\\/\\\/utfpr.curitiba.br\\\/coted\\\/#\\\/schema\\\/logo\\\/image\\\/\"},\"sameAs\":[\"https:\\\/\\\/www.instagram.com\\\/coted.ct\\\/\"]},{\"@type\":\"Person\",\"@id\":\"https:\\\/\\\/utfpr.curitiba.br\\\/coted\\\/#\\\/schema\\\/person\\\/54ffd36e35efc6dcd7586dfa303e5e45\",\"name\":\"MAIARA SOARES DE CARVALHO\",\"image\":{\"@type\":\"ImageObject\",\"inLanguage\":\"pt-BR\",\"@id\":\"https:\\\/\\\/secure.gravatar.com\\\/avatar\\\/04ae42cbf857db9e4d1c8f7b49dd414d9fb6d832ea010d002f8da5eac30a568c?s=96&d=mm&r=g\",\"url\":\"https:\\\/\\\/secure.gravatar.com\\\/avatar\\\/04ae42cbf857db9e4d1c8f7b49dd414d9fb6d832ea010d002f8da5eac30a568c?s=96&d=mm&r=g\",\"contentUrl\":\"https:\\\/\\\/secure.gravatar.com\\\/avatar\\\/04ae42cbf857db9e4d1c8f7b49dd414d9fb6d832ea010d002f8da5eac30a568c?s=96&d=mm&r=g\",\"caption\":\"MAIARA SOARES DE CARVALHO\"},\"url\":\"https:\\\/\\\/utfpr.curitiba.br\\\/coted\\\/?author=157\"}]}<\/script>\n<!-- \/ Yoast SEO plugin. -->","yoast_head_json":{"title":"Novos ambientes do campus Curitiba s\u00e3o disponibilizados para uso - Coordena\u00e7\u00e3o de Tecnologia na Educa\u00e7\u00e3o","robots":{"index":"index","follow":"follow","max-snippet":"max-snippet:-1","max-image-preview":"max-image-preview:large","max-video-preview":"max-video-preview:-1"},"canonical":"https:\/\/utfpr.curitiba.br\/coted\/?p=1420","og_locale":"pt_BR","og_type":"article","og_title":"Novos ambientes do campus Curitiba s\u00e3o disponibilizados para uso - Coordena\u00e7\u00e3o de Tecnologia na Educa\u00e7\u00e3o","og_description":"Sala de estudos, biblioteca e laborat\u00f3rios foram readequados para receber a comunidade acad\u00eamica","og_url":"https:\/\/utfpr.curitiba.br\/coted\/?p=1420","og_site_name":"Coordena\u00e7\u00e3o de Tecnologia na Educa\u00e7\u00e3o","article_published_time":"2023-06-28T15:00:49+00:00","article_modified_time":"2023-06-28T15:00:51+00:00","og_image":[{"width":768,"height":576,"url":"https:\/\/utfpr-ct-static-content.s3.amazonaws.com\/utfpr.curitiba.br\/wp-content\/uploads\/sites\/44\/2023\/06\/Blog2.jpeg","type":"image\/jpeg"}],"author":"MAIARA SOARES DE CARVALHO","twitter_card":"summary_large_image","twitter_misc":{"Written by":"MAIARA SOARES DE CARVALHO","Est. reading time":"2 minutos"},"schema":{"@context":"https:\/\/schema.org","@graph":[{"@type":"Article","@id":"https:\/\/utfpr.curitiba.br\/coted\/?p=1420#article","isPartOf":{"@id":"https:\/\/utfpr.curitiba.br\/coted\/?p=1420"},"author":{"name":"MAIARA SOARES DE CARVALHO","@id":"https:\/\/utfpr.curitiba.br\/coted\/#\/schema\/person\/54ffd36e35efc6dcd7586dfa303e5e45"},"headline":"Novos ambientes do campus Curitiba s\u00e3o disponibilizados para uso","datePublished":"2023-06-28T15:00:49+00:00","dateModified":"2023-06-28T15:00:51+00:00","mainEntityOfPage":{"@id":"https:\/\/utfpr.curitiba.br\/coted\/?p=1420"},"wordCount":414,"publisher":{"@id":"https:\/\/utfpr.curitiba.br\/coted\/#organization"},"image":{"@id":"https:\/\/utfpr.curitiba.br\/coted\/?p=1420#primaryimage"},"thumbnailUrl":"https:\/\/utfpr-ct-static-content.s3.amazonaws.com\/utfpr.curitiba.br\/wp-content\/uploads\/sites\/44\/2023\/06\/Blog2.jpeg","articleSection":["Institucional"],"inLanguage":"pt-BR"},{"@type":"WebPage","@id":"https:\/\/utfpr.curitiba.br\/coted\/?p=1420","url":"https:\/\/utfpr.curitiba.br\/coted\/?p=1420","name":"Novos ambientes do campus Curitiba s\u00e3o disponibilizados para uso - Coordena\u00e7\u00e3o de Tecnologia na Educa\u00e7\u00e3o","isPartOf":{"@id":"https:\/\/utfpr.curitiba.br\/coted\/#website"},"primaryImageOfPage":{"@id":"https:\/\/utfpr.curitiba.br\/coted\/?p=1420#primaryimage"},"image":{"@id":"https:\/\/utfpr.curitiba.br\/coted\/?p=1420#primaryimage"},"thumbnailUrl":"https:\/\/utfpr-ct-static-content.s3.amazonaws.com\/utfpr.curitiba.br\/wp-content\/uploads\/sites\/44\/2023\/06\/Blog2.jpeg","datePublished":"2023-06-28T15:00:49+00:00","dateModified":"2023-06-28T15:00:51+00:00","breadcrumb":{"@id":"https:\/\/utfpr.curitiba.br\/coted\/?p=1420#breadcrumb"},"inLanguage":"pt-BR","potentialAction":[{"@type":"ReadAction","target":["https:\/\/utfpr.curitiba.br\/coted\/?p=1420"]}]},{"@type":"ImageObject","inLanguage":"pt-BR","@id":"https:\/\/utfpr.curitiba.br\/coted\/?p=1420#primaryimage","url":"https:\/\/utfpr-ct-static-content.s3.amazonaws.com\/utfpr.curitiba.br\/wp-content\/uploads\/sites\/44\/2023\/06\/Blog2.jpeg","contentUrl":"https:\/\/utfpr-ct-static-content.s3.amazonaws.com\/utfpr.curitiba.br\/wp-content\/uploads\/sites\/44\/2023\/06\/Blog2.jpeg","width":768,"height":576,"caption":"coted curitiba sede centro"},{"@type":"BreadcrumbList","@id":"https:\/\/utfpr.curitiba.br\/coted\/?p=1420#breadcrumb","itemListElement":[{"@type":"ListItem","position":1,"name":"Home","item":"https:\/\/utfpr.curitiba.br\/coted\/"},{"@type":"ListItem","position":2,"name":"Novos ambientes do campus Curitiba s\u00e3o disponibilizados para uso"}]},{"@type":"WebSite","@id":"https:\/\/utfpr.curitiba.br\/coted\/#website","url":"https:\/\/utfpr.curitiba.br\/coted\/","name":"COTED","description":"Coordena\u00e7\u00e3o de Tecnologia na Educa\u00e7\u00e3o","publisher":{"@id":"https:\/\/utfpr.curitiba.br\/coted\/#organization"},"alternateName":"COTED Curitiba","potentialAction":[{"@type":"SearchAction","target":{"@type":"EntryPoint","urlTemplate":"https:\/\/utfpr.curitiba.br\/coted\/?s={search_term_string}"},"query-input":{"@type":"PropertyValueSpecification","valueRequired":true,"valueName":"search_term_string"}}],"inLanguage":"pt-BR"},{"@type":"Organization","@id":"https:\/\/utfpr.curitiba.br\/coted\/#organization","name":"Coordena\u00e7\u00e3o de Tecnologia na Educa\u00e7\u00e3o","alternateName":"coted curitiba","url":"https:\/\/utfpr.curitiba.br\/coted\/","logo":{"@type":"ImageObject","inLanguage":"pt-BR","@id":"https:\/\/utfpr.curitiba.br\/coted\/#\/schema\/logo\/image\/","url":"https:\/\/utfpr-ct-static-content.s3.amazonaws.com\/utfpr.curitiba.br\/wp-content\/uploads\/sites\/44\/2023\/10\/LogotipoCOTED-campus.png","contentUrl":"https:\/\/utfpr-ct-static-content.s3.amazonaws.com\/utfpr.curitiba.br\/wp-content\/uploads\/sites\/44\/2023\/10\/LogotipoCOTED-campus.png","width":1076,"height":276,"caption":"Coordena\u00e7\u00e3o de Tecnologia na Educa\u00e7\u00e3o"},"image":{"@id":"https:\/\/utfpr.curitiba.br\/coted\/#\/schema\/logo\/image\/"},"sameAs":["https:\/\/www.instagram.com\/coted.ct\/"]},{"@type":"Person","@id":"https:\/\/utfpr.curitiba.br\/coted\/#\/schema\/person\/54ffd36e35efc6dcd7586dfa303e5e45","name":"MAIARA SOARES DE CARVALHO","image":{"@type":"ImageObject","inLanguage":"pt-BR","@id":"https:\/\/secure.gravatar.com\/avatar\/04ae42cbf857db9e4d1c8f7b49dd414d9fb6d832ea010d002f8da5eac30a568c?s=96&d=mm&r=g","url":"https:\/\/secure.gravatar.com\/avatar\/04ae42cbf857db9e4d1c8f7b49dd414d9fb6d832ea010d002f8da5eac30a568c?s=96&d=mm&r=g","contentUrl":"https:\/\/secure.gravatar.com\/avatar\/04ae42cbf857db9e4d1c8f7b49dd414d9fb6d832ea010d002f8da5eac30a568c?s=96&d=mm&r=g","caption":"MAIARA SOARES DE CARVALHO"},"url":"https:\/\/utfpr.curitiba.br\/coted\/?author=157"}]}},"_links":{"self":[{"href":"https:\/\/utfpr.curitiba.br\/coted\/index.php?rest_route=\/wp\/v2\/posts\/1420","targetHints":{"allow":["GET"]}}],"collection":[{"href":"https:\/\/utfpr.curitiba.br\/coted\/index.php?rest_route=\/wp\/v2\/posts"}],"about":[{"href":"https:\/\/utfpr.curitiba.br\/coted\/index.php?rest_route=\/wp\/v2\/types\/post"}],"author":[{"embeddable":true,"href":"https:\/\/utfpr.curitiba.br\/coted\/index.php?rest_route=\/wp\/v2\/users\/157"}],"replies":[{"embeddable":true,"href":"https:\/\/utfpr.curitiba.br\/coted\/index.php?rest_route=%2Fwp%2Fv2%2Fcomments&post=1420"}],"version-history":[{"count":1,"href":"https:\/\/utfpr.curitiba.br\/coted\/index.php?rest_route=\/wp\/v2\/posts\/1420\/revisions"}],"predecessor-version":[{"id":1422,"href":"https:\/\/utfpr.curitiba.br\/coted\/index.php?rest_route=\/wp\/v2\/posts\/1420\/revisions\/1422"}],"wp:featuredmedia":[{"embeddable":true,"href":"https:\/\/utfpr.curitiba.br\/coted\/index.php?rest_route=\/wp\/v2\/media\/1421"}],"wp:attachment":[{"href":"https:\/\/utfpr.curitiba.br\/coted\/index.php?rest_route=%2Fwp%2Fv2%2Fmedia&parent=1420"}],"wp:term":[{"taxonomy":"category","embeddable":true,"href":"https:\/\/utfpr.curitiba.br\/coted\/index.php?rest_route=%2Fwp%2Fv2%2Fcategories&post=1420"},{"taxonomy":"post_tag","embeddable":true,"href":"https:\/\/utfpr.curitiba.br\/coted\/index.php?rest_route=%2Fwp%2Fv2%2Ftags&post=1420"}],"curies":[{"name":"wp","href":"https:\/\/api.w.org\/{rel}","templated":true}]}}