{"id":797,"date":"2019-10-29T16:03:49","date_gmt":"2019-10-29T19:03:49","guid":{"rendered":"http:\/\/cogerh.ct.utfpr.edu.br\/?p=797"},"modified":"2021-10-01T13:31:34","modified_gmt":"2021-10-01T16:31:34","slug":"quem-somos","status":"publish","type":"post","link":"https:\/\/utfpr.curitiba.br\/cogerh\/2019\/10\/29\/quem-somos\/","title":{"rendered":"QUEM SOMOS"},"content":{"rendered":"\n<h3 class=\"wp-block-heading\" style=\"text-align:center\">COORDENADORIA DE GEST\u00c3O <br>DE RECURSOS HUMANOS <\/h3>\n\n\n\n<hr class=\"wp-block-separator\"\/>\n\n\n\n<p class=\"has-medium-font-size\">\n\nA COGERH est\u00e1 vinculada \u00e0 Diretoria Geral do C\u00e2mpus e \u00e9 composta pelas Divis\u00f5es de Cadastro (DICAD), Pagamento (DIPAG), Benef\u00edcios (DIBEN), Desenvolvimento de Pessoas (DIDEP) e Recrutamento e Movimenta\u00e7\u00e3o de Pessoas (DIMOP).\n\n<\/p>\n\n\n\n<div class=\"wp-block-image\"><figure class=\"aligncenter\"><img fetchpriority=\"high\" decoding=\"async\" width=\"400\" height=\"295\" src=\"http:\/\/utfpr-ct-static-content.s3.amazonaws.com\/ct.utfpr.edu.br\/wp-content\/uploads\/sites\/13\/2019\/10\/5c49ac88-1286-4521-a32b-2cac96b2162f.jpeg\" alt=\"\" class=\"wp-image-615\" srcset=\"https:\/\/utfpr-ct-static-content.s3.amazonaws.com\/utfpr.curitiba.br\/wp-content\/uploads\/sites\/13\/2019\/10\/5c49ac88-1286-4521-a32b-2cac96b2162f.jpeg 400w, https:\/\/utfpr-ct-static-content.s3.amazonaws.com\/utfpr.curitiba.br\/wp-content\/uploads\/sites\/13\/2019\/10\/5c49ac88-1286-4521-a32b-2cac96b2162f-300x221.jpeg 300w\" sizes=\"(max-width: 400px) 100vw, 400px\" \/><\/figure><\/div>\n\n\n\n<p class=\"has-medium-font-size\"> Conhe\u00e7a mais sobre os setores: <br><a href=\"http:\/\/cogerh.ct.utfpr.edu.br\/DICAD\/\" style=\"color: #b8860b\">DICAD<\/a>\n<br><a href=\"http:\/\/cogerh.ct.utfpr.edu.br\/dipag\/\" style=\"color: #b8860b\">DIPAG<\/a>\n<br><a href=\"http:\/\/cogerh.ct.utfpr.edu.br\/didep\/\" style=\"color: #b8860b\">DIDEP<\/a>\n<br><a href=\"http:\/\/cogerh.ct.utfpr.edu.br\/DIMOP\/\" style=\"color: #b8860b\">DIMOP<\/a>\n<br><a href=\"http:\/\/cogerh.ct.utfpr.edu.br\/Diben\/\" style=\"color: #b8860b\">DIBEN<\/a><\/p>\n","protected":false},"excerpt":{"rendered":"<p>COORDENADORIA DE GEST\u00c3O DE RECURSOS HUMANOS A COGERH est\u00e1 vinculada \u00e0 Diretoria Geral do C\u00e2mpus e \u00e9 composta pelas Divis\u00f5es<\/p>\n","protected":false},"author":1,"featured_media":914,"comment_status":"closed","ping_status":"open","sticky":false,"template":"","format":"standard","meta":{"colormag_page_container_layout":"default_layout","colormag_page_sidebar_layout":"default_layout","footnotes":""},"categories":[63],"tags":[64],"class_list":["post-797","post","type-post","status-publish","format-standard","has-post-thumbnail","hentry","category-instituicao","tag-instituicao"],"_links":{"self":[{"href":"https:\/\/utfpr.curitiba.br\/cogerh\/wp-json\/wp\/v2\/posts\/797","targetHints":{"allow":["GET"]}}],"collection":[{"href":"https:\/\/utfpr.curitiba.br\/cogerh\/wp-json\/wp\/v2\/posts"}],"about":[{"href":"https:\/\/utfpr.curitiba.br\/cogerh\/wp-json\/wp\/v2\/types\/post"}],"author":[{"embeddable":true,"href":"https:\/\/utfpr.curitiba.br\/cogerh\/wp-json\/wp\/v2\/users\/1"}],"replies":[{"embeddable":true,"href":"https:\/\/utfpr.curitiba.br\/cogerh\/wp-json\/wp\/v2\/comments?post=797"}],"version-history":[{"count":4,"href":"https:\/\/utfpr.curitiba.br\/cogerh\/wp-json\/wp\/v2\/posts\/797\/revisions"}],"predecessor-version":[{"id":1112,"href":"https:\/\/utfpr.curitiba.br\/cogerh\/wp-json\/wp\/v2\/posts\/797\/revisions\/1112"}],"wp:featuredmedia":[{"embeddable":true,"href":"https:\/\/utfpr.curitiba.br\/cogerh\/wp-json\/wp\/v2\/media\/914"}],"wp:attachment":[{"href":"https:\/\/utfpr.curitiba.br\/cogerh\/wp-json\/wp\/v2\/media?parent=797"}],"wp:term":[{"taxonomy":"category","embeddable":true,"href":"https:\/\/utfpr.curitiba.br\/cogerh\/wp-json\/wp\/v2\/categories?post=797"},{"taxonomy":"post_tag","embeddable":true,"href":"https:\/\/utfpr.curitiba.br\/cogerh\/wp-json\/wp\/v2\/tags?post=797"}],"curies":[{"name":"wp","href":"https:\/\/api.w.org\/{rel}","templated":true}]}}