{"id":1011,"date":"2019-12-10T15:24:45","date_gmt":"2019-12-10T18:24:45","guid":{"rendered":"http:\/\/cogerh.ct.utfpr.edu.br\/?p=1011"},"modified":"2021-10-01T13:31:33","modified_gmt":"2021-10-01T16:31:33","slug":"informacoes","status":"publish","type":"post","link":"https:\/\/utfpr.curitiba.br\/cogerh\/2019\/12\/10\/informacoes\/","title":{"rendered":"Informa\u00e7\u00f5es"},"content":{"rendered":"\n<p>A atividade de est\u00e1gio \u00e9 regulada pela Lei n\u00b0 11.788\/2008. Na defini\u00e7\u00e3o legal, trata-se de ato educativo escolar supervisionado, desenvolvido no ambiente de trabalho, que visa \u00e0 prepara\u00e7\u00e3o para o trabalho produtivo. <\/p>\n\n\n\n<p><strong>REQUISITOS<\/strong><\/p>\n\n\n\n<ul class=\"wp-block-list\"><li>estar matriculado em curso regular (ensino m\u00e9dio, t\u00e9cnico ou superior);<\/li><li>estar cursando a partir do 2\u00b0 per\u00edodo;<\/li><li>ter mais de 16 anos;<\/li><li>estagiar em \u00e1rea correlata ao curso.<\/li><\/ul>\n\n\n\n<p><strong>CONTRATA\u00c7\u00c3O<\/strong><\/p>\n\n\n\n<p>Ao ser selecionado por um dos setores da UTFPR, o estagi\u00e1rio dever\u00e1 se atentar aos procedimentos internos, que s\u00e3o realizados atrav\u00e9s do Sistema Eletr\u00f4nico de Informa\u00e7\u00f5es &#8211; SEI, bem como aos prazos para  envio da ficha de frequ\u00eancia e \u00e0s normas de conduta da Institui\u00e7\u00e3o.<\/p>\n\n\n\n<p>Dentre os direitos do estagi\u00e1rio est\u00e3o o recesso remunerado no m\u00eas de janeiro, 15 minutos de intervalo durante a jornada e a participa\u00e7\u00e3o nos cursos promovidos pela DIDEP e pela DICPRO.<\/p>\n\n\n\n<p>O contrato de est\u00e1gio tem dura\u00e7\u00e3o de seis meses, podendo ser renovado por at\u00e9 tr\u00eas vezes, totalizando o per\u00edodo m\u00e1ximo de dois anos. Al\u00e9m disso, o contrato poder\u00e1 ser encerrado a qualquer momento, seja por interesse do aluno ou de seu supervisor. O cancelamento da matr\u00edcula no curso poder\u00e1 acarretar na suspens\u00e3o do est\u00e1gio.<\/p>\n\n\n\n<p>O setor respons\u00e1vel pelos processos relativos aos estagi\u00e1rios \u00e9 a Divis\u00e3o de Recrutamento e Movimenta\u00e7\u00e3o de Pessoas &#8211; DIMOP.  Para mais informa\u00e7\u00f5es a respeito, entre em contato com a Divis\u00e3o atrav\u00e9s do e-mail dimop-ct@utfpr.edu.br.<\/p>\n\n\n\n<p>CARTILHA SOBRE A LEI DO EST\u00c1GIO<\/p>\n\n\n\n<p><a href=\"https:\/\/www.ciee.org.br\/portal\/cartilha_lei_estagio.pdf\" style=\"color: #b8860b\">https:\/\/www.ciee.org.br\/portal\/cartilha_lei_estagio.pdf<\/a><\/p>\n\n\n\n\n\n<p><\/p>\n","protected":false},"excerpt":{"rendered":"<p>A atividade de est\u00e1gio \u00e9 regulada pela Lei n\u00b0 11.788\/2008. Na defini\u00e7\u00e3o legal, trata-se de ato educativo escolar supervisionado, desenvolvido<\/p>\n","protected":false},"author":1,"featured_media":1131,"comment_status":"closed","ping_status":"open","sticky":false,"template":"","format":"standard","meta":{"colormag_page_container_layout":"default_layout","colormag_page_sidebar_layout":"default_layout","footnotes":""},"categories":[1],"tags":[],"class_list":["post-1011","post","type-post","status-publish","format-standard","has-post-thumbnail","hentry","category-sem-categoria"],"_links":{"self":[{"href":"https:\/\/utfpr.curitiba.br\/cogerh\/wp-json\/wp\/v2\/posts\/1011","targetHints":{"allow":["GET"]}}],"collection":[{"href":"https:\/\/utfpr.curitiba.br\/cogerh\/wp-json\/wp\/v2\/posts"}],"about":[{"href":"https:\/\/utfpr.curitiba.br\/cogerh\/wp-json\/wp\/v2\/types\/post"}],"author":[{"embeddable":true,"href":"https:\/\/utfpr.curitiba.br\/cogerh\/wp-json\/wp\/v2\/users\/1"}],"replies":[{"embeddable":true,"href":"https:\/\/utfpr.curitiba.br\/cogerh\/wp-json\/wp\/v2\/comments?post=1011"}],"version-history":[{"count":6,"href":"https:\/\/utfpr.curitiba.br\/cogerh\/wp-json\/wp\/v2\/posts\/1011\/revisions"}],"predecessor-version":[{"id":1127,"href":"https:\/\/utfpr.curitiba.br\/cogerh\/wp-json\/wp\/v2\/posts\/1011\/revisions\/1127"}],"wp:featuredmedia":[{"embeddable":true,"href":"https:\/\/utfpr.curitiba.br\/cogerh\/wp-json\/wp\/v2\/media\/1131"}],"wp:attachment":[{"href":"https:\/\/utfpr.curitiba.br\/cogerh\/wp-json\/wp\/v2\/media?parent=1011"}],"wp:term":[{"taxonomy":"category","embeddable":true,"href":"https:\/\/utfpr.curitiba.br\/cogerh\/wp-json\/wp\/v2\/categories?post=1011"},{"taxonomy":"post_tag","embeddable":true,"href":"https:\/\/utfpr.curitiba.br\/cogerh\/wp-json\/wp\/v2\/tags?post=1011"}],"curies":[{"name":"wp","href":"https:\/\/api.w.org\/{rel}","templated":true}]}}