{"id":998,"date":"2021-06-14T09:00:00","date_gmt":"2021-06-14T12:00:00","guid":{"rendered":"https:\/\/bibliotecadesigncenico.ct.utfpr.edu.br\/?p=998"},"modified":"2021-06-10T19:32:45","modified_gmt":"2021-06-10T22:32:45","slug":"o-hibridismo-artistico-do-espaco-cultural-ap-da-13","status":"publish","type":"post","link":"https:\/\/utfpr.curitiba.br\/bibliotecadesigncenico\/?p=998","title":{"rendered":"O hibridismo art\u00edstico do espa\u00e7o cultural AP da 13"},"content":{"rendered":"\t\t<div data-elementor-type=\"wp-post\" data-elementor-id=\"998\" class=\"elementor elementor-998\">\n\t\t\t\t\t\t<section class=\"elementor-section elementor-top-section elementor-element elementor-element-468d2e9 elementor-section-boxed elementor-section-height-default elementor-section-height-default\" data-id=\"468d2e9\" data-element_type=\"section\" data-e-type=\"section\">\n\t\t\t\t\t\t<div class=\"elementor-container elementor-column-gap-default\">\n\t\t\t\t\t<div class=\"elementor-column elementor-col-100 elementor-top-column elementor-element elementor-element-046d145\" data-id=\"046d145\" data-element_type=\"column\" data-e-type=\"column\">\n\t\t\t<div class=\"elementor-widget-wrap elementor-element-populated\">\n\t\t\t\t\t\t<div class=\"elementor-element elementor-element-7401be6 elementor-widget elementor-widget-text-editor\" data-id=\"7401be6\" data-element_type=\"widget\" data-e-type=\"widget\" data-widget_type=\"text-editor.default\">\n\t\t\t\t<div class=\"elementor-widget-container\">\n\t\t\t\t\t\t\t\t\t<p>LIMA, Lu\u00edsa Petrorossi Wolff dos Santos. <strong>O hibridismo art\u00edstico do espa\u00e7o cultural AP da 13<\/strong>. Trabalho de Conclus\u00e3o de Curso (Especializa\u00e7\u00e3o em Artes H\u00edbridas) &#8211; Universidade Tecnol\u00f3gica Federal do Paran\u00e1 (UTFPR), 2019.<\/p><p>Palavras-chave: Hibridismo; Arte; Espa\u00e7o (Arte); Cultura na arte.<\/p><p>Resumo: Esta pesquisa aborda o hibridismo art\u00edstico presente no apartamento e espa\u00e7o cultural AP da 13, localizado na cidade de Curitiba. Revisa, atrav\u00e9s de levantamento te\u00f3rico, o significado de hibridismo e sua presen\u00e7a na arte contempor\u00e2nea. A pesquisa bibliogr\u00e1fica \u00e9 complementada por uma entrevista aberta com as tr\u00eas pessoas que residem no apartamento, que apresenta e descreve o ambiente e relaciona a estrutura f\u00edsica com os pr\u00f3prios moradores, a cultura local e linguagens art\u00edsticas. Buscou-se registrar como o hibridismo est\u00e1 presente nesta estrutura atrav\u00e9s de respostas e questionamentos trazidos pela entrevista. Apresenta a compreens\u00e3o da import\u00e2ncia do AP da 13 para o desenvolvimento, frui\u00e7\u00e3o, socializa\u00e7\u00e3o e ensino da arte nos tempos atuais.<\/p><p>Link:<a href=\"http:\/\/repositorio.roca.utfpr.edu.br\/jspui\/handle\/1\/12268\"> http:\/\/repositorio.roca.utfpr.edu.br\/jspui\/handle\/1\/12268<\/a><\/p>\t\t\t\t\t\t\t\t<\/div>\n\t\t\t\t<\/div>\n\t\t\t\t<div class=\"elementor-element elementor-element-1b37a6d elementor--star-style-star_fontawesome elementor-widget elementor-widget-star-rating\" data-id=\"1b37a6d\" data-element_type=\"widget\" data-e-type=\"widget\" data-widget_type=\"star-rating.default\">\n\t\t\t\t<div class=\"elementor-widget-container\">\n\t\t\t\t\t\t\t<div class=\"elementor-star-rating__wrapper\">\n\t\t\t\t\t\t<div class=\"elementor-star-rating\" itemtype=\"http:\/\/schema.org\/Rating\" itemscope=\"\" itemprop=\"reviewRating\">\n\t\t\t\t<i class=\"elementor-star-full\" aria-hidden=\"true\">&#xE934;<\/i><i class=\"elementor-star-full\" aria-hidden=\"true\">&#xE934;<\/i><i class=\"elementor-star-full\" aria-hidden=\"true\">&#xE934;<\/i><i class=\"elementor-star-full\" aria-hidden=\"true\">&#xE934;<\/i><i class=\"elementor-star-full\" aria-hidden=\"true\">&#xE934;<\/i>\t\t\t\t<span itemprop=\"ratingValue\" class=\"elementor-screen-only\">Rated 5 out of 5<\/span>\n\t\t\t<\/div>\n\t\t<\/div>\n\t\t\t\t\t\t<\/div>\n\t\t\t\t<\/div>\n\t\t\t\t\t<\/div>\n\t\t<\/div>\n\t\t\t\t\t<\/div>\n\t\t<\/section>\n\t\t\t\t<\/div>\n\t\t","protected":false},"excerpt":{"rendered":"<p>LIMA, Lu\u00edsa Petrorossi Wolff dos Santos. O hibridismo art\u00edstico do espa\u00e7o cultural AP da 13. Trabalho de Conclus\u00e3o de Curso (Especializa\u00e7\u00e3o em Artes H\u00edbridas) &#8211; Universidade Tecnol\u00f3gica Federal do Paran\u00e1 (UTFPR), 2019. Palavras-chave: Hibridismo; Arte; Espa\u00e7o (Arte); Cultura na arte. &hellip; <a href=\"https:\/\/utfpr.curitiba.br\/bibliotecadesigncenico\/?p=998\">Continue lendo <span class=\"meta-nav\">&rarr;<\/span><\/a><\/p>\n","protected":false},"author":5,"featured_media":0,"comment_status":"closed","ping_status":"","sticky":false,"template":"","format":"standard","meta":{"footnotes":""},"categories":[3],"tags":[],"class_list":["post-998","post","type-post","status-publish","format-standard","hentry","category-cenografia"],"_links":{"self":[{"href":"https:\/\/utfpr.curitiba.br\/bibliotecadesigncenico\/index.php?rest_route=\/wp\/v2\/posts\/998","targetHints":{"allow":["GET"]}}],"collection":[{"href":"https:\/\/utfpr.curitiba.br\/bibliotecadesigncenico\/index.php?rest_route=\/wp\/v2\/posts"}],"about":[{"href":"https:\/\/utfpr.curitiba.br\/bibliotecadesigncenico\/index.php?rest_route=\/wp\/v2\/types\/post"}],"author":[{"embeddable":true,"href":"https:\/\/utfpr.curitiba.br\/bibliotecadesigncenico\/index.php?rest_route=\/wp\/v2\/users\/5"}],"replies":[{"embeddable":true,"href":"https:\/\/utfpr.curitiba.br\/bibliotecadesigncenico\/index.php?rest_route=%2Fwp%2Fv2%2Fcomments&post=998"}],"version-history":[{"count":4,"href":"https:\/\/utfpr.curitiba.br\/bibliotecadesigncenico\/index.php?rest_route=\/wp\/v2\/posts\/998\/revisions"}],"predecessor-version":[{"id":1002,"href":"https:\/\/utfpr.curitiba.br\/bibliotecadesigncenico\/index.php?rest_route=\/wp\/v2\/posts\/998\/revisions\/1002"}],"wp:attachment":[{"href":"https:\/\/utfpr.curitiba.br\/bibliotecadesigncenico\/index.php?rest_route=%2Fwp%2Fv2%2Fmedia&parent=998"}],"wp:term":[{"taxonomy":"category","embeddable":true,"href":"https:\/\/utfpr.curitiba.br\/bibliotecadesigncenico\/index.php?rest_route=%2Fwp%2Fv2%2Fcategories&post=998"},{"taxonomy":"post_tag","embeddable":true,"href":"https:\/\/utfpr.curitiba.br\/bibliotecadesigncenico\/index.php?rest_route=%2Fwp%2Fv2%2Ftags&post=998"}],"curies":[{"name":"wp","href":"https:\/\/api.w.org\/{rel}","templated":true}]}}