{"id":993,"date":"2021-06-14T09:00:00","date_gmt":"2021-06-14T12:00:00","guid":{"rendered":"https:\/\/bibliotecadesigncenico.ct.utfpr.edu.br\/?p=993"},"modified":"2021-06-10T19:29:56","modified_gmt":"2021-06-10T22:29:56","slug":"a-arquitetura-do-edificio-teatral-em-dialogo-com-a-cenografia","status":"publish","type":"post","link":"https:\/\/utfpr.curitiba.br\/bibliotecadesigncenico\/?p=993","title":{"rendered":"A arquitetura do edif\u00edcio teatral em di\u00e1logo com a cenografia"},"content":{"rendered":"\t\t<div data-elementor-type=\"wp-post\" data-elementor-id=\"993\" class=\"elementor elementor-993\">\n\t\t\t\t\t\t<section class=\"elementor-section elementor-top-section elementor-element elementor-element-0f59bab elementor-section-boxed elementor-section-height-default elementor-section-height-default\" data-id=\"0f59bab\" data-element_type=\"section\" data-e-type=\"section\">\n\t\t\t\t\t\t<div class=\"elementor-container elementor-column-gap-default\">\n\t\t\t\t\t<div class=\"elementor-column elementor-col-100 elementor-top-column elementor-element elementor-element-6ad8430\" data-id=\"6ad8430\" data-element_type=\"column\" data-e-type=\"column\">\n\t\t\t<div class=\"elementor-widget-wrap elementor-element-populated\">\n\t\t\t\t\t\t<div class=\"elementor-element elementor-element-6a3dca1 elementor-widget elementor-widget-text-editor\" data-id=\"6a3dca1\" data-element_type=\"widget\" data-e-type=\"widget\" data-widget_type=\"text-editor.default\">\n\t\t\t\t<div class=\"elementor-widget-container\">\n\t\t\t\t\t\t\t\t\t<p>ORU\u00c9, Manuela Tourinho. <strong>A arquitetura do edif\u00edcio teatral em di\u00e1logo com a cenografia<\/strong>. Trabalho de Conclus\u00e3o de Curso (Especializa\u00e7\u00e3o em Cenografia) &#8211; Universidade Tecnol\u00f3gica Federal do Paran\u00e1, 2016.<\/p><p>Palavras-chave: Teatros &#8211; Cenografia e cen\u00e1rios; Cen\u00f3grafos; Arquitetura de teatros.<\/p><p>Resumo: Nos edif\u00edcios teatrais brasileiros t\u00eam sido muito comum deparar com condi\u00e7\u00f5es t\u00e9cnicas prec\u00e1rias para a cenografia, pois muitas vezes n\u00e3o \u00e9 atribu\u00edda a ela a necess\u00e1ria import\u00e2ncia quando da elabora\u00e7\u00e3o do projeto arquitet\u00f4nico. Diante disso, este trabalho pretende indicar referenciais t\u00e9cnicos e te\u00f3ricos para o espa\u00e7o c\u00eanico de um edif\u00edcio teatral. Baseando-se tamb\u00e9m em relatos de experi\u00eancias profissionais de um cen\u00f3grafo, um diretor e um iluminador que desenvolveram durante anos trabalhos no palco italiano do Audit\u00f3rio Bento Munhoz da Rocha, o Guair\u00e3o, em Curitiba. E possibilitar estreitar o di\u00e1logo entre o edif\u00edcio teatral e a cenografia para que, juntos, dialoguem em prol da dramaturgia.<\/p><p>Link:<a href=\"http:\/\/repositorio.roca.utfpr.edu.br\/jspui\/handle\/1\/13858\"> http:\/\/repositorio.roca.utfpr.edu.br\/jspui\/handle\/1\/13858<\/a><\/p>\t\t\t\t\t\t\t\t<\/div>\n\t\t\t\t<\/div>\n\t\t\t\t<div class=\"elementor-element elementor-element-38482e7 elementor--star-style-star_fontawesome elementor-widget elementor-widget-star-rating\" data-id=\"38482e7\" data-element_type=\"widget\" data-e-type=\"widget\" data-widget_type=\"star-rating.default\">\n\t\t\t\t<div class=\"elementor-widget-container\">\n\t\t\t\t\t\t\t<div class=\"elementor-star-rating__wrapper\">\n\t\t\t\t\t\t<div class=\"elementor-star-rating\" itemtype=\"http:\/\/schema.org\/Rating\" itemscope=\"\" itemprop=\"reviewRating\">\n\t\t\t\t<i class=\"elementor-star-full\" aria-hidden=\"true\">&#xE934;<\/i><i class=\"elementor-star-full\" aria-hidden=\"true\">&#xE934;<\/i><i class=\"elementor-star-full\" aria-hidden=\"true\">&#xE934;<\/i><i class=\"elementor-star-full\" aria-hidden=\"true\">&#xE934;<\/i><i class=\"elementor-star-full\" aria-hidden=\"true\">&#xE934;<\/i>\t\t\t\t<span itemprop=\"ratingValue\" class=\"elementor-screen-only\">Rated 5 out of 5<\/span>\n\t\t\t<\/div>\n\t\t<\/div>\n\t\t\t\t\t\t<\/div>\n\t\t\t\t<\/div>\n\t\t\t\t\t<\/div>\n\t\t<\/div>\n\t\t\t\t\t<\/div>\n\t\t<\/section>\n\t\t\t\t<\/div>\n\t\t","protected":false},"excerpt":{"rendered":"<p>ORU\u00c9, Manuela Tourinho. A arquitetura do edif\u00edcio teatral em di\u00e1logo com a cenografia. Trabalho de Conclus\u00e3o de Curso (Especializa\u00e7\u00e3o em Cenografia) &#8211; Universidade Tecnol\u00f3gica Federal do Paran\u00e1, 2016. Palavras-chave: Teatros &#8211; Cenografia e cen\u00e1rios; Cen\u00f3grafos; Arquitetura de teatros. Resumo: Nos &hellip; <a href=\"https:\/\/utfpr.curitiba.br\/bibliotecadesigncenico\/?p=993\">Continue lendo <span class=\"meta-nav\">&rarr;<\/span><\/a><\/p>\n","protected":false},"author":5,"featured_media":0,"comment_status":"closed","ping_status":"","sticky":false,"template":"","format":"standard","meta":{"footnotes":""},"categories":[2,3],"tags":[],"class_list":["post-993","post","type-post","status-publish","format-standard","hentry","category-arquitetura-teatral","category-cenografia"],"_links":{"self":[{"href":"https:\/\/utfpr.curitiba.br\/bibliotecadesigncenico\/index.php?rest_route=\/wp\/v2\/posts\/993","targetHints":{"allow":["GET"]}}],"collection":[{"href":"https:\/\/utfpr.curitiba.br\/bibliotecadesigncenico\/index.php?rest_route=\/wp\/v2\/posts"}],"about":[{"href":"https:\/\/utfpr.curitiba.br\/bibliotecadesigncenico\/index.php?rest_route=\/wp\/v2\/types\/post"}],"author":[{"embeddable":true,"href":"https:\/\/utfpr.curitiba.br\/bibliotecadesigncenico\/index.php?rest_route=\/wp\/v2\/users\/5"}],"replies":[{"embeddable":true,"href":"https:\/\/utfpr.curitiba.br\/bibliotecadesigncenico\/index.php?rest_route=%2Fwp%2Fv2%2Fcomments&post=993"}],"version-history":[{"count":4,"href":"https:\/\/utfpr.curitiba.br\/bibliotecadesigncenico\/index.php?rest_route=\/wp\/v2\/posts\/993\/revisions"}],"predecessor-version":[{"id":997,"href":"https:\/\/utfpr.curitiba.br\/bibliotecadesigncenico\/index.php?rest_route=\/wp\/v2\/posts\/993\/revisions\/997"}],"wp:attachment":[{"href":"https:\/\/utfpr.curitiba.br\/bibliotecadesigncenico\/index.php?rest_route=%2Fwp%2Fv2%2Fmedia&parent=993"}],"wp:term":[{"taxonomy":"category","embeddable":true,"href":"https:\/\/utfpr.curitiba.br\/bibliotecadesigncenico\/index.php?rest_route=%2Fwp%2Fv2%2Fcategories&post=993"},{"taxonomy":"post_tag","embeddable":true,"href":"https:\/\/utfpr.curitiba.br\/bibliotecadesigncenico\/index.php?rest_route=%2Fwp%2Fv2%2Ftags&post=993"}],"curies":[{"name":"wp","href":"https:\/\/api.w.org\/{rel}","templated":true}]}}