{"id":988,"date":"2021-06-14T09:00:00","date_gmt":"2021-06-14T12:00:00","guid":{"rendered":"https:\/\/bibliotecadesigncenico.ct.utfpr.edu.br\/?p=988"},"modified":"2021-06-10T19:26:36","modified_gmt":"2021-06-10T22:26:36","slug":"por-um-olhar-menos-retiniano-estudo-reflexivo-sobre-os-processos-que-envolvem-a-informacao-visual-direcionada-a-pratica-cenografica-em-exposicoes-de-arte-de-museus","status":"publish","type":"post","link":"https:\/\/utfpr.curitiba.br\/bibliotecadesigncenico\/?p=988","title":{"rendered":"Por um olhar menos retiniano: estudo reflexivo sobre os processos que envolvem a informa\u00e7\u00e3o visual direcionada a pr\u00e1tica cenogr\u00e1fica em exposi\u00e7\u00f5es de arte de museus"},"content":{"rendered":"\t\t<div data-elementor-type=\"wp-post\" data-elementor-id=\"988\" class=\"elementor elementor-988\">\n\t\t\t\t\t\t<section class=\"elementor-section elementor-top-section elementor-element elementor-element-844baaa elementor-section-boxed elementor-section-height-default elementor-section-height-default\" data-id=\"844baaa\" data-element_type=\"section\" data-e-type=\"section\">\n\t\t\t\t\t\t<div class=\"elementor-container elementor-column-gap-default\">\n\t\t\t\t\t<div class=\"elementor-column elementor-col-100 elementor-top-column elementor-element elementor-element-ebd1934\" data-id=\"ebd1934\" data-element_type=\"column\" data-e-type=\"column\">\n\t\t\t<div class=\"elementor-widget-wrap elementor-element-populated\">\n\t\t\t\t\t\t<div class=\"elementor-element elementor-element-14c886f elementor-widget elementor-widget-text-editor\" data-id=\"14c886f\" data-element_type=\"widget\" data-e-type=\"widget\" data-widget_type=\"text-editor.default\">\n\t\t\t\t<div class=\"elementor-widget-container\">\n\t\t\t\t\t\t\t\t\t<p>SCHETINI, Tarsila Ferreira Silva. <strong>Por um olhar menos retiniano: estudo reflexivo sobre os processos que envolvem a informa\u00e7\u00e3o visual direcionada a pr\u00e1tica cenogr\u00e1fica em exposi\u00e7\u00f5es de arte de museus<\/strong>. Trabalho de Conclus\u00e3o de Curso (Especializa\u00e7\u00e3o em Cenografia) &#8211; Universidade Tecnol\u00f3gica Federal do Paran\u00e1, 2018.<\/p><p>Palavras-chave: Artes &#8211; Cenografia e cen\u00e1rios; Experi\u00eancia &#8211; Est\u00e9tica; Arte &#8211; Exposi\u00e7\u00f5es; Museus.<\/p><p>Resumo: O presente trabalho concebe uma an\u00e1lise sobre quais reflex\u00f5es seriam pertinentes para a cria\u00e7\u00e3o de um projeto cenogr\u00e1fico direcionado para exposi\u00e7\u00f5es de arte em museus. Para tanto, utilizou-se do estudo bibliogr\u00e1fico dos autores que vestem o tema da recep\u00e7\u00e3o do p\u00fablico que se disp\u00f5e ao ato da experimenta\u00e7\u00e3o est\u00e9tica-visual e como os elementos atuantes nesta experi\u00eancia se apresentam e relacionam. Desta maneira torna-se poss\u00edvel compreender como ser apresentado o ato comunicativo da cenografia com o p\u00fablico na atualidade e vislumbrar novas configura\u00e7\u00f5es para estes espa\u00e7os.<\/p><p>Link:<a href=\"http:\/\/repositorio.roca.utfpr.edu.br\/jspui\/handle\/1\/13330\"> http:\/\/repositorio.roca.utfpr.edu.br\/jspui\/handle\/1\/13330<\/a><\/p>\t\t\t\t\t\t\t\t<\/div>\n\t\t\t\t<\/div>\n\t\t\t\t<div class=\"elementor-element elementor-element-2fee49a elementor--star-style-star_fontawesome elementor-widget elementor-widget-star-rating\" data-id=\"2fee49a\" data-element_type=\"widget\" data-e-type=\"widget\" data-widget_type=\"star-rating.default\">\n\t\t\t\t<div class=\"elementor-widget-container\">\n\t\t\t\t\t\t\t<div class=\"elementor-star-rating__wrapper\">\n\t\t\t\t\t\t<div class=\"elementor-star-rating\" itemtype=\"http:\/\/schema.org\/Rating\" itemscope=\"\" itemprop=\"reviewRating\">\n\t\t\t\t<i class=\"elementor-star-full\" aria-hidden=\"true\">&#xE934;<\/i><i class=\"elementor-star-full\" aria-hidden=\"true\">&#xE934;<\/i><i class=\"elementor-star-full\" aria-hidden=\"true\">&#xE934;<\/i><i class=\"elementor-star-full\" aria-hidden=\"true\">&#xE934;<\/i><i class=\"elementor-star-full\" aria-hidden=\"true\">&#xE934;<\/i>\t\t\t\t<span itemprop=\"ratingValue\" class=\"elementor-screen-only\">Rated 5 out of 5<\/span>\n\t\t\t<\/div>\n\t\t<\/div>\n\t\t\t\t\t\t<\/div>\n\t\t\t\t<\/div>\n\t\t\t\t\t<\/div>\n\t\t<\/div>\n\t\t\t\t\t<\/div>\n\t\t<\/section>\n\t\t\t\t<\/div>\n\t\t","protected":false},"excerpt":{"rendered":"<p>SCHETINI, Tarsila Ferreira Silva. Por um olhar menos retiniano: estudo reflexivo sobre os processos que envolvem a informa\u00e7\u00e3o visual direcionada a pr\u00e1tica cenogr\u00e1fica em exposi\u00e7\u00f5es de arte de museus. Trabalho de Conclus\u00e3o de Curso (Especializa\u00e7\u00e3o em Cenografia) &#8211; Universidade Tecnol\u00f3gica &hellip; <a href=\"https:\/\/utfpr.curitiba.br\/bibliotecadesigncenico\/?p=988\">Continue lendo <span class=\"meta-nav\">&rarr;<\/span><\/a><\/p>\n","protected":false},"author":5,"featured_media":0,"comment_status":"closed","ping_status":"","sticky":false,"template":"","format":"standard","meta":{"footnotes":""},"categories":[3],"tags":[],"class_list":["post-988","post","type-post","status-publish","format-standard","hentry","category-cenografia"],"_links":{"self":[{"href":"https:\/\/utfpr.curitiba.br\/bibliotecadesigncenico\/index.php?rest_route=\/wp\/v2\/posts\/988","targetHints":{"allow":["GET"]}}],"collection":[{"href":"https:\/\/utfpr.curitiba.br\/bibliotecadesigncenico\/index.php?rest_route=\/wp\/v2\/posts"}],"about":[{"href":"https:\/\/utfpr.curitiba.br\/bibliotecadesigncenico\/index.php?rest_route=\/wp\/v2\/types\/post"}],"author":[{"embeddable":true,"href":"https:\/\/utfpr.curitiba.br\/bibliotecadesigncenico\/index.php?rest_route=\/wp\/v2\/users\/5"}],"replies":[{"embeddable":true,"href":"https:\/\/utfpr.curitiba.br\/bibliotecadesigncenico\/index.php?rest_route=%2Fwp%2Fv2%2Fcomments&post=988"}],"version-history":[{"count":4,"href":"https:\/\/utfpr.curitiba.br\/bibliotecadesigncenico\/index.php?rest_route=\/wp\/v2\/posts\/988\/revisions"}],"predecessor-version":[{"id":992,"href":"https:\/\/utfpr.curitiba.br\/bibliotecadesigncenico\/index.php?rest_route=\/wp\/v2\/posts\/988\/revisions\/992"}],"wp:attachment":[{"href":"https:\/\/utfpr.curitiba.br\/bibliotecadesigncenico\/index.php?rest_route=%2Fwp%2Fv2%2Fmedia&parent=988"}],"wp:term":[{"taxonomy":"category","embeddable":true,"href":"https:\/\/utfpr.curitiba.br\/bibliotecadesigncenico\/index.php?rest_route=%2Fwp%2Fv2%2Fcategories&post=988"},{"taxonomy":"post_tag","embeddable":true,"href":"https:\/\/utfpr.curitiba.br\/bibliotecadesigncenico\/index.php?rest_route=%2Fwp%2Fv2%2Ftags&post=988"}],"curies":[{"name":"wp","href":"https:\/\/api.w.org\/{rel}","templated":true}]}}