{"id":973,"date":"2021-06-14T09:00:00","date_gmt":"2021-06-14T12:00:00","guid":{"rendered":"https:\/\/bibliotecadesigncenico.ct.utfpr.edu.br\/?p=973"},"modified":"2021-06-10T19:17:11","modified_gmt":"2021-06-10T22:17:11","slug":"cenografia-no-halloween","status":"publish","type":"post","link":"https:\/\/utfpr.curitiba.br\/bibliotecadesigncenico\/?p=973","title":{"rendered":"Cenografia no Halloween"},"content":{"rendered":"\t\t<div data-elementor-type=\"wp-post\" data-elementor-id=\"973\" class=\"elementor elementor-973\">\n\t\t\t\t\t\t<section class=\"elementor-section elementor-top-section elementor-element elementor-element-351bfac elementor-section-boxed elementor-section-height-default elementor-section-height-default\" data-id=\"351bfac\" data-element_type=\"section\" data-e-type=\"section\">\n\t\t\t\t\t\t<div class=\"elementor-container elementor-column-gap-default\">\n\t\t\t\t\t<div class=\"elementor-column elementor-col-100 elementor-top-column elementor-element elementor-element-fed75be\" data-id=\"fed75be\" data-element_type=\"column\" data-e-type=\"column\">\n\t\t\t<div class=\"elementor-widget-wrap elementor-element-populated\">\n\t\t\t\t\t\t<div class=\"elementor-element elementor-element-989a10a elementor-widget elementor-widget-text-editor\" data-id=\"989a10a\" data-element_type=\"widget\" data-e-type=\"widget\" data-widget_type=\"text-editor.default\">\n\t\t\t\t<div class=\"elementor-widget-container\">\n\t\t\t\t\t\t\t\t\t<p>SIWEK, Luiza Uady. <strong>Cenografia no Halloween<\/strong>.\u00a0 Trabalho de Conclus\u00e3o de Curso (Especializa\u00e7\u00e3o em Cenografia) &#8211; Universidade Tecnol\u00f3gica Federal do Paran\u00e1, 2018.<\/p><p>Palavras-chave: Dia das Bruxas; Usos e costumes &#8211; Cenografia e cen\u00e1rios; Cristianismo e cultura; Celtas.<\/p><p>Resumo: Este artigo tem como objetivo apresentar uma pesquisa sobre a Cenografia na manifesta\u00e7\u00e3o cultural Halloween, percorrendo os seguintes caminhos: elucida sobre a hist\u00f3ria desta celebra\u00e7\u00e3o, incluindo as tradi\u00e7\u00f5es em torno do tema. Aponta a proced\u00eancia celta e crist\u00e3; explica a origem das principais atividades, o uso de fantasias e sobre a brincadeira de \u201ctrick or treat\u201d; e justifica a import\u00e2ncia cultural nos pa\u00edses de l\u00edngua inglesa e relaciona a sua entrada na cultura brasileira. Al\u00e9m disso identifica os principais elementos cenogr\u00e1ficos utilizados nas celebra\u00e7\u00f5es atuais.<\/p><p>Link:<a href=\"http:\/\/repositorio.roca.utfpr.edu.br\/jspui\/handle\/1\/13327\"> http:\/\/repositorio.roca.utfpr.edu.br\/jspui\/handle\/1\/13327<\/a><\/p>\t\t\t\t\t\t\t\t<\/div>\n\t\t\t\t<\/div>\n\t\t\t\t<div class=\"elementor-element elementor-element-c9cd415 elementor--star-style-star_fontawesome elementor-widget elementor-widget-star-rating\" data-id=\"c9cd415\" data-element_type=\"widget\" data-e-type=\"widget\" data-widget_type=\"star-rating.default\">\n\t\t\t\t<div class=\"elementor-widget-container\">\n\t\t\t\t\t\t\t<div class=\"elementor-star-rating__wrapper\">\n\t\t\t\t\t\t<div class=\"elementor-star-rating\" itemtype=\"http:\/\/schema.org\/Rating\" itemscope=\"\" itemprop=\"reviewRating\">\n\t\t\t\t<i class=\"elementor-star-full\" aria-hidden=\"true\">&#xE934;<\/i><i class=\"elementor-star-full\" aria-hidden=\"true\">&#xE934;<\/i><i class=\"elementor-star-full\" aria-hidden=\"true\">&#xE934;<\/i><i class=\"elementor-star-full\" aria-hidden=\"true\">&#xE934;<\/i><i class=\"elementor-star-full\" aria-hidden=\"true\">&#xE934;<\/i>\t\t\t\t<span itemprop=\"ratingValue\" class=\"elementor-screen-only\">Rated 5 out of 5<\/span>\n\t\t\t<\/div>\n\t\t<\/div>\n\t\t\t\t\t\t<\/div>\n\t\t\t\t<\/div>\n\t\t\t\t\t<\/div>\n\t\t<\/div>\n\t\t\t\t\t<\/div>\n\t\t<\/section>\n\t\t\t\t<\/div>\n\t\t","protected":false},"excerpt":{"rendered":"<p>SIWEK, Luiza Uady. Cenografia no Halloween.\u00a0 Trabalho de Conclus\u00e3o de Curso (Especializa\u00e7\u00e3o em Cenografia) &#8211; Universidade Tecnol\u00f3gica Federal do Paran\u00e1, 2018. Palavras-chave: Dia das Bruxas; Usos e costumes &#8211; Cenografia e cen\u00e1rios; Cristianismo e cultura; Celtas. Resumo: Este artigo tem &hellip; <a href=\"https:\/\/utfpr.curitiba.br\/bibliotecadesigncenico\/?p=973\">Continue lendo <span class=\"meta-nav\">&rarr;<\/span><\/a><\/p>\n","protected":false},"author":5,"featured_media":0,"comment_status":"closed","ping_status":"","sticky":false,"template":"","format":"standard","meta":{"footnotes":""},"categories":[3],"tags":[],"class_list":["post-973","post","type-post","status-publish","format-standard","hentry","category-cenografia"],"_links":{"self":[{"href":"https:\/\/utfpr.curitiba.br\/bibliotecadesigncenico\/index.php?rest_route=\/wp\/v2\/posts\/973","targetHints":{"allow":["GET"]}}],"collection":[{"href":"https:\/\/utfpr.curitiba.br\/bibliotecadesigncenico\/index.php?rest_route=\/wp\/v2\/posts"}],"about":[{"href":"https:\/\/utfpr.curitiba.br\/bibliotecadesigncenico\/index.php?rest_route=\/wp\/v2\/types\/post"}],"author":[{"embeddable":true,"href":"https:\/\/utfpr.curitiba.br\/bibliotecadesigncenico\/index.php?rest_route=\/wp\/v2\/users\/5"}],"replies":[{"embeddable":true,"href":"https:\/\/utfpr.curitiba.br\/bibliotecadesigncenico\/index.php?rest_route=%2Fwp%2Fv2%2Fcomments&post=973"}],"version-history":[{"count":4,"href":"https:\/\/utfpr.curitiba.br\/bibliotecadesigncenico\/index.php?rest_route=\/wp\/v2\/posts\/973\/revisions"}],"predecessor-version":[{"id":977,"href":"https:\/\/utfpr.curitiba.br\/bibliotecadesigncenico\/index.php?rest_route=\/wp\/v2\/posts\/973\/revisions\/977"}],"wp:attachment":[{"href":"https:\/\/utfpr.curitiba.br\/bibliotecadesigncenico\/index.php?rest_route=%2Fwp%2Fv2%2Fmedia&parent=973"}],"wp:term":[{"taxonomy":"category","embeddable":true,"href":"https:\/\/utfpr.curitiba.br\/bibliotecadesigncenico\/index.php?rest_route=%2Fwp%2Fv2%2Fcategories&post=973"},{"taxonomy":"post_tag","embeddable":true,"href":"https:\/\/utfpr.curitiba.br\/bibliotecadesigncenico\/index.php?rest_route=%2Fwp%2Fv2%2Ftags&post=973"}],"curies":[{"name":"wp","href":"https:\/\/api.w.org\/{rel}","templated":true}]}}