{"id":968,"date":"2021-06-14T09:00:00","date_gmt":"2021-06-14T12:00:00","guid":{"rendered":"https:\/\/bibliotecadesigncenico.ct.utfpr.edu.br\/?p=968"},"modified":"2021-06-10T19:13:26","modified_gmt":"2021-06-10T22:13:26","slug":"intervencao-na-paisagem-urbana-o-video-mapping-como-estrategia-de-renovacao-urbana","status":"publish","type":"post","link":"https:\/\/utfpr.curitiba.br\/bibliotecadesigncenico\/?p=968","title":{"rendered":"Interven\u00e7\u00e3o na paisagem urbana: o v\u00eddeo mapping como estrat\u00e9gia de renova\u00e7\u00e3o urbana"},"content":{"rendered":"\t\t<div data-elementor-type=\"wp-post\" data-elementor-id=\"968\" class=\"elementor elementor-968\">\n\t\t\t\t\t\t<section class=\"elementor-section elementor-top-section elementor-element elementor-element-1d6278e elementor-section-boxed elementor-section-height-default elementor-section-height-default\" data-id=\"1d6278e\" data-element_type=\"section\" data-e-type=\"section\">\n\t\t\t\t\t\t<div class=\"elementor-container elementor-column-gap-default\">\n\t\t\t\t\t<div class=\"elementor-column elementor-col-100 elementor-top-column elementor-element elementor-element-bb564b9\" data-id=\"bb564b9\" data-element_type=\"column\" data-e-type=\"column\">\n\t\t\t<div class=\"elementor-widget-wrap elementor-element-populated\">\n\t\t\t\t\t\t<div class=\"elementor-element elementor-element-d682dae elementor-widget elementor-widget-text-editor\" data-id=\"d682dae\" data-element_type=\"widget\" data-e-type=\"widget\" data-widget_type=\"text-editor.default\">\n\t\t\t\t<div class=\"elementor-widget-container\">\n\t\t\t\t\t\t\t\t\t<p>GON\u00c7ALVES, Luan Melo Verli. <strong>Interven\u00e7\u00e3o na paisagem urbana: o v\u00eddeo mapping como estrat\u00e9gia de renova\u00e7\u00e3o urbana<\/strong>. Trabalho de Conclus\u00e3o de Curso (Especializa\u00e7\u00e3o em Cenografia) &#8211; UTFPR, 2018.<\/p><p>Palavras-chave: Arquitetura paisag\u00edstica urbana; Proje\u00e7\u00e3o; Artes &#8211; Cenografia e cen\u00e1rios; V\u00eddeoarte.<\/p><p>Resumo: Este trabalho discute interven\u00e7\u00f5es art\u00edsticas com v\u00eddeo mapping na paisagem urbana, que colocam a cidade como cenografia e como pe\u00e7a-chave no cotidiano dos citadinos. Trata das interfer\u00eancia est\u00e9ticas e da melhora da qualidade visual da cidade que tais interven\u00e7\u00f5es prop\u00f5em. Como metodologia foi utilizado referencial te\u00f3rico da \u00e1rea de urbanismo, em especial no tocante \u00e0s fachadas ativas, interven\u00e7\u00f5es urbanas e cenografia, a partir de dois estudos de caso relacionados \u00e0s interven\u00e7\u00f5es urbanas. Conclui que tais interven\u00e7\u00f5es se mostram eficazes na revitaliza\u00e7\u00e3o e cria\u00e7\u00e3o e consolida\u00e7\u00e3o de identidade do lugar.<\/p><p>Link:<a href=\"http:\/\/repositorio.roca.utfpr.edu.br\/jspui\/handle\/1\/13326\"> http:\/\/repositorio.roca.utfpr.edu.br\/jspui\/handle\/1\/13326<\/a><\/p>\t\t\t\t\t\t\t\t<\/div>\n\t\t\t\t<\/div>\n\t\t\t\t<div class=\"elementor-element elementor-element-39713ea elementor--star-style-star_fontawesome elementor-widget elementor-widget-star-rating\" data-id=\"39713ea\" data-element_type=\"widget\" data-e-type=\"widget\" data-widget_type=\"star-rating.default\">\n\t\t\t\t<div class=\"elementor-widget-container\">\n\t\t\t\t\t\t\t<div class=\"elementor-star-rating__wrapper\">\n\t\t\t\t\t\t<div class=\"elementor-star-rating\" itemtype=\"http:\/\/schema.org\/Rating\" itemscope=\"\" itemprop=\"reviewRating\">\n\t\t\t\t<i class=\"elementor-star-full\" aria-hidden=\"true\">&#xE934;<\/i><i class=\"elementor-star-full\" aria-hidden=\"true\">&#xE934;<\/i><i class=\"elementor-star-full\" aria-hidden=\"true\">&#xE934;<\/i><i class=\"elementor-star-full\" aria-hidden=\"true\">&#xE934;<\/i><i class=\"elementor-star-full\" aria-hidden=\"true\">&#xE934;<\/i>\t\t\t\t<span itemprop=\"ratingValue\" class=\"elementor-screen-only\">Rated 5 out of 5<\/span>\n\t\t\t<\/div>\n\t\t<\/div>\n\t\t\t\t\t\t<\/div>\n\t\t\t\t<\/div>\n\t\t\t\t\t<\/div>\n\t\t<\/div>\n\t\t\t\t\t<\/div>\n\t\t<\/section>\n\t\t\t\t<\/div>\n\t\t","protected":false},"excerpt":{"rendered":"<p>GON\u00c7ALVES, Luan Melo Verli. Interven\u00e7\u00e3o na paisagem urbana: o v\u00eddeo mapping como estrat\u00e9gia de renova\u00e7\u00e3o urbana. Trabalho de Conclus\u00e3o de Curso (Especializa\u00e7\u00e3o em Cenografia) &#8211; UTFPR, 2018. Palavras-chave: Arquitetura paisag\u00edstica urbana; Proje\u00e7\u00e3o; Artes &#8211; Cenografia e cen\u00e1rios; V\u00eddeoarte. Resumo: Este &hellip; <a href=\"https:\/\/utfpr.curitiba.br\/bibliotecadesigncenico\/?p=968\">Continue lendo <span class=\"meta-nav\">&rarr;<\/span><\/a><\/p>\n","protected":false},"author":5,"featured_media":0,"comment_status":"closed","ping_status":"","sticky":false,"template":"","format":"standard","meta":{"footnotes":""},"categories":[2,3],"tags":[],"class_list":["post-968","post","type-post","status-publish","format-standard","hentry","category-arquitetura-teatral","category-cenografia"],"_links":{"self":[{"href":"https:\/\/utfpr.curitiba.br\/bibliotecadesigncenico\/index.php?rest_route=\/wp\/v2\/posts\/968","targetHints":{"allow":["GET"]}}],"collection":[{"href":"https:\/\/utfpr.curitiba.br\/bibliotecadesigncenico\/index.php?rest_route=\/wp\/v2\/posts"}],"about":[{"href":"https:\/\/utfpr.curitiba.br\/bibliotecadesigncenico\/index.php?rest_route=\/wp\/v2\/types\/post"}],"author":[{"embeddable":true,"href":"https:\/\/utfpr.curitiba.br\/bibliotecadesigncenico\/index.php?rest_route=\/wp\/v2\/users\/5"}],"replies":[{"embeddable":true,"href":"https:\/\/utfpr.curitiba.br\/bibliotecadesigncenico\/index.php?rest_route=%2Fwp%2Fv2%2Fcomments&post=968"}],"version-history":[{"count":4,"href":"https:\/\/utfpr.curitiba.br\/bibliotecadesigncenico\/index.php?rest_route=\/wp\/v2\/posts\/968\/revisions"}],"predecessor-version":[{"id":972,"href":"https:\/\/utfpr.curitiba.br\/bibliotecadesigncenico\/index.php?rest_route=\/wp\/v2\/posts\/968\/revisions\/972"}],"wp:attachment":[{"href":"https:\/\/utfpr.curitiba.br\/bibliotecadesigncenico\/index.php?rest_route=%2Fwp%2Fv2%2Fmedia&parent=968"}],"wp:term":[{"taxonomy":"category","embeddable":true,"href":"https:\/\/utfpr.curitiba.br\/bibliotecadesigncenico\/index.php?rest_route=%2Fwp%2Fv2%2Fcategories&post=968"},{"taxonomy":"post_tag","embeddable":true,"href":"https:\/\/utfpr.curitiba.br\/bibliotecadesigncenico\/index.php?rest_route=%2Fwp%2Fv2%2Ftags&post=968"}],"curies":[{"name":"wp","href":"https:\/\/api.w.org\/{rel}","templated":true}]}}