{"id":922,"date":"2021-06-14T09:00:00","date_gmt":"2021-06-14T12:00:00","guid":{"rendered":"https:\/\/bibliotecadesigncenico.ct.utfpr.edu.br\/?p=922"},"modified":"2021-06-10T18:51:44","modified_gmt":"2021-06-10T21:51:44","slug":"cenografia-em-telenovelas-na-tv-globo-consideracoes-sobre-a-novela-eta-mundo-bom","status":"publish","type":"post","link":"https:\/\/utfpr.curitiba.br\/bibliotecadesigncenico\/?p=922","title":{"rendered":"Cenografia em telenovelas na tv Globo: considera\u00e7\u00f5es sobre a novela \u00cata Mundo Bom!"},"content":{"rendered":"\t\t<div data-elementor-type=\"wp-post\" data-elementor-id=\"922\" class=\"elementor elementor-922\">\n\t\t\t\t\t\t<section class=\"elementor-section elementor-top-section elementor-element elementor-element-1474204 elementor-section-boxed elementor-section-height-default elementor-section-height-default\" data-id=\"1474204\" data-element_type=\"section\" data-e-type=\"section\">\n\t\t\t\t\t\t<div class=\"elementor-container elementor-column-gap-default\">\n\t\t\t\t\t<div class=\"elementor-column elementor-col-100 elementor-top-column elementor-element elementor-element-ec135ce\" data-id=\"ec135ce\" data-element_type=\"column\" data-e-type=\"column\">\n\t\t\t<div class=\"elementor-widget-wrap elementor-element-populated\">\n\t\t\t\t\t\t<div class=\"elementor-element elementor-element-0e67f5e elementor-widget elementor-widget-text-editor\" data-id=\"0e67f5e\" data-element_type=\"widget\" data-e-type=\"widget\" data-widget_type=\"text-editor.default\">\n\t\t\t\t<div class=\"elementor-widget-container\">\n\t\t\t\t\t\t\t\t\t<p><span data-sheets-value=\"{&quot;1&quot;:2,&quot;2&quot;:&quot;QUADROS, Poliana Fernandes de Moraes Quadros. Cenografia em telenovelas na tv Globo: considera\u00e7\u00f5es sobre a novela \u00cata Mundo Bom!. Trabalho de Conclus\u00e3o de Curso (Especializa\u00e7\u00e3o em Cenografia) - UTFPR, 2016.&quot;}\" data-sheets-userformat=\"{&quot;2&quot;:7073,&quot;3&quot;:{&quot;1&quot;:0},&quot;8&quot;:{&quot;1&quot;:[{&quot;1&quot;:2,&quot;2&quot;:0,&quot;5&quot;:{&quot;1&quot;:0}},{&quot;1&quot;:0,&quot;2&quot;:0,&quot;3&quot;:3},{&quot;1&quot;:1,&quot;2&quot;:0,&quot;4&quot;:1}]},&quot;10&quot;:2,&quot;11&quot;:0,&quot;12&quot;:0,&quot;14&quot;:[null,2,2575891],&quot;15&quot;:&quot;Arial&quot;}\">QUADROS, Poliana Fernandes de Moraes. <strong>Cenografia em telenovelas na tv Globo: considera\u00e7\u00f5es sobre a novela \u00cata Mundo Bom!<\/strong>. Trabalho de Conclus\u00e3o de Curso (Especializa\u00e7\u00e3o em Cenografia) &#8211; UTFPR, 2016.<\/span><\/p><p>Palavras-chave: <span data-sheets-value=\"{&quot;1&quot;:2,&quot;2&quot;:&quot;Televis\u00e3o - Cenografia e cen\u00e1rios; Telenovelas - Brasil - Hist\u00f3ria e cr\u00edtica; Televis\u00e3o - Produ\u00e7\u00e3o e dire\u00e7\u00e3o&quot;}\" data-sheets-userformat=\"{&quot;2&quot;:573,&quot;3&quot;:{&quot;1&quot;:0},&quot;5&quot;:{&quot;1&quot;:[{&quot;1&quot;:2,&quot;2&quot;:0,&quot;5&quot;:[null,2,0]},{&quot;1&quot;:0,&quot;2&quot;:0,&quot;3&quot;:3},{&quot;1&quot;:1,&quot;2&quot;:0,&quot;4&quot;:1}]},&quot;6&quot;:{&quot;1&quot;:[{&quot;1&quot;:2,&quot;2&quot;:0,&quot;5&quot;:[null,2,0]},{&quot;1&quot;:0,&quot;2&quot;:0,&quot;3&quot;:3},{&quot;1&quot;:1,&quot;2&quot;:0,&quot;4&quot;:1}]},&quot;7&quot;:{&quot;1&quot;:[{&quot;1&quot;:2,&quot;2&quot;:0,&quot;5&quot;:[null,2,0]},{&quot;1&quot;:0,&quot;2&quot;:0,&quot;3&quot;:3},{&quot;1&quot;:1,&quot;2&quot;:0,&quot;4&quot;:1}]},&quot;8&quot;:{&quot;1&quot;:[{&quot;1&quot;:2,&quot;2&quot;:0,&quot;5&quot;:[null,2,0]},{&quot;1&quot;:0,&quot;2&quot;:0,&quot;3&quot;:3},{&quot;1&quot;:1,&quot;2&quot;:0,&quot;4&quot;:1}]},&quot;12&quot;:0}\">Televis\u00e3o &#8211; Cenografia e cen\u00e1rios; Telenovelas &#8211; Brasil &#8211; Hist\u00f3ria e cr\u00edtica; Televis\u00e3o &#8211; Produ\u00e7\u00e3o e dire\u00e7\u00e3o<\/span><\/p><p>Resumo: <span data-sheets-value=\"{&quot;1&quot;:2,&quot;2&quot;:&quot;Esse artigo aborda um breve panorama da telenovela no Brasil: seu in\u00edcio, suas adapta\u00e7\u00f5es no decorrer das \u00faltimas seis d\u00e9cadas, como funciona as etapas de produ\u00e7\u00e3o de uma telenovela na Rede Globo, quais foram as padroniza\u00e7\u00f5es que criaram em sua programa\u00e7\u00e3o e quais profissionais trabalham com o cen\u00f3grafo. E por fim, quais foram os processos de cria\u00e7\u00e3o dos cen\u00e1rios de est\u00fadio e de cidade cenogr\u00e1fica, da Fazenda Dom Pedro II na novela \u00cata Mundo Bom!.&quot;}\" data-sheets-userformat=\"{&quot;2&quot;:572,&quot;5&quot;:{&quot;1&quot;:[{&quot;1&quot;:2,&quot;2&quot;:0,&quot;5&quot;:[null,2,0]},{&quot;1&quot;:0,&quot;2&quot;:0,&quot;3&quot;:3},{&quot;1&quot;:1,&quot;2&quot;:0,&quot;4&quot;:1}]},&quot;6&quot;:{&quot;1&quot;:[{&quot;1&quot;:2,&quot;2&quot;:0,&quot;5&quot;:[null,2,0]},{&quot;1&quot;:0,&quot;2&quot;:0,&quot;3&quot;:3},{&quot;1&quot;:1,&quot;2&quot;:0,&quot;4&quot;:1}]},&quot;7&quot;:{&quot;1&quot;:[{&quot;1&quot;:2,&quot;2&quot;:0,&quot;5&quot;:[null,2,0]},{&quot;1&quot;:0,&quot;2&quot;:0,&quot;3&quot;:3},{&quot;1&quot;:1,&quot;2&quot;:0,&quot;4&quot;:1}]},&quot;8&quot;:{&quot;1&quot;:[{&quot;1&quot;:2,&quot;2&quot;:0,&quot;5&quot;:[null,2,0]},{&quot;1&quot;:0,&quot;2&quot;:0,&quot;3&quot;:3},{&quot;1&quot;:1,&quot;2&quot;:0,&quot;4&quot;:1}]},&quot;12&quot;:0}\">Esse artigo aborda um breve panorama da telenovela no Brasil: seu in\u00edcio, suas adapta\u00e7\u00f5es no decorrer das \u00faltimas seis d\u00e9cadas, como funciona as etapas de produ\u00e7\u00e3o de uma telenovela na Rede Globo, quais foram as padroniza\u00e7\u00f5es que criaram em sua programa\u00e7\u00e3o e quais profissionais trabalham com o cen\u00f3grafo. E por fim, quais foram os processos de cria\u00e7\u00e3o dos cen\u00e1rios de est\u00fadio e de cidade cenogr\u00e1fica, da Fazenda Dom Pedro II na novela \u00cata Mundo Bom!.<\/span><\/p><p>Link:<a href=\"http:\/\/repositorio.roca.utfpr.edu.br\/jspui\/handle\/1\/13860\"> http:\/\/repositorio.roca.utfpr.edu.br\/jspui\/handle\/1\/13860<\/a><\/p>\t\t\t\t\t\t\t\t<\/div>\n\t\t\t\t<\/div>\n\t\t\t\t<div class=\"elementor-element elementor-element-180e8df elementor--star-style-star_fontawesome elementor-widget elementor-widget-star-rating\" data-id=\"180e8df\" data-element_type=\"widget\" data-e-type=\"widget\" data-widget_type=\"star-rating.default\">\n\t\t\t\t<div class=\"elementor-widget-container\">\n\t\t\t\t\t\t\t<div class=\"elementor-star-rating__wrapper\">\n\t\t\t\t\t\t<div class=\"elementor-star-rating\" itemtype=\"http:\/\/schema.org\/Rating\" itemscope=\"\" itemprop=\"reviewRating\">\n\t\t\t\t<i class=\"elementor-star-full\" aria-hidden=\"true\">&#xE934;<\/i><i class=\"elementor-star-full\" aria-hidden=\"true\">&#xE934;<\/i><i class=\"elementor-star-full\" aria-hidden=\"true\">&#xE934;<\/i><i class=\"elementor-star-full\" aria-hidden=\"true\">&#xE934;<\/i><i class=\"elementor-star-full\" aria-hidden=\"true\">&#xE934;<\/i>\t\t\t\t<span itemprop=\"ratingValue\" class=\"elementor-screen-only\">Rated 5 out of 5<\/span>\n\t\t\t<\/div>\n\t\t<\/div>\n\t\t\t\t\t\t<\/div>\n\t\t\t\t<\/div>\n\t\t\t\t\t<\/div>\n\t\t<\/div>\n\t\t\t\t\t<\/div>\n\t\t<\/section>\n\t\t\t\t<\/div>\n\t\t","protected":false},"excerpt":{"rendered":"<p>QUADROS, Poliana Fernandes de Moraes. Cenografia em telenovelas na tv Globo: considera\u00e7\u00f5es sobre a novela \u00cata Mundo Bom!. Trabalho de Conclus\u00e3o de Curso (Especializa\u00e7\u00e3o em Cenografia) &#8211; UTFPR, 2016. Palavras-chave: Televis\u00e3o &#8211; Cenografia e cen\u00e1rios; Telenovelas &#8211; Brasil &#8211; Hist\u00f3ria &hellip; <a href=\"https:\/\/utfpr.curitiba.br\/bibliotecadesigncenico\/?p=922\">Continue lendo <span class=\"meta-nav\">&rarr;<\/span><\/a><\/p>\n","protected":false},"author":5,"featured_media":0,"comment_status":"closed","ping_status":"","sticky":false,"template":"","format":"standard","meta":{"footnotes":""},"categories":[3],"tags":[],"class_list":["post-922","post","type-post","status-publish","format-standard","hentry","category-cenografia"],"_links":{"self":[{"href":"https:\/\/utfpr.curitiba.br\/bibliotecadesigncenico\/index.php?rest_route=\/wp\/v2\/posts\/922","targetHints":{"allow":["GET"]}}],"collection":[{"href":"https:\/\/utfpr.curitiba.br\/bibliotecadesigncenico\/index.php?rest_route=\/wp\/v2\/posts"}],"about":[{"href":"https:\/\/utfpr.curitiba.br\/bibliotecadesigncenico\/index.php?rest_route=\/wp\/v2\/types\/post"}],"author":[{"embeddable":true,"href":"https:\/\/utfpr.curitiba.br\/bibliotecadesigncenico\/index.php?rest_route=\/wp\/v2\/users\/5"}],"replies":[{"embeddable":true,"href":"https:\/\/utfpr.curitiba.br\/bibliotecadesigncenico\/index.php?rest_route=%2Fwp%2Fv2%2Fcomments&post=922"}],"version-history":[{"count":4,"href":"https:\/\/utfpr.curitiba.br\/bibliotecadesigncenico\/index.php?rest_route=\/wp\/v2\/posts\/922\/revisions"}],"predecessor-version":[{"id":926,"href":"https:\/\/utfpr.curitiba.br\/bibliotecadesigncenico\/index.php?rest_route=\/wp\/v2\/posts\/922\/revisions\/926"}],"wp:attachment":[{"href":"https:\/\/utfpr.curitiba.br\/bibliotecadesigncenico\/index.php?rest_route=%2Fwp%2Fv2%2Fmedia&parent=922"}],"wp:term":[{"taxonomy":"category","embeddable":true,"href":"https:\/\/utfpr.curitiba.br\/bibliotecadesigncenico\/index.php?rest_route=%2Fwp%2Fv2%2Fcategories&post=922"},{"taxonomy":"post_tag","embeddable":true,"href":"https:\/\/utfpr.curitiba.br\/bibliotecadesigncenico\/index.php?rest_route=%2Fwp%2Fv2%2Ftags&post=922"}],"curies":[{"name":"wp","href":"https:\/\/api.w.org\/{rel}","templated":true}]}}