{"id":866,"date":"2021-06-10T13:59:51","date_gmt":"2021-06-10T16:59:51","guid":{"rendered":"https:\/\/bibliotecadesigncenico.ct.utfpr.edu.br\/?p=866"},"modified":"2021-06-10T14:02:02","modified_gmt":"2021-06-10T17:02:02","slug":"o-edificio-teatral-como-espaco-artistico-pedagogico-a-praxis-da-mediacao-cultural-no-teatro-sesc-senac-pelourinho","status":"publish","type":"post","link":"https:\/\/utfpr.curitiba.br\/bibliotecadesigncenico\/?p=866","title":{"rendered":"O EDIF\u00cdCIO TEATRAL COMO ESPA\u00c7O ART\u00cdSTICO-PEDAG\u00d3GICO: A PR\u00c1XIS DA MEDIA\u00c7\u00c3O CULTURAL NO TEATRO SESC-SENAC PELOURINHO"},"content":{"rendered":"\t\t<div data-elementor-type=\"wp-post\" data-elementor-id=\"866\" class=\"elementor elementor-866\">\n\t\t\t\t\t\t<section class=\"elementor-section elementor-top-section elementor-element elementor-element-eeb8053 elementor-section-boxed elementor-section-height-default elementor-section-height-default\" data-id=\"eeb8053\" data-element_type=\"section\" data-e-type=\"section\">\n\t\t\t\t\t\t<div class=\"elementor-container elementor-column-gap-default\">\n\t\t\t\t\t<div class=\"elementor-column elementor-col-100 elementor-top-column elementor-element elementor-element-1e22753\" data-id=\"1e22753\" data-element_type=\"column\" data-e-type=\"column\">\n\t\t\t<div class=\"elementor-widget-wrap elementor-element-populated\">\n\t\t\t\t\t\t<div class=\"elementor-element elementor-element-94db88c elementor-widget elementor-widget-text-editor\" data-id=\"94db88c\" data-element_type=\"widget\" data-e-type=\"widget\" data-widget_type=\"text-editor.default\">\n\t\t\t\t<div class=\"elementor-widget-container\">\n\t\t\t\t\t\t\t\t\t<p>BICALHO, Poliana Lima.\u00a0<strong>O EDIF\u00cdCIO TEATRAL COMO ESPA\u00c7O ART\u00cdSTICO-PEDAG\u00d3GICO: A PR\u00c1XIS DA MEDIA\u00c7\u00c3O CULTURAL NO TEATRO SESC-SENAC PELOURINHO.\u00a0<\/strong>Disserta\u00e7\u00e3o (Mestrado em Artes C\u00eanicas) &#8211; Universidade Federal da Bahia, 2017.<\/p><p>Palavras-chave: Artes C\u00eanicas; Edif\u00edcio Teatral; Media\u00e7\u00e3o Cultural; Recep\u00e7\u00e3o.<\/p><p>Resumo: Este trabalho descreve um estudo de caso sobre a a\u00e7\u00e3o Media\u00e7\u00e3o Cultural- Forma\u00e7\u00e3o do Espectador, realizada no Teatro SESC-SENAC Pelourinho, unidade do Servi\u00e7o Social do Com\u00e9rcio (SESC-Bahia), no per\u00edodo de 2013 a 2015, na cidade de Salvador. Foram analisados os projetos Viva Teatro! Viva o Circo! e Mostra SESC de Artes Aldeia Pelourinho. A pesquisa delineou-se a partir da seguinte quest\u00e3o: Como ocorre a aplicabilidade da metodologia da media\u00e7\u00e3o cultural no edif\u00edcio teatral? Assim, discorreu-se sobre a metodologia da media\u00e7\u00e3o teatral, a partir do seu percurso log\u00edstico e art\u00edstico-pedag\u00f3gico: Sensibiliza\u00e7\u00e3o (pr\u00e9-espet\u00e1culo), Aprecia\u00e7\u00e3o (durante) e Reverbera\u00e7\u00e3o (p\u00f3s-espet\u00e1culo). Nesta discuss\u00e3o, foi importante identificar o edif\u00edcio teatral, na sua perspectiva art\u00edstico-pedag\u00f3gica, a configura\u00e7\u00e3o do campo de trabalho da media\u00e7\u00e3o, assim como o perfil do profissional mediador cultural. Para responder as quest\u00f5es que aparecem na pesquisa, procedeu-se \u00e0 revis\u00e3o de literatura, observa\u00e7\u00e3o participante e instrumentos como question\u00e1rios, com entrevista semiestruturada. O estudo de caso aponta que a implementa\u00e7\u00e3o de uma pr\u00e1xis mediadora junto ao equipamento cultural, apesar de complexa e com resultados em longo prazo \u00e9 uma a\u00e7\u00e3o pol\u00edtica de constru\u00e7\u00e3o da cidadania cultural de crian\u00e7as, jovens, adultos e idosos que t\u00eam o direito \u00e0 cultura; a participar, ter acesso e contribuir para a vida cultural.<\/p><p>Link:\u00a0<a href=\"https:\/\/repositorio.ufba.br\/ri\/handle\/ri\/23644\">https:\/\/repositorio.ufba.br\/ri\/handle\/ri\/23644<\/a><\/p>\t\t\t\t\t\t\t\t<\/div>\n\t\t\t\t<\/div>\n\t\t\t\t<div class=\"elementor-element elementor-element-415b1d9 elementor--star-style-star_fontawesome elementor-widget elementor-widget-star-rating\" data-id=\"415b1d9\" data-element_type=\"widget\" data-e-type=\"widget\" data-widget_type=\"star-rating.default\">\n\t\t\t\t<div class=\"elementor-widget-container\">\n\t\t\t\t\t\t\t<div class=\"elementor-star-rating__wrapper\">\n\t\t\t\t\t\t<div class=\"elementor-star-rating\" itemtype=\"http:\/\/schema.org\/Rating\" itemscope=\"\" itemprop=\"reviewRating\">\n\t\t\t\t<i class=\"elementor-star-full\" aria-hidden=\"true\">&#xE934;<\/i><i class=\"elementor-star-full\" aria-hidden=\"true\">&#xE934;<\/i><i class=\"elementor-star-full\" aria-hidden=\"true\">&#xE934;<\/i><i class=\"elementor-star-full\" aria-hidden=\"true\">&#xE934;<\/i><i class=\"elementor-star-full\" aria-hidden=\"true\">&#xE934;<\/i>\t\t\t\t<span itemprop=\"ratingValue\" class=\"elementor-screen-only\">Rated 5 out of 5<\/span>\n\t\t\t<\/div>\n\t\t<\/div>\n\t\t\t\t\t\t<\/div>\n\t\t\t\t<\/div>\n\t\t\t\t\t<\/div>\n\t\t<\/div>\n\t\t\t\t\t<\/div>\n\t\t<\/section>\n\t\t\t\t<\/div>\n\t\t","protected":false},"excerpt":{"rendered":"<p>BICALHO, Poliana Lima.\u00a0O EDIF\u00cdCIO TEATRAL COMO ESPA\u00c7O ART\u00cdSTICO-PEDAG\u00d3GICO: A PR\u00c1XIS DA MEDIA\u00c7\u00c3O CULTURAL NO TEATRO SESC-SENAC PELOURINHO.\u00a0Disserta\u00e7\u00e3o (Mestrado em Artes C\u00eanicas) &#8211; Universidade Federal da Bahia, 2017. Palavras-chave: Artes C\u00eanicas; Edif\u00edcio Teatral; Media\u00e7\u00e3o Cultural; Recep\u00e7\u00e3o. Resumo: Este trabalho descreve um &hellip; <a href=\"https:\/\/utfpr.curitiba.br\/bibliotecadesigncenico\/?p=866\">Continue lendo <span class=\"meta-nav\">&rarr;<\/span><\/a><\/p>\n","protected":false},"author":4,"featured_media":0,"comment_status":"closed","ping_status":"","sticky":false,"template":"","format":"standard","meta":{"footnotes":""},"categories":[2],"tags":[151,305,306,307],"class_list":["post-866","post","type-post","status-publish","format-standard","hentry","category-arquitetura-teatral","tag-artes-cenicas","tag-edificio-teatral","tag-mediacao-cultural","tag-recepcao"],"_links":{"self":[{"href":"https:\/\/utfpr.curitiba.br\/bibliotecadesigncenico\/index.php?rest_route=\/wp\/v2\/posts\/866","targetHints":{"allow":["GET"]}}],"collection":[{"href":"https:\/\/utfpr.curitiba.br\/bibliotecadesigncenico\/index.php?rest_route=\/wp\/v2\/posts"}],"about":[{"href":"https:\/\/utfpr.curitiba.br\/bibliotecadesigncenico\/index.php?rest_route=\/wp\/v2\/types\/post"}],"author":[{"embeddable":true,"href":"https:\/\/utfpr.curitiba.br\/bibliotecadesigncenico\/index.php?rest_route=\/wp\/v2\/users\/4"}],"replies":[{"embeddable":true,"href":"https:\/\/utfpr.curitiba.br\/bibliotecadesigncenico\/index.php?rest_route=%2Fwp%2Fv2%2Fcomments&post=866"}],"version-history":[{"count":4,"href":"https:\/\/utfpr.curitiba.br\/bibliotecadesigncenico\/index.php?rest_route=\/wp\/v2\/posts\/866\/revisions"}],"predecessor-version":[{"id":870,"href":"https:\/\/utfpr.curitiba.br\/bibliotecadesigncenico\/index.php?rest_route=\/wp\/v2\/posts\/866\/revisions\/870"}],"wp:attachment":[{"href":"https:\/\/utfpr.curitiba.br\/bibliotecadesigncenico\/index.php?rest_route=%2Fwp%2Fv2%2Fmedia&parent=866"}],"wp:term":[{"taxonomy":"category","embeddable":true,"href":"https:\/\/utfpr.curitiba.br\/bibliotecadesigncenico\/index.php?rest_route=%2Fwp%2Fv2%2Fcategories&post=866"},{"taxonomy":"post_tag","embeddable":true,"href":"https:\/\/utfpr.curitiba.br\/bibliotecadesigncenico\/index.php?rest_route=%2Fwp%2Fv2%2Ftags&post=866"}],"curies":[{"name":"wp","href":"https:\/\/api.w.org\/{rel}","templated":true}]}}