{"id":812,"date":"2021-06-10T13:01:44","date_gmt":"2021-06-10T16:01:44","guid":{"rendered":"https:\/\/bibliotecadesigncenico.ct.utfpr.edu.br\/?p=812"},"modified":"2021-06-10T13:05:23","modified_gmt":"2021-06-10T16:05:23","slug":"a-cenografia-de-policarpo-quaresma-um-processo-criativo-de-construcao-compartilhada","status":"publish","type":"post","link":"https:\/\/utfpr.curitiba.br\/bibliotecadesigncenico\/?p=812","title":{"rendered":"A cenografia de Policarpo Quaresma: um processo criativo de constru\u00e7\u00e3o compartilhada"},"content":{"rendered":"\t\t<div data-elementor-type=\"wp-post\" data-elementor-id=\"812\" class=\"elementor elementor-812\">\n\t\t\t\t\t\t<section class=\"elementor-section elementor-top-section elementor-element elementor-element-2251dff elementor-section-boxed elementor-section-height-default elementor-section-height-default\" data-id=\"2251dff\" data-element_type=\"section\" data-e-type=\"section\">\n\t\t\t\t\t\t<div class=\"elementor-container elementor-column-gap-default\">\n\t\t\t\t\t<div class=\"elementor-column elementor-col-100 elementor-top-column elementor-element elementor-element-20ead8b\" data-id=\"20ead8b\" data-element_type=\"column\" data-e-type=\"column\">\n\t\t\t<div class=\"elementor-widget-wrap elementor-element-populated\">\n\t\t\t\t\t\t<div class=\"elementor-element elementor-element-42df1a8 elementor-widget elementor-widget-text-editor\" data-id=\"42df1a8\" data-element_type=\"widget\" data-e-type=\"widget\" data-widget_type=\"text-editor.default\">\n\t\t\t\t<div class=\"elementor-widget-container\">\n\t\t\t\t\t\t\t\t\t<p>VASCONCELOS, Rodrigo Frota. <strong>A cenografia de Policarpo Quaresma: um processo criativo de constru\u00e7\u00e3o compartilhada.\u00a0<\/strong>Disserta\u00e7\u00e3o (Mestrado em Artes C\u00eanicas) &#8211; Universidade Federal da Bahia, 2018.<\/p><p>Palavras-chave: Cenografia; Encena\u00e7\u00e3o; Cria\u00e7\u00e3o compartilhada; Processo criativo; Policarpo Quaresma.<\/p><p>Resumo: Este trabalho se concentra na an\u00e1lise do processo criativo de concep\u00e7\u00e3o e constru\u00e7\u00e3o do cen\u00e1rio para a montagem do espet\u00e1culo teatral Policarpo Quaresma (2008), adapta\u00e7\u00e3o de Marcos Barbosa, com dire\u00e7\u00e3o de Luiz Marfuz, realizada pelo N\u00facleo do Teatro Castro Alves, em Salvador, Bahia. Sob a \u00f3tica do ato criador em sua manifesta\u00e7\u00e3o na cenografia e na perspectiva das rela\u00e7\u00f5es geradas entre criadores visuais integrantes, s\u00e3o investigados o percurso e as estrat\u00e9gias empreendidas durante o processo, abarcando desde as defini\u00e7\u00f5es conceituais at\u00e9 a sua materializa\u00e7\u00e3o final, em um modo compartilhado de cria\u00e7\u00e3o. Partindo da decomposi\u00e7\u00e3o da obra, a pesquisa estabelece reflex\u00f5es te\u00f3rico-pr\u00e1ticas sobre aspectos integrantes do movimento criativo da cenografia &#8211; as primeiras imagens, a gera\u00e7\u00e3o dos conceitos, os di\u00e1logos com o coletivo criador do espet\u00e1culo, a escolha de materiais, sua execu\u00e7\u00e3o pr\u00e1tica, os mecanismos de constru\u00e7\u00e3o, a testagem na sala de ensaios e rela\u00e7\u00e3o com a cena e intera\u00e7\u00e3o do elemento visual com os atores. Para tanto, a pesquisa se apoia prioritariamente nos pensamentos de cen\u00f3grafos atuantes, nos estudos de compreens\u00e3o de processos criativos e nas refer\u00eancias das conven\u00e7\u00f5es n\u00e3o naturalistas (Brecht em especial), numa tentativa de elucidar a qualidade din\u00e2mica e inferencial de uma obra cenogr\u00e1fica.<\/p><p>Link:\u00a0<a href=\"https:\/\/repositorio.ufba.br\/ri\/handle\/ri\/27306\">https:\/\/repositorio.ufba.br\/ri\/handle\/ri\/27306<\/a><\/p>\t\t\t\t\t\t\t\t<\/div>\n\t\t\t\t<\/div>\n\t\t\t\t<div class=\"elementor-element elementor-element-51bf526 elementor--star-style-star_fontawesome elementor-widget elementor-widget-star-rating\" data-id=\"51bf526\" data-element_type=\"widget\" data-e-type=\"widget\" data-widget_type=\"star-rating.default\">\n\t\t\t\t<div class=\"elementor-widget-container\">\n\t\t\t\t\t\t\t<div class=\"elementor-star-rating__wrapper\">\n\t\t\t\t\t\t<div class=\"elementor-star-rating\" itemtype=\"http:\/\/schema.org\/Rating\" itemscope=\"\" itemprop=\"reviewRating\">\n\t\t\t\t<i class=\"elementor-star-full\" aria-hidden=\"true\">&#xE934;<\/i><i class=\"elementor-star-full\" aria-hidden=\"true\">&#xE934;<\/i><i class=\"elementor-star-full\" aria-hidden=\"true\">&#xE934;<\/i><i class=\"elementor-star-full\" aria-hidden=\"true\">&#xE934;<\/i><i class=\"elementor-star-full\" aria-hidden=\"true\">&#xE934;<\/i>\t\t\t\t<span itemprop=\"ratingValue\" class=\"elementor-screen-only\">Rated 5 out of 5<\/span>\n\t\t\t<\/div>\n\t\t<\/div>\n\t\t\t\t\t\t<\/div>\n\t\t\t\t<\/div>\n\t\t\t\t\t<\/div>\n\t\t<\/div>\n\t\t\t\t\t<\/div>\n\t\t<\/section>\n\t\t\t\t<\/div>\n\t\t","protected":false},"excerpt":{"rendered":"<p>VASCONCELOS, Rodrigo Frota. A cenografia de Policarpo Quaresma: um processo criativo de constru\u00e7\u00e3o compartilhada.\u00a0Disserta\u00e7\u00e3o (Mestrado em Artes C\u00eanicas) &#8211; Universidade Federal da Bahia, 2018. Palavras-chave: Cenografia; Encena\u00e7\u00e3o; Cria\u00e7\u00e3o compartilhada; Processo criativo; Policarpo Quaresma. Resumo: Este trabalho se concentra na an\u00e1lise &hellip; <a href=\"https:\/\/utfpr.curitiba.br\/bibliotecadesigncenico\/?p=812\">Continue lendo <span class=\"meta-nav\">&rarr;<\/span><\/a><\/p>\n","protected":false},"author":4,"featured_media":0,"comment_status":"closed","ping_status":"","sticky":false,"template":"","format":"standard","meta":{"footnotes":""},"categories":[3],"tags":[20,202,268,272,271],"class_list":["post-812","post","type-post","status-publish","format-standard","hentry","category-cenografia","tag-cenografia","tag-criacao-compartilhada","tag-encenacao","tag-policarpo-quaresma","tag-processo-criativo"],"_links":{"self":[{"href":"https:\/\/utfpr.curitiba.br\/bibliotecadesigncenico\/index.php?rest_route=\/wp\/v2\/posts\/812","targetHints":{"allow":["GET"]}}],"collection":[{"href":"https:\/\/utfpr.curitiba.br\/bibliotecadesigncenico\/index.php?rest_route=\/wp\/v2\/posts"}],"about":[{"href":"https:\/\/utfpr.curitiba.br\/bibliotecadesigncenico\/index.php?rest_route=\/wp\/v2\/types\/post"}],"author":[{"embeddable":true,"href":"https:\/\/utfpr.curitiba.br\/bibliotecadesigncenico\/index.php?rest_route=\/wp\/v2\/users\/4"}],"replies":[{"embeddable":true,"href":"https:\/\/utfpr.curitiba.br\/bibliotecadesigncenico\/index.php?rest_route=%2Fwp%2Fv2%2Fcomments&post=812"}],"version-history":[{"count":4,"href":"https:\/\/utfpr.curitiba.br\/bibliotecadesigncenico\/index.php?rest_route=\/wp\/v2\/posts\/812\/revisions"}],"predecessor-version":[{"id":816,"href":"https:\/\/utfpr.curitiba.br\/bibliotecadesigncenico\/index.php?rest_route=\/wp\/v2\/posts\/812\/revisions\/816"}],"wp:attachment":[{"href":"https:\/\/utfpr.curitiba.br\/bibliotecadesigncenico\/index.php?rest_route=%2Fwp%2Fv2%2Fmedia&parent=812"}],"wp:term":[{"taxonomy":"category","embeddable":true,"href":"https:\/\/utfpr.curitiba.br\/bibliotecadesigncenico\/index.php?rest_route=%2Fwp%2Fv2%2Fcategories&post=812"},{"taxonomy":"post_tag","embeddable":true,"href":"https:\/\/utfpr.curitiba.br\/bibliotecadesigncenico\/index.php?rest_route=%2Fwp%2Fv2%2Ftags&post=812"}],"curies":[{"name":"wp","href":"https:\/\/api.w.org\/{rel}","templated":true}]}}