{"id":737,"date":"2021-06-09T18:05:44","date_gmt":"2021-06-09T21:05:44","guid":{"rendered":"https:\/\/bibliotecadesigncenico.ct.utfpr.edu.br\/?p=737"},"modified":"2021-06-09T18:08:47","modified_gmt":"2021-06-09T21:08:47","slug":"visualidades-da-dramaturgia-de-jean-genet-um-estudo-do-texto-teatral-e-da-adaptacao-cenica-brasileira-de-o-balcao","status":"publish","type":"post","link":"https:\/\/utfpr.curitiba.br\/bibliotecadesigncenico\/?p=737","title":{"rendered":"Visualidades da dramaturgia de Jean Genet: um estudo do texto teatral e da adapta\u00e7\u00e3o c\u00eanica brasileira de O Balc\u00e3o"},"content":{"rendered":"\t\t<div data-elementor-type=\"wp-post\" data-elementor-id=\"737\" class=\"elementor elementor-737\">\n\t\t\t\t\t\t<section class=\"elementor-section elementor-top-section elementor-element elementor-element-4afe172 elementor-section-boxed elementor-section-height-default elementor-section-height-default\" data-id=\"4afe172\" data-element_type=\"section\" data-e-type=\"section\">\n\t\t\t\t\t\t<div class=\"elementor-container elementor-column-gap-default\">\n\t\t\t\t\t<div class=\"elementor-column elementor-col-100 elementor-top-column elementor-element elementor-element-b064244\" data-id=\"b064244\" data-element_type=\"column\" data-e-type=\"column\">\n\t\t\t<div class=\"elementor-widget-wrap elementor-element-populated\">\n\t\t\t\t\t\t<div class=\"elementor-element elementor-element-3f8d7d8 elementor-widget elementor-widget-text-editor\" data-id=\"3f8d7d8\" data-element_type=\"widget\" data-e-type=\"widget\" data-widget_type=\"text-editor.default\">\n\t\t\t\t<div class=\"elementor-widget-container\">\n\t\t\t\t\t\t\t\t\t<p>DIAS, Cristina Matos Silva e.\u00a0<strong>Visualidades da dramaturgia de Jean Genet: um estudo do texto teatral e da adapta\u00e7\u00e3o c\u00eanica brasileira de O Balc\u00e3o.\u00a0<\/strong>Tese (Doutorado em \u00a0Estudos Liter\u00e1rios) &#8211; Universidade Federal de Uberl\u00e2ndia, 2020.<\/p><p>Palavras-chave: O Balc\u00e3o, Jean Genet, Visualidade, Figurino, Adapta\u00e7\u00e3o brasileira de O Balc\u00e3o, The Balcony, Visuality, Costume, Brazilian adaptation of The Balcony.<\/p><p>Resumo: Esta tese apresenta o t\u00edtulo: Visualidades da dramaturgia de Jean Genet: um estudo do texto teatral e da adapta\u00e7\u00e3o c\u00eanica brasileira de O Balc\u00e3o, e se estende em duas partes fundamentais. A primeira e principal investiga a visualidade na escrita do dramaturgo franc\u00eas, destacando a est\u00e9tica e a po\u00e9tica contidas no plano liter\u00e1rio do texto em quest\u00e3o. Nela se considera o princ\u00edpio da visualidade na leitura, isto \u00e9, o modo como as cenas s\u00e3o descritas e como ganham corporeidade na encena\u00e7\u00e3o mental, ou seja, revela como as cenas t\u00eam enorme apelo visual, dando a impress\u00e3o de que o que se l\u00ea, se desenrola diante dos olhos. H\u00e1 de se destacar que a referida literatura c\u00eanica possui um entalhe de descri\u00e7\u00f5es que a particulariza, refor\u00e7ando suas caracter\u00edsticas metateatrais. Dessa forma, um olhar sobre o figurino, os cen\u00e1rios e pormenores que Genet exalta, seja nas rubricas, seja nas falas dos personagens, foi ativado a fim de compreender o plano verbo-visual que h\u00e1 em O Balc\u00e3o. Essas an\u00e1lises correspondem, respectivamente, aos tr\u00eas primeiros cap\u00edtulos. O segundo momento e \u00faltimo cap\u00edtulo faz um estudo da adapta\u00e7\u00e3o brasileira do texto genetiano, idealizada por Ruth Escobar, dirigida por Victor Garcia e encenada por Wladimir Pereira Cardoso, na capital paulistana, em 1969. Nele se considera o conhecimento sobre o conceito de visualidade e, a partir dessa \u00f3tica, a pesquisa revela como a vers\u00e3o dos palcos brasileiros ganhou forma e se imortalizou como uma das maiores refer\u00eancias teatrais do pa\u00eds.<\/p><p>Link:\u00a0<a href=\"https:\/\/repositorio.ufu.br\/handle\/123456789\/30139\">https:\/\/repositorio.ufu.br\/handle\/123456789\/30139<\/a><\/p>\t\t\t\t\t\t\t\t<\/div>\n\t\t\t\t<\/div>\n\t\t\t\t<div class=\"elementor-element elementor-element-bc0dc66 elementor--star-style-star_fontawesome elementor-widget elementor-widget-star-rating\" data-id=\"bc0dc66\" data-element_type=\"widget\" data-e-type=\"widget\" data-widget_type=\"star-rating.default\">\n\t\t\t\t<div class=\"elementor-widget-container\">\n\t\t\t\t\t\t\t<div class=\"elementor-star-rating__wrapper\">\n\t\t\t\t\t\t<div class=\"elementor-star-rating\" itemtype=\"http:\/\/schema.org\/Rating\" itemscope=\"\" itemprop=\"reviewRating\">\n\t\t\t\t<i class=\"elementor-star-full\" aria-hidden=\"true\">&#xE934;<\/i><i class=\"elementor-star-full\" aria-hidden=\"true\">&#xE934;<\/i><i class=\"elementor-star-full\" aria-hidden=\"true\">&#xE934;<\/i><i class=\"elementor-star-full\" aria-hidden=\"true\">&#xE934;<\/i><i class=\"elementor-star-full\" aria-hidden=\"true\">&#xE934;<\/i>\t\t\t\t<span itemprop=\"ratingValue\" class=\"elementor-screen-only\">Rated 5 out of 5<\/span>\n\t\t\t<\/div>\n\t\t<\/div>\n\t\t\t\t\t\t<\/div>\n\t\t\t\t<\/div>\n\t\t\t\t\t<\/div>\n\t\t<\/div>\n\t\t\t\t\t<\/div>\n\t\t<\/section>\n\t\t\t\t<\/div>\n\t\t","protected":false},"excerpt":{"rendered":"<p>DIAS, Cristina Matos Silva e.\u00a0Visualidades da dramaturgia de Jean Genet: um estudo do texto teatral e da adapta\u00e7\u00e3o c\u00eanica brasileira de O Balc\u00e3o.\u00a0Tese (Doutorado em \u00a0Estudos Liter\u00e1rios) &#8211; Universidade Federal de Uberl\u00e2ndia, 2020. Palavras-chave: O Balc\u00e3o, Jean Genet, Visualidade, Figurino, &hellip; <a href=\"https:\/\/utfpr.curitiba.br\/bibliotecadesigncenico\/?p=737\">Continue lendo <span class=\"meta-nav\">&rarr;<\/span><\/a><\/p>\n","protected":false},"author":4,"featured_media":0,"comment_status":"closed","ping_status":"","sticky":false,"template":"","format":"standard","meta":{"footnotes":""},"categories":[4],"tags":[248,26,246,245,247],"class_list":["post-737","post","type-post","status-publish","format-standard","hentry","category-figurino","tag-adaptacao-brasileira-de-o-balcao","tag-figurino","tag-jean-genet","tag-o-balcao","tag-visualidade"],"_links":{"self":[{"href":"https:\/\/utfpr.curitiba.br\/bibliotecadesigncenico\/index.php?rest_route=\/wp\/v2\/posts\/737","targetHints":{"allow":["GET"]}}],"collection":[{"href":"https:\/\/utfpr.curitiba.br\/bibliotecadesigncenico\/index.php?rest_route=\/wp\/v2\/posts"}],"about":[{"href":"https:\/\/utfpr.curitiba.br\/bibliotecadesigncenico\/index.php?rest_route=\/wp\/v2\/types\/post"}],"author":[{"embeddable":true,"href":"https:\/\/utfpr.curitiba.br\/bibliotecadesigncenico\/index.php?rest_route=\/wp\/v2\/users\/4"}],"replies":[{"embeddable":true,"href":"https:\/\/utfpr.curitiba.br\/bibliotecadesigncenico\/index.php?rest_route=%2Fwp%2Fv2%2Fcomments&post=737"}],"version-history":[{"count":4,"href":"https:\/\/utfpr.curitiba.br\/bibliotecadesigncenico\/index.php?rest_route=\/wp\/v2\/posts\/737\/revisions"}],"predecessor-version":[{"id":742,"href":"https:\/\/utfpr.curitiba.br\/bibliotecadesigncenico\/index.php?rest_route=\/wp\/v2\/posts\/737\/revisions\/742"}],"wp:attachment":[{"href":"https:\/\/utfpr.curitiba.br\/bibliotecadesigncenico\/index.php?rest_route=%2Fwp%2Fv2%2Fmedia&parent=737"}],"wp:term":[{"taxonomy":"category","embeddable":true,"href":"https:\/\/utfpr.curitiba.br\/bibliotecadesigncenico\/index.php?rest_route=%2Fwp%2Fv2%2Fcategories&post=737"},{"taxonomy":"post_tag","embeddable":true,"href":"https:\/\/utfpr.curitiba.br\/bibliotecadesigncenico\/index.php?rest_route=%2Fwp%2Fv2%2Ftags&post=737"}],"curies":[{"name":"wp","href":"https:\/\/api.w.org\/{rel}","templated":true}]}}