{"id":683,"date":"2021-06-09T17:37:34","date_gmt":"2021-06-09T20:37:34","guid":{"rendered":"https:\/\/bibliotecadesigncenico.ct.utfpr.edu.br\/?p=683"},"modified":"2021-06-09T17:40:22","modified_gmt":"2021-06-09T20:40:22","slug":"cotidiano-de-teatro-de-grupo-no-cariri-cearense-ninho-de-teatro-e-coletivo-atuantes-em-cena","status":"publish","type":"post","link":"https:\/\/utfpr.curitiba.br\/bibliotecadesigncenico\/?p=683","title":{"rendered":"Cotidiano de teatro de grupo no Cariri cearense: ninho de teatro e coletivo atuantes em cena"},"content":{"rendered":"\t\t<div data-elementor-type=\"wp-post\" data-elementor-id=\"683\" class=\"elementor elementor-683\">\n\t\t\t\t\t\t<section class=\"elementor-section elementor-top-section elementor-element elementor-element-54062d1 elementor-section-boxed elementor-section-height-default elementor-section-height-default\" data-id=\"54062d1\" data-element_type=\"section\" data-e-type=\"section\">\n\t\t\t\t\t\t<div class=\"elementor-container elementor-column-gap-default\">\n\t\t\t\t\t<div class=\"elementor-column elementor-col-100 elementor-top-column elementor-element elementor-element-fd70573\" data-id=\"fd70573\" data-element_type=\"column\" data-e-type=\"column\">\n\t\t\t<div class=\"elementor-widget-wrap elementor-element-populated\">\n\t\t\t\t\t\t<div class=\"elementor-element elementor-element-403a6dd elementor-widget elementor-widget-text-editor\" data-id=\"403a6dd\" data-element_type=\"widget\" data-e-type=\"widget\" data-widget_type=\"text-editor.default\">\n\t\t\t\t<div class=\"elementor-widget-container\">\n\t\t\t\t\t\t\t\t\t<p>MATIAS, B\u00e1rbara Leite.\u00a0<strong>Cotidiano de teatro de grupo no Cariri cearense: ninho de teatro e coletivo atuantes em cena.\u00a0<\/strong>Disserta\u00e7\u00e3o (Mestrado em Artes) &#8211; Universidade Federal de Uberl\u00e2ndia, 2017.<\/p><p>Palavras-chave: Artes, Grupos de teatro &#8211; Brasil, Artistas teatrais &#8211; estudo e ensino, Teatro, Cotidianos de grupos de teatro, Pr\u00e1ticas art\u00edstico-docentes, Artistas-docente e pedagogia do teatro, Teatro de grupo\/grupos de teatro.<\/p><p>Resumo: O presente trabalho tem como objetivo analisar as pr\u00e1ticas art\u00edstico-docentes de dois grupos de teatro do Cear\u00e1, localizados especificamente na regi\u00e3o do Cariri. Os grupos s\u00e3o os seguintes: Coletivo Atuantes em Cena (Juazeiro do Norte) e Ninho de Teatro (Crato). Nesta pesquisa t\u00eam-se um panorama de situa\u00e7\u00f5es que englobam a viv\u00eancia e o cotidiano desses grupos de teatro, levando-se em conta que todos os membros de ambos os grupos s\u00e3o artistas- educadores. No decorrer da pesquisa pretendemos verificar especificidades do artista-docente nesses dois espa\u00e7os de trabalho teatral.<\/p><p>Link:\u00a0<a href=\"https:\/\/repositorio.ufu.br\/handle\/123456789\/18292\">https:\/\/repositorio.ufu.br\/handle\/123456789\/18292<\/a><\/p>\t\t\t\t\t\t\t\t<\/div>\n\t\t\t\t<\/div>\n\t\t\t\t<div class=\"elementor-element elementor-element-3a0ce70 elementor--star-style-star_fontawesome elementor-widget elementor-widget-star-rating\" data-id=\"3a0ce70\" data-element_type=\"widget\" data-e-type=\"widget\" data-widget_type=\"star-rating.default\">\n\t\t\t\t<div class=\"elementor-widget-container\">\n\t\t\t\t\t\t\t<div class=\"elementor-star-rating__wrapper\">\n\t\t\t\t\t\t<div class=\"elementor-star-rating\" itemtype=\"http:\/\/schema.org\/Rating\" itemscope=\"\" itemprop=\"reviewRating\">\n\t\t\t\t<i class=\"elementor-star-full\" aria-hidden=\"true\">&#xE934;<\/i><i class=\"elementor-star-full\" aria-hidden=\"true\">&#xE934;<\/i><i class=\"elementor-star-full\" aria-hidden=\"true\">&#xE934;<\/i><i class=\"elementor-star-full\" aria-hidden=\"true\">&#xE934;<\/i><i class=\"elementor-star-full\" aria-hidden=\"true\">&#xE934;<\/i>\t\t\t\t<span itemprop=\"ratingValue\" class=\"elementor-screen-only\">Rated 5 out of 5<\/span>\n\t\t\t<\/div>\n\t\t<\/div>\n\t\t\t\t\t\t<\/div>\n\t\t\t\t<\/div>\n\t\t\t\t\t<\/div>\n\t\t<\/div>\n\t\t\t\t\t<\/div>\n\t\t<\/section>\n\t\t\t\t<\/div>\n\t\t","protected":false},"excerpt":{"rendered":"<p>MATIAS, B\u00e1rbara Leite.\u00a0Cotidiano de teatro de grupo no Cariri cearense: ninho de teatro e coletivo atuantes em cena.\u00a0Disserta\u00e7\u00e3o (Mestrado em Artes) &#8211; Universidade Federal de Uberl\u00e2ndia, 2017. Palavras-chave: Artes, Grupos de teatro &#8211; Brasil, Artistas teatrais &#8211; estudo e ensino, &hellip; <a href=\"https:\/\/utfpr.curitiba.br\/bibliotecadesigncenico\/?p=683\">Continue lendo <span class=\"meta-nav\">&rarr;<\/span><\/a><\/p>\n","protected":false},"author":4,"featured_media":0,"comment_status":"closed","ping_status":"","sticky":false,"template":"","format":"standard","meta":{"footnotes":""},"categories":[10],"tags":[215,217,220,218,216,219,59,221],"class_list":["post-683","post","type-post","status-publish","format-standard","hentry","category-diversos","tag-artes","tag-artistas-teatrais-estudo-e-ensino","tag-artistas-docente-e-pedagogia-do-teatro","tag-cotidianos-de-grupos-de-teatro","tag-grupos-de-teatro-brasil","tag-praticas-artistico-docentes","tag-teatro","tag-teatro-de-grupo-grupos-de-teatro"],"_links":{"self":[{"href":"https:\/\/utfpr.curitiba.br\/bibliotecadesigncenico\/index.php?rest_route=\/wp\/v2\/posts\/683","targetHints":{"allow":["GET"]}}],"collection":[{"href":"https:\/\/utfpr.curitiba.br\/bibliotecadesigncenico\/index.php?rest_route=\/wp\/v2\/posts"}],"about":[{"href":"https:\/\/utfpr.curitiba.br\/bibliotecadesigncenico\/index.php?rest_route=\/wp\/v2\/types\/post"}],"author":[{"embeddable":true,"href":"https:\/\/utfpr.curitiba.br\/bibliotecadesigncenico\/index.php?rest_route=\/wp\/v2\/users\/4"}],"replies":[{"embeddable":true,"href":"https:\/\/utfpr.curitiba.br\/bibliotecadesigncenico\/index.php?rest_route=%2Fwp%2Fv2%2Fcomments&post=683"}],"version-history":[{"count":4,"href":"https:\/\/utfpr.curitiba.br\/bibliotecadesigncenico\/index.php?rest_route=\/wp\/v2\/posts\/683\/revisions"}],"predecessor-version":[{"id":687,"href":"https:\/\/utfpr.curitiba.br\/bibliotecadesigncenico\/index.php?rest_route=\/wp\/v2\/posts\/683\/revisions\/687"}],"wp:attachment":[{"href":"https:\/\/utfpr.curitiba.br\/bibliotecadesigncenico\/index.php?rest_route=%2Fwp%2Fv2%2Fmedia&parent=683"}],"wp:term":[{"taxonomy":"category","embeddable":true,"href":"https:\/\/utfpr.curitiba.br\/bibliotecadesigncenico\/index.php?rest_route=%2Fwp%2Fv2%2Fcategories&post=683"},{"taxonomy":"post_tag","embeddable":true,"href":"https:\/\/utfpr.curitiba.br\/bibliotecadesigncenico\/index.php?rest_route=%2Fwp%2Fv2%2Ftags&post=683"}],"curies":[{"name":"wp","href":"https:\/\/api.w.org\/{rel}","templated":true}]}}