{"id":507,"date":"2021-06-08T23:39:49","date_gmt":"2021-06-09T02:39:49","guid":{"rendered":"https:\/\/bibliotecadesigncenico.ct.utfpr.edu.br\/?p=507"},"modified":"2021-06-08T23:52:09","modified_gmt":"2021-06-09T02:52:09","slug":"luciola-na-literatura-e-no-cinema-a-protagonista-e-a-indumentaria-no-contexto-do-seculo-xix","status":"publish","type":"post","link":"https:\/\/utfpr.curitiba.br\/bibliotecadesigncenico\/?p=507","title":{"rendered":"Luc\u00edola, na literatura e no cinema: a protagonista e a indument\u00e1ria no contexto do s\u00e9culo XIX"},"content":{"rendered":"\t\t<div data-elementor-type=\"wp-post\" data-elementor-id=\"507\" class=\"elementor elementor-507\">\n\t\t\t\t\t\t<section class=\"elementor-section elementor-top-section elementor-element elementor-element-9865947 elementor-section-boxed elementor-section-height-default elementor-section-height-default\" data-id=\"9865947\" data-element_type=\"section\" data-e-type=\"section\">\n\t\t\t\t\t\t<div class=\"elementor-container elementor-column-gap-default\">\n\t\t\t\t\t<div class=\"elementor-column elementor-col-100 elementor-top-column elementor-element elementor-element-dd9f704\" data-id=\"dd9f704\" data-element_type=\"column\" data-e-type=\"column\">\n\t\t\t<div class=\"elementor-widget-wrap elementor-element-populated\">\n\t\t\t\t\t\t<div class=\"elementor-element elementor-element-35e734e elementor-widget elementor-widget-text-editor\" data-id=\"35e734e\" data-element_type=\"widget\" data-e-type=\"widget\" data-widget_type=\"text-editor.default\">\n\t\t\t\t<div class=\"elementor-widget-container\">\n\t\t\t\t\t\t\t\t\t<p>VOLPINI, Javer Wilson.\u00a0<strong>Luc\u00edola, na literatura e no cinema: a protagonista e a indument\u00e1ria no contexto do s\u00e9culo XIX. <\/strong>Disserta\u00e7\u00e3o (Mestrado em Letras) &#8211; Universidade Federal de Juiz de Fora, 2012.<\/p><table class=\"table itemDisplayTable\"><tbody><tr><td class=\"metadataFieldValue dc_subject\"><p>Palavras-chave: Luc\u00edola, Literatura, Cinema, Indument\u00e1ria, Figurino.<\/p><p>Resumo: A partir do romance Luc\u00edola, de Jos\u00e9 de Alencar, publicado em 1862, e do filme Luc\u00edola, o anjo pecador, de Alfredo Sternheim, de 1975, prop\u00f5e-se uma pesquisa com abordagem na caracteriza\u00e7\u00e3o da protagonista das obras, por meio da indument\u00e1ria, no romance e, do figurino, no cinema. N\u00e3o se trata de um estudo sobre a moda no s\u00e9culo XIX por meio da literatura, mas de forma inversa, de um desejo de analisar as contribui\u00e7\u00f5es da moda para a literatura e de que forma podemos situar esse di\u00e1logo, a partir da narrativa liter\u00e1ria. Com base nas descri\u00e7\u00f5es de vestu\u00e1rio presentes no romance de Alencar, direcionou-se o foco da pesquisa para uma sondagem da vestimenta como texto ( escrito e visual ), e como tal, a investigar a aten\u00e7\u00e3o dada pelo autor \/ diretor a esse componente da linguagem. Ao elaborar uma plataforma de estudo pautada na interface entre a literatura e o cinema, pretende-se, ainda, esbo\u00e7ar um panorama do desenvolvimento de figurino no processo de adapta\u00e7\u00e3o da obra liter\u00e1ria, sondando a import\u00e2ncia do texto como fonte de pesquisa e sua influ\u00eancia na constru\u00e7\u00e3o desse figurino.<\/p><p>Link:\u00a0<a href=\"https:\/\/repositorio.ufjf.br\/jspui\/handle\/ufjf\/7030\">https:\/\/repositorio.ufjf.br\/jspui\/handle\/ufjf\/7030<\/a><\/p><\/td><\/tr><\/tbody><\/table>\t\t\t\t\t\t\t\t<\/div>\n\t\t\t\t<\/div>\n\t\t\t\t<div class=\"elementor-element elementor-element-e379ec1 elementor--star-style-star_fontawesome elementor-widget elementor-widget-star-rating\" data-id=\"e379ec1\" data-element_type=\"widget\" data-e-type=\"widget\" data-widget_type=\"star-rating.default\">\n\t\t\t\t<div class=\"elementor-widget-container\">\n\t\t\t\t\t\t\t<div class=\"elementor-star-rating__wrapper\">\n\t\t\t\t\t\t<div class=\"elementor-star-rating\" itemtype=\"http:\/\/schema.org\/Rating\" itemscope=\"\" itemprop=\"reviewRating\">\n\t\t\t\t<i class=\"elementor-star-full\" aria-hidden=\"true\">&#xE934;<\/i><i class=\"elementor-star-full\" aria-hidden=\"true\">&#xE934;<\/i><i class=\"elementor-star-full\" aria-hidden=\"true\">&#xE934;<\/i><i class=\"elementor-star-full\" aria-hidden=\"true\">&#xE934;<\/i><i class=\"elementor-star-full\" aria-hidden=\"true\">&#xE934;<\/i>\t\t\t\t<span itemprop=\"ratingValue\" class=\"elementor-screen-only\">Rated 5 out of 5<\/span>\n\t\t\t<\/div>\n\t\t<\/div>\n\t\t\t\t\t\t<\/div>\n\t\t\t\t<\/div>\n\t\t\t\t\t<\/div>\n\t\t<\/div>\n\t\t\t\t\t<\/div>\n\t\t<\/section>\n\t\t\t\t<\/div>\n\t\t","protected":false},"excerpt":{"rendered":"<p>VOLPINI, Javer Wilson.\u00a0Luc\u00edola, na literatura e no cinema: a protagonista e a indument\u00e1ria no contexto do s\u00e9culo XIX. Disserta\u00e7\u00e3o (Mestrado em Letras) &#8211; Universidade Federal de Juiz de Fora, 2012. Palavras-chave: Luc\u00edola, Literatura, Cinema, Indument\u00e1ria, Figurino. Resumo: A partir do &hellip; <a href=\"https:\/\/utfpr.curitiba.br\/bibliotecadesigncenico\/?p=507\">Continue lendo <span class=\"meta-nav\">&rarr;<\/span><\/a><\/p>\n","protected":false},"author":4,"featured_media":0,"comment_status":"closed","ping_status":"","sticky":false,"template":"","format":"standard","meta":{"footnotes":""},"categories":[4],"tags":[162,26,94,35,161],"class_list":["post-507","post","type-post","status-publish","format-standard","hentry","category-figurino","tag-cinema","tag-figurino","tag-indumentaria","tag-literatura","tag-luciola"],"_links":{"self":[{"href":"https:\/\/utfpr.curitiba.br\/bibliotecadesigncenico\/index.php?rest_route=\/wp\/v2\/posts\/507","targetHints":{"allow":["GET"]}}],"collection":[{"href":"https:\/\/utfpr.curitiba.br\/bibliotecadesigncenico\/index.php?rest_route=\/wp\/v2\/posts"}],"about":[{"href":"https:\/\/utfpr.curitiba.br\/bibliotecadesigncenico\/index.php?rest_route=\/wp\/v2\/types\/post"}],"author":[{"embeddable":true,"href":"https:\/\/utfpr.curitiba.br\/bibliotecadesigncenico\/index.php?rest_route=\/wp\/v2\/users\/4"}],"replies":[{"embeddable":true,"href":"https:\/\/utfpr.curitiba.br\/bibliotecadesigncenico\/index.php?rest_route=%2Fwp%2Fv2%2Fcomments&post=507"}],"version-history":[{"count":4,"href":"https:\/\/utfpr.curitiba.br\/bibliotecadesigncenico\/index.php?rest_route=\/wp\/v2\/posts\/507\/revisions"}],"predecessor-version":[{"id":512,"href":"https:\/\/utfpr.curitiba.br\/bibliotecadesigncenico\/index.php?rest_route=\/wp\/v2\/posts\/507\/revisions\/512"}],"wp:attachment":[{"href":"https:\/\/utfpr.curitiba.br\/bibliotecadesigncenico\/index.php?rest_route=%2Fwp%2Fv2%2Fmedia&parent=507"}],"wp:term":[{"taxonomy":"category","embeddable":true,"href":"https:\/\/utfpr.curitiba.br\/bibliotecadesigncenico\/index.php?rest_route=%2Fwp%2Fv2%2Fcategories&post=507"},{"taxonomy":"post_tag","embeddable":true,"href":"https:\/\/utfpr.curitiba.br\/bibliotecadesigncenico\/index.php?rest_route=%2Fwp%2Fv2%2Ftags&post=507"}],"curies":[{"name":"wp","href":"https:\/\/api.w.org\/{rel}","templated":true}]}}