{"id":490,"date":"2021-06-08T22:33:33","date_gmt":"2021-06-09T01:33:33","guid":{"rendered":"https:\/\/bibliotecadesigncenico.ct.utfpr.edu.br\/?p=490"},"modified":"2021-06-08T22:37:18","modified_gmt":"2021-06-09T01:37:18","slug":"teatro-negro-e-atitude-corpos-negros-na-cena-em-belo-horizonte","status":"publish","type":"post","link":"https:\/\/utfpr.curitiba.br\/bibliotecadesigncenico\/?p=490","title":{"rendered":"Teatro negro e atitude: corpos negros na cena em Belo Horizonte"},"content":{"rendered":"\t\t<div data-elementor-type=\"wp-post\" data-elementor-id=\"490\" class=\"elementor elementor-490\">\n\t\t\t\t\t\t<section class=\"elementor-section elementor-top-section elementor-element elementor-element-681771f elementor-section-boxed elementor-section-height-default elementor-section-height-default\" data-id=\"681771f\" data-element_type=\"section\" data-e-type=\"section\">\n\t\t\t\t\t\t<div class=\"elementor-container elementor-column-gap-default\">\n\t\t\t\t\t<div class=\"elementor-column elementor-col-100 elementor-top-column elementor-element elementor-element-d4d8eaf\" data-id=\"d4d8eaf\" data-element_type=\"column\" data-e-type=\"column\">\n\t\t\t<div class=\"elementor-widget-wrap elementor-element-populated\">\n\t\t\t\t\t\t<div class=\"elementor-element elementor-element-1d59ff4 elementor-widget elementor-widget-text-editor\" data-id=\"1d59ff4\" data-element_type=\"widget\" data-e-type=\"widget\" data-widget_type=\"text-editor.default\">\n\t\t\t\t<div class=\"elementor-widget-container\">\n\t\t\t\t\t\t\t\t\t<p>LIMA, Evandro Nunes de. <strong>Teatro negro e atitude: corpos negros na cena em Belo Horizonte. <\/strong>Disserta\u00e7\u00e3o (Mestrado em Educa\u00e7\u00e3o: Conhecimento e<br \/>Inclus\u00e3o Social da Faculdade) &#8211; Universidade Federal de Minas Gerais, 2019.<\/p><p>Palavras-chave: Teatro, Negros nas artes c\u00eanicas, Teatro na educa\u00e7\u00e3o, Artes c\u00eanicas, Rela\u00e7\u00f5es \u00e9tnicas, Negros,\u00a0 Identidade racial.<\/p><table class=\"table itemDisplayTable\"><tbody><tr><td class=\"metadataFieldValue\"><p>Resumo: A Arte Negra \u00e9 espa\u00e7o de ruptura, e em alguma medida, ajuda a descontinentalizar a compreens\u00e3o dos fatos, e com isso, a constru\u00e7\u00e3o do sujeito negro vai se dando com aux\u00edlio dos valores afro civilizat\u00f3rios que s\u00e3o essenciais para compreens\u00e3o de mundo a partir do seu (nosso) olhar. Se no antes \u00e9ramos indiz\u00edveis e invis\u00edveis, com nos mostrou Martins (1995), agora estamos rompendo e insurgindo culturalmente, e o TEATRO NEGRO E ATITUDE (TNA) nesses seus 25 anos de atua\u00e7\u00e3o contribui para que haja uma ruptura e insurg\u00eancia preta na cena teatral belorizontina. Atrav\u00e9s desta pesquisa buscamos registrar o nascimento do TNA, todo o arcabou\u00e7o que sustenta o seu surgimento, e tamb\u00e9m entender o processo de montagem dos seus espet\u00e1culos e como esses reverberaram na vida dos seus participantes. Entendemos de que forma o grupo forjou sua Est\u00e9tica da Atitude e Po\u00e9tica da Negrura como elementos fundamentais para a transforma\u00e7\u00e3o do sujeito e seu aquilombamento. Separamos a linha cronol\u00f3gica do grupo em tr\u00eas set\u00eanios &#8211; de 1993 a 2000; de 2001 a 2008; de 2009 a 2018-, e entrevistamos dois sujeitos de cada um deles. Destaco aqui que a hist\u00f3ria do grupo e a minha pr\u00f3pria no teatro confluem, por isso, optamos por usar o m\u00e9todo qualitativo com a entrevista epis\u00f3dica trazida por Uwe Flick (2009), onde conversamos com atrizes e atores que passaram pelo TNA, buscando entender o que transformou suas vidas e o que os fez se aproximarem dele. Igualmente as entrevistas, fizemos uma an\u00e1lise documental, revisitamos aos textos das pe\u00e7as encenadas, materiais impressos sobre o grupo, fotos, clippings, \u00e1udios e outras narrativas. Tr\u00eas s\u00e3o os motivos que fazem com que as pessoas procurem o grupo: por ser um lugar de milit\u00e2ncia negra; por ser um coletivo de pesquisa negra; por ser um coletivo que possibilita que o indiv\u00edduo consiga gerir sua arte.<\/p><p>Link:\u00a0<a href=\"https:\/\/repositorio.ufmg.br\/handle\/1843\/31843\">https:\/\/repositorio.ufmg.br\/handle\/1843\/31843<\/a><\/p><\/td><\/tr><\/tbody><\/table>\t\t\t\t\t\t\t\t<\/div>\n\t\t\t\t<\/div>\n\t\t\t\t<div class=\"elementor-element elementor-element-b43886f elementor--star-style-star_fontawesome elementor-widget elementor-widget-star-rating\" data-id=\"b43886f\" data-element_type=\"widget\" data-e-type=\"widget\" data-widget_type=\"star-rating.default\">\n\t\t\t\t<div class=\"elementor-widget-container\">\n\t\t\t\t\t\t\t<div class=\"elementor-star-rating__wrapper\">\n\t\t\t\t\t\t<div class=\"elementor-star-rating\" itemtype=\"http:\/\/schema.org\/Rating\" itemscope=\"\" itemprop=\"reviewRating\">\n\t\t\t\t<i class=\"elementor-star-full\" aria-hidden=\"true\">&#xE934;<\/i><i class=\"elementor-star-full\" aria-hidden=\"true\">&#xE934;<\/i><i class=\"elementor-star-full\" aria-hidden=\"true\">&#xE934;<\/i><i class=\"elementor-star-full\" aria-hidden=\"true\">&#xE934;<\/i><i class=\"elementor-star-full\" aria-hidden=\"true\">&#xE934;<\/i>\t\t\t\t<span itemprop=\"ratingValue\" class=\"elementor-screen-only\">Rated 5 out of 5<\/span>\n\t\t\t<\/div>\n\t\t<\/div>\n\t\t\t\t\t\t<\/div>\n\t\t\t\t<\/div>\n\t\t\t\t\t<\/div>\n\t\t<\/div>\n\t\t\t\t\t<\/div>\n\t\t<\/section>\n\t\t\t\t<\/div>\n\t\t","protected":false},"excerpt":{"rendered":"<p>LIMA, Evandro Nunes de. Teatro negro e atitude: corpos negros na cena em Belo Horizonte. Disserta\u00e7\u00e3o (Mestrado em Educa\u00e7\u00e3o: Conhecimento eInclus\u00e3o Social da Faculdade) &#8211; Universidade Federal de Minas Gerais, 2019. Palavras-chave: Teatro, Negros nas artes c\u00eanicas, Teatro na educa\u00e7\u00e3o, &hellip; <a href=\"https:\/\/utfpr.curitiba.br\/bibliotecadesigncenico\/?p=490\">Continue lendo <span class=\"meta-nav\">&rarr;<\/span><\/a><\/p>\n","protected":false},"author":4,"featured_media":0,"comment_status":"closed","ping_status":"","sticky":false,"template":"","format":"standard","meta":{"footnotes":""},"categories":[10],"tags":[151,153,149,152,59,150],"class_list":["post-490","post","type-post","status-publish","format-standard","hentry","category-diversos","tag-artes-cenicas","tag-negros-identidade-racial","tag-negros-nas-artes-cenicas","tag-relacoes-etnicas","tag-teatro","tag-teatro-na-educacao"],"_links":{"self":[{"href":"https:\/\/utfpr.curitiba.br\/bibliotecadesigncenico\/index.php?rest_route=\/wp\/v2\/posts\/490","targetHints":{"allow":["GET"]}}],"collection":[{"href":"https:\/\/utfpr.curitiba.br\/bibliotecadesigncenico\/index.php?rest_route=\/wp\/v2\/posts"}],"about":[{"href":"https:\/\/utfpr.curitiba.br\/bibliotecadesigncenico\/index.php?rest_route=\/wp\/v2\/types\/post"}],"author":[{"embeddable":true,"href":"https:\/\/utfpr.curitiba.br\/bibliotecadesigncenico\/index.php?rest_route=\/wp\/v2\/users\/4"}],"replies":[{"embeddable":true,"href":"https:\/\/utfpr.curitiba.br\/bibliotecadesigncenico\/index.php?rest_route=%2Fwp%2Fv2%2Fcomments&post=490"}],"version-history":[{"count":4,"href":"https:\/\/utfpr.curitiba.br\/bibliotecadesigncenico\/index.php?rest_route=\/wp\/v2\/posts\/490\/revisions"}],"predecessor-version":[{"id":494,"href":"https:\/\/utfpr.curitiba.br\/bibliotecadesigncenico\/index.php?rest_route=\/wp\/v2\/posts\/490\/revisions\/494"}],"wp:attachment":[{"href":"https:\/\/utfpr.curitiba.br\/bibliotecadesigncenico\/index.php?rest_route=%2Fwp%2Fv2%2Fmedia&parent=490"}],"wp:term":[{"taxonomy":"category","embeddable":true,"href":"https:\/\/utfpr.curitiba.br\/bibliotecadesigncenico\/index.php?rest_route=%2Fwp%2Fv2%2Fcategories&post=490"},{"taxonomy":"post_tag","embeddable":true,"href":"https:\/\/utfpr.curitiba.br\/bibliotecadesigncenico\/index.php?rest_route=%2Fwp%2Fv2%2Ftags&post=490"}],"curies":[{"name":"wp","href":"https:\/\/api.w.org\/{rel}","templated":true}]}}