{"id":470,"date":"2021-06-07T14:33:27","date_gmt":"2021-06-07T17:33:27","guid":{"rendered":"https:\/\/bibliotecadesigncenico.ct.utfpr.edu.br\/?p=470"},"modified":"2021-06-07T14:38:56","modified_gmt":"2021-06-07T17:38:56","slug":"era-uma-vez-um-gremio-o-teatro-musical-de-carlos-camara-e-a-construcao-do-teatro-cearense","status":"publish","type":"post","link":"https:\/\/utfpr.curitiba.br\/bibliotecadesigncenico\/?p=470","title":{"rendered":"Era uma vez um gr\u00eamio: o teatro musical de Carlos C\u00e2mara e a constru\u00e7\u00e3o do teatro cearense"},"content":{"rendered":"\t\t<div data-elementor-type=\"wp-post\" data-elementor-id=\"470\" class=\"elementor elementor-470\">\n\t\t\t\t\t\t<section class=\"elementor-section elementor-top-section elementor-element elementor-element-288bb77 elementor-section-boxed elementor-section-height-default elementor-section-height-default\" data-id=\"288bb77\" data-element_type=\"section\" data-e-type=\"section\">\n\t\t\t\t\t\t<div class=\"elementor-container elementor-column-gap-default\">\n\t\t\t\t\t<div class=\"elementor-column elementor-col-100 elementor-top-column elementor-element elementor-element-7691777\" data-id=\"7691777\" data-element_type=\"column\" data-e-type=\"column\">\n\t\t\t<div class=\"elementor-widget-wrap elementor-element-populated\">\n\t\t\t\t\t\t<div class=\"elementor-element elementor-element-99131b8 elementor-widget elementor-widget-text-editor\" data-id=\"99131b8\" data-element_type=\"widget\" data-e-type=\"widget\" data-widget_type=\"text-editor.default\">\n\t\t\t\t<div class=\"elementor-widget-container\">\n\t\t\t\t\t\t\t\t\t<table class=\"table itemDisplayTable\"><tbody><tr><td class=\"metadataFieldValue\"><p>COSTA, Marcelo Farias. <strong>Era uma vez um gr\u00eamio: o teatro musical de Carlos C\u00e2mara e a constru\u00e7\u00e3o do teatro cearense.\u00a0<\/strong>Tese (Doutorado em Artes) &#8211; Universidade Federal de Minas Gerais, 2013.<\/p><p>Palavras-chave: Teatro Cear\u00e1, Teatro brasileiro<br \/>C\u00e2mara, Carlos, Teatro musical, Teatro, Representa\u00e7\u00e3o teatral, Grupo Gr\u00eamio Dram\u00e1tico, Familiar.<\/p><p>Resumo: Nos anos de 1920 e 1930 surgiu em Fortaleza, Cear\u00e1, um grupo de teatro, o Gr\u00eamio Dram\u00e1tico Familiar, que revolucionou o movimento teatral, fazendo surgir o verdadeiro teatro cearense. Antes se pensava que a falta de atividade teatral e apoio do p\u00fablico se devia \u00e0 falta de uma casa de espet\u00e1culos realmente bem instalada, mas isso se provou, na pr\u00e1tica, n\u00e3o ser verdadeiro. Foi com o teatro de Carlos C\u00e2-mara, encenando seus textos A Bailarina, O Casamento da Peraldiana, Z\u00e9 Fidelis, O Cal\u00fa, Alvorada, Os Piratas, Pecados da Mocidade, O Para\u00edso, Os Coriscos que a cidade consagrou o teatro, com sua presen\u00e7a e seu aplauso. Eram espet\u00e1culos musicais, do g\u00eanero burleta, apresentados num teatrinho improvisado fora do centro da cidade, mas que magnetizou seus contempor\u00e2neos, que se viram retratados em cena numa linguagem pitoresca e tipicamente do Cear\u00e1. Desprovido de ambi\u00e7\u00f5es art\u00edsticas, Carlos C\u00e2mara seguia os passos de seu mestre Arthur Azevedo, e escre-via para um elenco certo, os talentosos componentes do seu Gr\u00eamio Dram\u00e1tico.<\/p><p>Link:\u00a0<a href=\"https:\/\/repositorio.ufmg.br\/handle\/1843\/JSSS-9GGG49\">https:\/\/repositorio.ufmg.br\/handle\/1843\/JSSS-9GGG49<\/a><\/p><\/td><\/tr><\/tbody><\/table>\t\t\t\t\t\t\t\t<\/div>\n\t\t\t\t<\/div>\n\t\t\t\t<div class=\"elementor-element elementor-element-4873dd5 elementor--star-style-star_fontawesome elementor-widget elementor-widget-star-rating\" data-id=\"4873dd5\" data-element_type=\"widget\" data-e-type=\"widget\" data-widget_type=\"star-rating.default\">\n\t\t\t\t<div class=\"elementor-widget-container\">\n\t\t\t\t\t\t\t<div class=\"elementor-star-rating__wrapper\">\n\t\t\t\t\t\t<div class=\"elementor-star-rating\" itemtype=\"http:\/\/schema.org\/Rating\" itemscope=\"\" itemprop=\"reviewRating\">\n\t\t\t\t<i class=\"elementor-star-full\" aria-hidden=\"true\">&#xE934;<\/i><i class=\"elementor-star-full\" aria-hidden=\"true\">&#xE934;<\/i><i class=\"elementor-star-full\" aria-hidden=\"true\">&#xE934;<\/i><i class=\"elementor-star-full\" aria-hidden=\"true\">&#xE934;<\/i><i class=\"elementor-star-full\" aria-hidden=\"true\">&#xE934;<\/i>\t\t\t\t<span itemprop=\"ratingValue\" class=\"elementor-screen-only\">Rated 5 out of 5<\/span>\n\t\t\t<\/div>\n\t\t<\/div>\n\t\t\t\t\t\t<\/div>\n\t\t\t\t<\/div>\n\t\t\t\t\t<\/div>\n\t\t<\/div>\n\t\t\t\t\t<\/div>\n\t\t<\/section>\n\t\t\t\t<\/div>\n\t\t","protected":false},"excerpt":{"rendered":"<p>COSTA, Marcelo Farias. Era uma vez um gr\u00eamio: o teatro musical de Carlos C\u00e2mara e a constru\u00e7\u00e3o do teatro cearense.\u00a0Tese (Doutorado em Artes) &#8211; Universidade Federal de Minas Gerais, 2013. Palavras-chave: Teatro Cear\u00e1, Teatro brasileiroC\u00e2mara, Carlos, Teatro musical, Teatro, Representa\u00e7\u00e3o &hellip; <a href=\"https:\/\/utfpr.curitiba.br\/bibliotecadesigncenico\/?p=470\">Continue lendo <span class=\"meta-nav\">&rarr;<\/span><\/a><\/p>\n","protected":false},"author":4,"featured_media":0,"comment_status":"closed","ping_status":"","sticky":false,"template":"","format":"standard","meta":{"footnotes":""},"categories":[10],"tags":[139,140,141,81,59,138,137,53],"class_list":["post-470","post","type-post","status-publish","format-standard","hentry","category-diversos","tag-camara","tag-carlos","tag-grupo-gremio-dramatico-familiar","tag-representacao-teatral","tag-teatro","tag-teatro-brasileiro","tag-teatro-ceara","tag-teatro-musical"],"_links":{"self":[{"href":"https:\/\/utfpr.curitiba.br\/bibliotecadesigncenico\/index.php?rest_route=\/wp\/v2\/posts\/470","targetHints":{"allow":["GET"]}}],"collection":[{"href":"https:\/\/utfpr.curitiba.br\/bibliotecadesigncenico\/index.php?rest_route=\/wp\/v2\/posts"}],"about":[{"href":"https:\/\/utfpr.curitiba.br\/bibliotecadesigncenico\/index.php?rest_route=\/wp\/v2\/types\/post"}],"author":[{"embeddable":true,"href":"https:\/\/utfpr.curitiba.br\/bibliotecadesigncenico\/index.php?rest_route=\/wp\/v2\/users\/4"}],"replies":[{"embeddable":true,"href":"https:\/\/utfpr.curitiba.br\/bibliotecadesigncenico\/index.php?rest_route=%2Fwp%2Fv2%2Fcomments&post=470"}],"version-history":[{"count":4,"href":"https:\/\/utfpr.curitiba.br\/bibliotecadesigncenico\/index.php?rest_route=\/wp\/v2\/posts\/470\/revisions"}],"predecessor-version":[{"id":475,"href":"https:\/\/utfpr.curitiba.br\/bibliotecadesigncenico\/index.php?rest_route=\/wp\/v2\/posts\/470\/revisions\/475"}],"wp:attachment":[{"href":"https:\/\/utfpr.curitiba.br\/bibliotecadesigncenico\/index.php?rest_route=%2Fwp%2Fv2%2Fmedia&parent=470"}],"wp:term":[{"taxonomy":"category","embeddable":true,"href":"https:\/\/utfpr.curitiba.br\/bibliotecadesigncenico\/index.php?rest_route=%2Fwp%2Fv2%2Fcategories&post=470"},{"taxonomy":"post_tag","embeddable":true,"href":"https:\/\/utfpr.curitiba.br\/bibliotecadesigncenico\/index.php?rest_route=%2Fwp%2Fv2%2Ftags&post=470"}],"curies":[{"name":"wp","href":"https:\/\/api.w.org\/{rel}","templated":true}]}}