{"id":2282,"date":"2022-04-10T11:07:58","date_gmt":"2022-04-10T14:07:58","guid":{"rendered":"https:\/\/bibliotecadesigncenico.ct.utfpr.edu.br\/?p=2282"},"modified":"2023-12-14T16:35:43","modified_gmt":"2023-12-14T19:35:43","slug":"laboratorio-de-figurinos-uma-experiencia-criativa-em-sala-de-aula","status":"publish","type":"post","link":"https:\/\/utfpr.curitiba.br\/bibliotecadesigncenico\/?p=2282","title":{"rendered":"Laborat\u00f3rio de figurinos: uma experi\u00eancia criativa em sala de aula"},"content":{"rendered":"\n<p class=\"has-small-font-size\">VASCONCELOS, Tain\u00e1 Macedo. Laborat\u00f3rio de figurinos: uma experi\u00eancia criativa em sala de aula. Disserta\u00e7\u00e3o &#8211; Mestrado Profissional em Artes em Rede Nacional. Universidade Federal da Para\u00edba, 2016.<\/p>\n\n\n\n<p class=\"has-small-font-size\"><strong>Palavras-chave:<\/strong> Figurino; Laborat\u00f3rio; Escola.<\/p>\n\n\n\n<p class=\"has-small-font-size\"><strong>Resumo:<\/strong> A pesquisa desenvolvida abrange quest\u00f5es relativas a cria\u00e7\u00e3o de figurinos, a partir do processo criativo e da organiza\u00e7\u00e3o desta atividade, buscando assim, propor um espa\u00e7o adequado para elabora\u00e7\u00e3o e confec\u00e7\u00e3o de figurinos teatrais. O figurino teatral \u00e9 assunto pouco estudado, e o n\u00famero de publica\u00e7\u00f5es a esse respeito ainda \u00e9 pequeno. O intuito \u00e9 colaborar com a pesquisa sobre esse tema, e tamb\u00e9m auxiliar o processo de desmistifica\u00e7\u00e3o da elabora\u00e7\u00e3o de figurinos para o teatro. Desta forma, esse trabalho prop\u00f5e a execu\u00e7\u00e3o de um laborat\u00f3rio de cria\u00e7\u00e3o de figurinos em espa\u00e7os educativos, favorecendo a experi\u00eancia art\u00edstica e est\u00e9tica dos alunos. A cria\u00e7\u00e3o deste laborat\u00f3rio permite que diversas pessoas possam experimentar processos criativos de figurinos. Assim, a escola ganha mais uma possibilidade de estudar teatro, e principalmente, o figurino enquanto elemento significativo para a cena.<\/p>\n\n\n\n<p class=\"has-small-font-size\"><a rel=\"noreferrer noopener\" href=\"https:\/\/repositorio.ufpb.br\/jspui\/handle\/123456789\/12454\" target=\"_blank\">Acesse aqui.<\/a><\/p>\n","protected":false},"excerpt":{"rendered":"<p>VASCONCELOS, Tain\u00e1 Macedo. Laborat\u00f3rio de figurinos: uma experi\u00eancia criativa em sala de aula. Disserta\u00e7\u00e3o &#8211; Mestrado Profissional em Artes em Rede Nacional. Universidade Federal da Para\u00edba, 2016. Palavras-chave: Figurino; Laborat\u00f3rio; Escola. Resumo: A pesquisa desenvolvida abrange quest\u00f5es relativas a cria\u00e7\u00e3o &hellip; <a href=\"https:\/\/utfpr.curitiba.br\/bibliotecadesigncenico\/?p=2282\">Continue lendo <span class=\"meta-nav\">&rarr;<\/span><\/a><\/p>\n","protected":false},"author":2,"featured_media":0,"comment_status":"closed","ping_status":"closed","sticky":false,"template":"","format":"standard","meta":{"footnotes":""},"categories":[4],"tags":[706,26,705],"class_list":["post-2282","post","type-post","status-publish","format-standard","hentry","category-figurino","tag-escola","tag-figurino","tag-laboratorio"],"_links":{"self":[{"href":"https:\/\/utfpr.curitiba.br\/bibliotecadesigncenico\/index.php?rest_route=\/wp\/v2\/posts\/2282","targetHints":{"allow":["GET"]}}],"collection":[{"href":"https:\/\/utfpr.curitiba.br\/bibliotecadesigncenico\/index.php?rest_route=\/wp\/v2\/posts"}],"about":[{"href":"https:\/\/utfpr.curitiba.br\/bibliotecadesigncenico\/index.php?rest_route=\/wp\/v2\/types\/post"}],"author":[{"embeddable":true,"href":"https:\/\/utfpr.curitiba.br\/bibliotecadesigncenico\/index.php?rest_route=\/wp\/v2\/users\/2"}],"replies":[{"embeddable":true,"href":"https:\/\/utfpr.curitiba.br\/bibliotecadesigncenico\/index.php?rest_route=%2Fwp%2Fv2%2Fcomments&post=2282"}],"version-history":[{"count":6,"href":"https:\/\/utfpr.curitiba.br\/bibliotecadesigncenico\/index.php?rest_route=\/wp\/v2\/posts\/2282\/revisions"}],"predecessor-version":[{"id":2482,"href":"https:\/\/utfpr.curitiba.br\/bibliotecadesigncenico\/index.php?rest_route=\/wp\/v2\/posts\/2282\/revisions\/2482"}],"wp:attachment":[{"href":"https:\/\/utfpr.curitiba.br\/bibliotecadesigncenico\/index.php?rest_route=%2Fwp%2Fv2%2Fmedia&parent=2282"}],"wp:term":[{"taxonomy":"category","embeddable":true,"href":"https:\/\/utfpr.curitiba.br\/bibliotecadesigncenico\/index.php?rest_route=%2Fwp%2Fv2%2Fcategories&post=2282"},{"taxonomy":"post_tag","embeddable":true,"href":"https:\/\/utfpr.curitiba.br\/bibliotecadesigncenico\/index.php?rest_route=%2Fwp%2Fv2%2Ftags&post=2282"}],"curies":[{"name":"wp","href":"https:\/\/api.w.org\/{rel}","templated":true}]}}