{"id":2259,"date":"2021-10-17T10:22:45","date_gmt":"2021-10-17T13:22:45","guid":{"rendered":"https:\/\/bibliotecadesigncenico.ct.utfpr.edu.br\/?p=2259"},"modified":"2023-12-14T16:39:30","modified_gmt":"2023-12-14T19:39:30","slug":"roland-barthes-e-o-traje-de-cena","status":"publish","type":"post","link":"https:\/\/utfpr.curitiba.br\/bibliotecadesigncenico\/?p=2259","title":{"rendered":"Roland Barthes e o traje de cena"},"content":{"rendered":"\n<p class=\"has-small-font-size\">VIANA, Fausto Roberto Po\u00e7o; VELLOSO, Isabela Monken.  Roland Barthes e o traje de cena. S\u00e3o Paulo: ECA-USP, 2018.<\/p>\n\n\n\n<p class=\"has-small-font-size\"><strong>Resumo:<\/strong> Roland Barthes e o traje de cena&nbsp;\u00e9 um ensaio escrito por Fausto Viana (ECA &#8211; USP) e Isabela Monken Velloso (IAD &#8211; UFJF) sobre a trajet\u00f3ria do escritor, soci\u00f3logo, cr\u00edtico liter\u00e1rio, semi\u00f3logo e fil\u00f3sofo Roland Barthes e sua liga\u00e7\u00e3o com o teatro, notadamente por interm\u00e9dio do traje de cena. O ensaio rev\u00ea e analisa o texto publicado por Barthes na revista&nbsp;Th\u00e9\u00e2tre Populaire&nbsp;em 1955: &#8220;As doen\u00e7as do traje de cena&#8221;, em que ele analisa o traje de cena &#8220;bom&#8221; e o &#8220;ruim&#8221;. A obra traz ainda uma nova tradu\u00e7\u00e3o para o texto original do eminente intelectual franc\u00eas.<\/p>\n\n\n\n<p class=\"has-small-font-size\"><a href=\"http:\/\/www.livrosabertos.sibi.usp.br\/portaldelivrosUSP\/catalog\/book\/252\" data-type=\"URL\" data-id=\"http:\/\/www.livrosabertos.sibi.usp.br\/portaldelivrosUSP\/catalog\/book\/252\">Acesse aqui.<\/a><\/p>\n","protected":false},"excerpt":{"rendered":"<p>VIANA, Fausto Roberto Po\u00e7o; VELLOSO, Isabela Monken. Roland Barthes e o traje de cena. S\u00e3o Paulo: ECA-USP, 2018. Resumo: Roland Barthes e o traje de cena&nbsp;\u00e9 um ensaio escrito por Fausto Viana (ECA &#8211; USP) e Isabela Monken Velloso (IAD &hellip; <a href=\"https:\/\/utfpr.curitiba.br\/bibliotecadesigncenico\/?p=2259\">Continue lendo <span class=\"meta-nav\">&rarr;<\/span><\/a><\/p>\n","protected":false},"author":2,"featured_media":0,"comment_status":"closed","ping_status":"closed","sticky":false,"template":"","format":"standard","meta":{"footnotes":""},"categories":[4,422],"tags":[],"class_list":["post-2259","post","type-post","status-publish","format-standard","hentry","category-figurino","category-livros"],"_links":{"self":[{"href":"https:\/\/utfpr.curitiba.br\/bibliotecadesigncenico\/index.php?rest_route=\/wp\/v2\/posts\/2259","targetHints":{"allow":["GET"]}}],"collection":[{"href":"https:\/\/utfpr.curitiba.br\/bibliotecadesigncenico\/index.php?rest_route=\/wp\/v2\/posts"}],"about":[{"href":"https:\/\/utfpr.curitiba.br\/bibliotecadesigncenico\/index.php?rest_route=\/wp\/v2\/types\/post"}],"author":[{"embeddable":true,"href":"https:\/\/utfpr.curitiba.br\/bibliotecadesigncenico\/index.php?rest_route=\/wp\/v2\/users\/2"}],"replies":[{"embeddable":true,"href":"https:\/\/utfpr.curitiba.br\/bibliotecadesigncenico\/index.php?rest_route=%2Fwp%2Fv2%2Fcomments&post=2259"}],"version-history":[{"count":4,"href":"https:\/\/utfpr.curitiba.br\/bibliotecadesigncenico\/index.php?rest_route=\/wp\/v2\/posts\/2259\/revisions"}],"predecessor-version":[{"id":2488,"href":"https:\/\/utfpr.curitiba.br\/bibliotecadesigncenico\/index.php?rest_route=\/wp\/v2\/posts\/2259\/revisions\/2488"}],"wp:attachment":[{"href":"https:\/\/utfpr.curitiba.br\/bibliotecadesigncenico\/index.php?rest_route=%2Fwp%2Fv2%2Fmedia&parent=2259"}],"wp:term":[{"taxonomy":"category","embeddable":true,"href":"https:\/\/utfpr.curitiba.br\/bibliotecadesigncenico\/index.php?rest_route=%2Fwp%2Fv2%2Fcategories&post=2259"},{"taxonomy":"post_tag","embeddable":true,"href":"https:\/\/utfpr.curitiba.br\/bibliotecadesigncenico\/index.php?rest_route=%2Fwp%2Fv2%2Ftags&post=2259"}],"curies":[{"name":"wp","href":"https:\/\/api.w.org\/{rel}","templated":true}]}}