{"id":2255,"date":"2021-10-17T10:09:10","date_gmt":"2021-10-17T13:09:10","guid":{"rendered":"https:\/\/bibliotecadesigncenico.ct.utfpr.edu.br\/?p=2255"},"modified":"2023-12-14T16:34:25","modified_gmt":"2023-12-14T19:34:25","slug":"para-vestir-a-cena-contemporanea-moldes-e-moda-no-brasil-do-seculo-xix","status":"publish","type":"post","link":"https:\/\/utfpr.curitiba.br\/bibliotecadesigncenico\/?p=2255","title":{"rendered":"Para vestir a cena contempor\u00e2nea: moldes e moda no Brasil do s\u00e9culo XIX"},"content":{"rendered":"\n<p class=\"has-small-font-size\">ITALIANO, Isabel; VIANA, Fausto; BASTOS, Desir\u00e9e; ARA\u00daJO, Luciano Ara\u00fajo.  Para vestir a cena contempor\u00e2nea: moldes e moda no Brasil do s\u00e9culo XIX. S\u00e3o Paulo: ECA\/USP, 2021.<\/p>\n\n\n\n<p class=\"has-small-font-size\"><strong>Resumo:<\/strong> Este \u00e9 muito mais do que um livro de modelagem do s\u00e9culo XIX \u2013 \u00e9 uma reflex\u00e3o sobre o traje brasileiro, seus modos de produ\u00e7\u00e3o, sua identidade cultural e tamb\u00e9m sua modelagem. Indicado para estudantes de teatro, moda, pesquisadores em geral e interessados em cultura brasileira, a obra \u00e9 uma pr\u00e1tica ferramenta de publica\u00e7\u00e3o para figurinistas, costureiras, alfaiates e estilistas, que contar\u00e3o com esta publica\u00e7\u00e3o como suporte para a cria\u00e7\u00e3o de seus trabalhos.<\/p>\n\n\n\n<p class=\"has-small-font-size\"><a href=\"http:\/\/www.livrosabertos.sibi.usp.br\/portaldelivrosUSP\/catalog\/book\/639\" data-type=\"URL\" data-id=\"http:\/\/www.livrosabertos.sibi.usp.br\/portaldelivrosUSP\/catalog\/book\/639\">Acesse aqui.<\/a><\/p>\n","protected":false},"excerpt":{"rendered":"<p>ITALIANO, Isabel; VIANA, Fausto; BASTOS, Desir\u00e9e; ARA\u00daJO, Luciano Ara\u00fajo. Para vestir a cena contempor\u00e2nea: moldes e moda no Brasil do s\u00e9culo XIX. S\u00e3o Paulo: ECA\/USP, 2021. Resumo: Este \u00e9 muito mais do que um livro de modelagem do s\u00e9culo XIX &hellip; <a href=\"https:\/\/utfpr.curitiba.br\/bibliotecadesigncenico\/?p=2255\">Continue lendo <span class=\"meta-nav\">&rarr;<\/span><\/a><\/p>\n","protected":false},"author":2,"featured_media":0,"comment_status":"closed","ping_status":"closed","sticky":false,"template":"","format":"standard","meta":{"footnotes":""},"categories":[4,422],"tags":[],"class_list":["post-2255","post","type-post","status-publish","format-standard","hentry","category-figurino","category-livros"],"_links":{"self":[{"href":"https:\/\/utfpr.curitiba.br\/bibliotecadesigncenico\/index.php?rest_route=\/wp\/v2\/posts\/2255","targetHints":{"allow":["GET"]}}],"collection":[{"href":"https:\/\/utfpr.curitiba.br\/bibliotecadesigncenico\/index.php?rest_route=\/wp\/v2\/posts"}],"about":[{"href":"https:\/\/utfpr.curitiba.br\/bibliotecadesigncenico\/index.php?rest_route=\/wp\/v2\/types\/post"}],"author":[{"embeddable":true,"href":"https:\/\/utfpr.curitiba.br\/bibliotecadesigncenico\/index.php?rest_route=\/wp\/v2\/users\/2"}],"replies":[{"embeddable":true,"href":"https:\/\/utfpr.curitiba.br\/bibliotecadesigncenico\/index.php?rest_route=%2Fwp%2Fv2%2Fcomments&post=2255"}],"version-history":[{"count":3,"href":"https:\/\/utfpr.curitiba.br\/bibliotecadesigncenico\/index.php?rest_route=\/wp\/v2\/posts\/2255\/revisions"}],"predecessor-version":[{"id":2480,"href":"https:\/\/utfpr.curitiba.br\/bibliotecadesigncenico\/index.php?rest_route=\/wp\/v2\/posts\/2255\/revisions\/2480"}],"wp:attachment":[{"href":"https:\/\/utfpr.curitiba.br\/bibliotecadesigncenico\/index.php?rest_route=%2Fwp%2Fv2%2Fmedia&parent=2255"}],"wp:term":[{"taxonomy":"category","embeddable":true,"href":"https:\/\/utfpr.curitiba.br\/bibliotecadesigncenico\/index.php?rest_route=%2Fwp%2Fv2%2Fcategories&post=2255"},{"taxonomy":"post_tag","embeddable":true,"href":"https:\/\/utfpr.curitiba.br\/bibliotecadesigncenico\/index.php?rest_route=%2Fwp%2Fv2%2Ftags&post=2255"}],"curies":[{"name":"wp","href":"https:\/\/api.w.org\/{rel}","templated":true}]}}