{"id":2242,"date":"2021-10-17T09:36:47","date_gmt":"2021-10-17T12:36:47","guid":{"rendered":"https:\/\/bibliotecadesigncenico.ct.utfpr.edu.br\/?p=2242"},"modified":"2023-12-14T16:25:22","modified_gmt":"2023-12-14T19:25:22","slug":"a-luz-em-cena-revista-de-pedagogias-e-poeticas-cenograficas","status":"publish","type":"post","link":"https:\/\/utfpr.curitiba.br\/bibliotecadesigncenico\/?p=2242","title":{"rendered":"A LUZ EM CENA &#8211; Revista de Pedagogias e Po\u00e9ticas Cenogr\u00e1ficas"},"content":{"rendered":"\n<p class=\"has-small-font-size\">A LUZ EM CENA\u00a0&#8211; Revista de Pedagogias e\u00a0Po\u00e9ticas Cenogr\u00e1ficas<\/p>\n\n\n\n<p class=\"has-small-font-size\"><strong>Resumo:<\/strong> Revista de Pedagogias e&nbsp;Po\u00e9ticas Cenogr\u00e1ficas&nbsp;\u00e9 uma publica\u00e7\u00e3o semestral vinculada ao Departamento de Artes C\u00eanicas e ao Programa de P\u00f3s-Gradua\u00e7\u00e3o em Teatro do Centro de Artes da Universidade do Estado de Santa Catarina\/UDESC, fundada em setembro de 2020. A revista est\u00e1&nbsp;alicer\u00e7ada no di\u00e1logo permanente entre professores, acad\u00eamicos, pesquisadores e artistas e&nbsp;tem compromisso com a cria\u00e7\u00e3o de um corpo tem\u00e1tico focado em experi\u00eancias criativas, promovendo est\u00edmulo e suporte te\u00f3ricos para reflex\u00f5es sobre diferentes temas abordados nas \u00e1reas da ilumina\u00e7\u00e3o e de aspectos cenogr\u00e1ficos.&nbsp;<\/p>\n\n\n\n<p class=\"has-small-font-size\">A revista&nbsp;tem como objetivo abordar temas vinculados a aspectos est\u00e9tico-po\u00e9ticos referentes \u00e0 ilumina\u00e7\u00e3o para a cena, incorporando a cenografia de modo geral, em suas conex\u00f5es com o espet\u00e1culo. Ficam inclu\u00eddas abordagens hist\u00f3ricas, art\u00edsticas, t\u00e9cnicas e pedag\u00f3gicas, repercutindo diversificadas conex\u00f5es te\u00f3rico-filos\u00f3ficas e abrangendo a\u00e7\u00f5es executadas em todo e qualquer espa\u00e7o que venha a abrigar manifesta\u00e7\u00f5es art\u00edsticas.&nbsp;<\/p>\n\n\n\n<p class=\"has-small-font-size\"><a href=\"https:\/\/www.periodicos.udesc.br\/index.php\/aluzemcena\/index\">Acesse aqui.<\/a><\/p>\n","protected":false},"excerpt":{"rendered":"<p>A LUZ EM CENA\u00a0&#8211; Revista de Pedagogias e\u00a0Po\u00e9ticas Cenogr\u00e1ficas Resumo: Revista de Pedagogias e&nbsp;Po\u00e9ticas Cenogr\u00e1ficas&nbsp;\u00e9 uma publica\u00e7\u00e3o semestral vinculada ao Departamento de Artes C\u00eanicas e ao Programa de P\u00f3s-Gradua\u00e7\u00e3o em Teatro do Centro de Artes da Universidade do Estado de &hellip; <a href=\"https:\/\/utfpr.curitiba.br\/bibliotecadesigncenico\/?p=2242\">Continue lendo <span class=\"meta-nav\">&rarr;<\/span><\/a><\/p>\n","protected":false},"author":2,"featured_media":0,"comment_status":"closed","ping_status":"closed","sticky":false,"template":"","format":"standard","meta":{"footnotes":""},"categories":[230,355,5],"tags":[],"class_list":["post-2242","post","type-post","status-publish","format-standard","hentry","category-design-cenico","category-dossies-revistas-e-anais","category-iluminacao"],"_links":{"self":[{"href":"https:\/\/utfpr.curitiba.br\/bibliotecadesigncenico\/index.php?rest_route=\/wp\/v2\/posts\/2242","targetHints":{"allow":["GET"]}}],"collection":[{"href":"https:\/\/utfpr.curitiba.br\/bibliotecadesigncenico\/index.php?rest_route=\/wp\/v2\/posts"}],"about":[{"href":"https:\/\/utfpr.curitiba.br\/bibliotecadesigncenico\/index.php?rest_route=\/wp\/v2\/types\/post"}],"author":[{"embeddable":true,"href":"https:\/\/utfpr.curitiba.br\/bibliotecadesigncenico\/index.php?rest_route=\/wp\/v2\/users\/2"}],"replies":[{"embeddable":true,"href":"https:\/\/utfpr.curitiba.br\/bibliotecadesigncenico\/index.php?rest_route=%2Fwp%2Fv2%2Fcomments&post=2242"}],"version-history":[{"count":3,"href":"https:\/\/utfpr.curitiba.br\/bibliotecadesigncenico\/index.php?rest_route=\/wp\/v2\/posts\/2242\/revisions"}],"predecessor-version":[{"id":2469,"href":"https:\/\/utfpr.curitiba.br\/bibliotecadesigncenico\/index.php?rest_route=\/wp\/v2\/posts\/2242\/revisions\/2469"}],"wp:attachment":[{"href":"https:\/\/utfpr.curitiba.br\/bibliotecadesigncenico\/index.php?rest_route=%2Fwp%2Fv2%2Fmedia&parent=2242"}],"wp:term":[{"taxonomy":"category","embeddable":true,"href":"https:\/\/utfpr.curitiba.br\/bibliotecadesigncenico\/index.php?rest_route=%2Fwp%2Fv2%2Fcategories&post=2242"},{"taxonomy":"post_tag","embeddable":true,"href":"https:\/\/utfpr.curitiba.br\/bibliotecadesigncenico\/index.php?rest_route=%2Fwp%2Fv2%2Ftags&post=2242"}],"curies":[{"name":"wp","href":"https:\/\/api.w.org\/{rel}","templated":true}]}}