{"id":2240,"date":"2021-10-17T09:30:10","date_gmt":"2021-10-17T12:30:10","guid":{"rendered":"https:\/\/bibliotecadesigncenico.ct.utfpr.edu.br\/?p=2240"},"modified":"2023-12-14T16:40:47","modified_gmt":"2023-12-14T19:40:47","slug":"caricaturas-e-tipos-comicos-no-teatro","status":"publish","type":"post","link":"https:\/\/utfpr.curitiba.br\/bibliotecadesigncenico\/?p=2240","title":{"rendered":"Caricaturas e tipos c\u00f4micos no teatro"},"content":{"rendered":"\n<p class=\"has-small-font-size\">SCHEFFLER, Ismael; SOUZA, Jos\u00e9 Marconi Bezerra de (orgs.). Caricaturas e tipos c\u00f4micos no teatro. Curitiba: Arte Final, 2021.<\/p>\n\n\n\n<p class=\"has-small-font-size\"><strong>Resumo:<\/strong> O livro&nbsp;Caricaturas e tipos c\u00f4micos no teatro, organizado pelos professores Ismael Scheffler e Jos\u00e9 Marconi Bezerra de Souza, apresenta desenhos de busto e corpo de 96 personagens de nove produ\u00e7\u00f5es c\u00eanicas de cunho c\u00f4mico apresentados pelo TUT, grupo de teatro da Universidade Tecnol\u00f3gica Federal do Paran\u00e1 \u2013 Curitiba, entre os anos de 2005 e 2010, sob a dire\u00e7\u00e3o de Scheffler. S\u00e3o 192 desenhos finalizados al\u00e9m de alguns registos dos processos criativos (croquis, estudos anat\u00f4micos e expressivos) e algumas fotografias das personagens originais dos espet\u00e1culos. Oito alunos de design da UTFPR participaram do projeto, em um percurso coletivo de desenvolvimento de estilos diversificados: Alan Rodrigues R\u00eago, Andr\u00e9 Vieira, Danka Farias de Oliveira, Jo\u00e3o Pedro Neto, Let\u00edcia M\u00e1ximo, Maiara Miotti Cunha, Priscila Celeste Chiang, Vin\u00edcius Calegari Marocolo, com Jos\u00e9 Marconi. O livro remonta um per\u00edodo da trajet\u00f3ria do TUT e d\u00e1 in\u00edcio \u00e0s comemora\u00e7\u00f5es do cinquenten\u00e1rio do grupo fundado em 1972. \u00c9, portanto, um trabalho de documenta\u00e7\u00e3o hist\u00f3rica que usa o desenho criativo no resgate da mem\u00f3ria.<\/p>\n\n\n\n<p class=\"has-small-font-size\"><a href=\"https:\/\/educapes.capes.gov.br\/handle\/capes\/706947\" target=\"_blank\" rel=\"noreferrer noopener\">Acesse aqui.<\/a><\/p>\n","protected":false},"excerpt":{"rendered":"<p>SCHEFFLER, Ismael; SOUZA, Jos\u00e9 Marconi Bezerra de (orgs.). Caricaturas e tipos c\u00f4micos no teatro. Curitiba: Arte Final, 2021. Resumo: O livro&nbsp;Caricaturas e tipos c\u00f4micos no teatro, organizado pelos professores Ismael Scheffler e Jos\u00e9 Marconi Bezerra de Souza, apresenta desenhos de &hellip; <a href=\"https:\/\/utfpr.curitiba.br\/bibliotecadesigncenico\/?p=2240\">Continue lendo <span class=\"meta-nav\">&rarr;<\/span><\/a><\/p>\n","protected":false},"author":2,"featured_media":0,"comment_status":"closed","ping_status":"closed","sticky":false,"template":"","format":"standard","meta":{"footnotes":""},"categories":[10,4,422,6,9],"tags":[],"class_list":["post-2240","post","type-post","status-publish","format-standard","hentry","category-diversos","category-figurino","category-livros","category-maquiagem","category-teatro-de-formas-animadas"],"_links":{"self":[{"href":"https:\/\/utfpr.curitiba.br\/bibliotecadesigncenico\/index.php?rest_route=\/wp\/v2\/posts\/2240","targetHints":{"allow":["GET"]}}],"collection":[{"href":"https:\/\/utfpr.curitiba.br\/bibliotecadesigncenico\/index.php?rest_route=\/wp\/v2\/posts"}],"about":[{"href":"https:\/\/utfpr.curitiba.br\/bibliotecadesigncenico\/index.php?rest_route=\/wp\/v2\/types\/post"}],"author":[{"embeddable":true,"href":"https:\/\/utfpr.curitiba.br\/bibliotecadesigncenico\/index.php?rest_route=\/wp\/v2\/users\/2"}],"replies":[{"embeddable":true,"href":"https:\/\/utfpr.curitiba.br\/bibliotecadesigncenico\/index.php?rest_route=%2Fwp%2Fv2%2Fcomments&post=2240"}],"version-history":[{"count":3,"href":"https:\/\/utfpr.curitiba.br\/bibliotecadesigncenico\/index.php?rest_route=\/wp\/v2\/posts\/2240\/revisions"}],"predecessor-version":[{"id":2490,"href":"https:\/\/utfpr.curitiba.br\/bibliotecadesigncenico\/index.php?rest_route=\/wp\/v2\/posts\/2240\/revisions\/2490"}],"wp:attachment":[{"href":"https:\/\/utfpr.curitiba.br\/bibliotecadesigncenico\/index.php?rest_route=%2Fwp%2Fv2%2Fmedia&parent=2240"}],"wp:term":[{"taxonomy":"category","embeddable":true,"href":"https:\/\/utfpr.curitiba.br\/bibliotecadesigncenico\/index.php?rest_route=%2Fwp%2Fv2%2Fcategories&post=2240"},{"taxonomy":"post_tag","embeddable":true,"href":"https:\/\/utfpr.curitiba.br\/bibliotecadesigncenico\/index.php?rest_route=%2Fwp%2Fv2%2Ftags&post=2240"}],"curies":[{"name":"wp","href":"https:\/\/api.w.org\/{rel}","templated":true}]}}