{"id":2234,"date":"2021-10-17T09:13:18","date_gmt":"2021-10-17T12:13:18","guid":{"rendered":"https:\/\/bibliotecadesigncenico.ct.utfpr.edu.br\/?p=2234"},"modified":"2023-12-14T16:21:50","modified_gmt":"2023-12-14T19:21:50","slug":"anais-do-2o-encontro-poeticas-do-inanimado","status":"publish","type":"post","link":"https:\/\/utfpr.curitiba.br\/bibliotecadesigncenico\/?p=2234","title":{"rendered":"Anais do 2o. Encontro Po\u00e9ticas do Inanimado"},"content":{"rendered":"\n<p class=\"has-small-font-size\">Anais do 2o. Encontro Po\u00e9ticas do Inanimado &#8211; Teatro de Bonecos em Tempo(s) de Pandemias(s) &#8211; 2020<\/p>\n\n\n\n<p class=\"has-small-font-size\"><strong>SUM\u00c1RIO:<\/strong><\/p>\n\n\n\n<p class=\"has-small-font-size\">1. Expediente e Texto de Abertura<\/p>\n\n\n\n<p class=\"has-small-font-size\">2. Paulo Balardim. Incessante reinven\u00e7\u00e3o como estrat\u00e9gia criativa. Paulo Balardim. <\/p>\n\n\n\n<p class=\"has-small-font-size\">3. Wagner Cintra. Apontamentos acerca da marionete na educa\u00e7\u00e3o: Teorias e algumas das pr\u00e1ticas realizadas por Ana Maria Amaral. <\/p>\n\n\n\n<p class=\"has-small-font-size\">4. C\u00e9lio D\u00b4\u00c1vila. Seis formas para pensar a dramaturgia com objetos. <\/p>\n\n\n\n<p class=\"has-small-font-size\">5. Rigel Gonz\u00e1les. \u00bfQu\u00e9 silueta es esa que se conserva em El Arca Teatro Museo de T\u00edteres? <\/p>\n\n\n\n<p class=\"has-small-font-size\">6. Liliana P\u00e9res Recio. De c\u00f3mo hacer museologia em cuba y no cejar em el intento: procedimientos de catalogaci\u00f3n em red, el arca teatro museo de t\u00edteres. <\/p>\n\n\n\n<p class=\"has-small-font-size\">7. Ana Gabriela Lobo; Jos\u00e9 Parente. O objeto no teatro lambe-lambe: um experimento pr\u00e1tico. <\/p>\n\n\n\n<p class=\"has-small-font-size\">8. Luiza Ferrari. Anatomia da inquieta\u00e7\u00e3o. <\/p>\n\n\n\n<p class=\"has-small-font-size\">9. Maria Jos\u00e9 Bezerra; Lucas Oliveira. WEBSERIE X\u00d4 CORONA. Uma experi\u00eancia com teatro de bonecos no contexto da pandemia. <\/p>\n\n\n\n<p class=\"has-small-font-size\">10. Joana Vieira Viana. Mulheres No Teatro De Anima\u00e7\u00e3o: breve relato sobre a Rede de Bonequeiras Brasileiras \u2013 RBB.<\/p>\n\n\n\n<p class=\"has-small-font-size\"><a href=\"https:\/\/poeticascenicas.wixsite.com\/home\/anais-2o-encontro\">Acesse aqui.<\/a><\/p>\n","protected":false},"excerpt":{"rendered":"<p>Anais do 2o. Encontro Po\u00e9ticas do Inanimado &#8211; Teatro de Bonecos em Tempo(s) de Pandemias(s) &#8211; 2020 SUM\u00c1RIO: 1. Expediente e Texto de Abertura 2. Paulo Balardim. Incessante reinven\u00e7\u00e3o como estrat\u00e9gia criativa. Paulo Balardim. 3. Wagner Cintra. Apontamentos acerca da &hellip; <a href=\"https:\/\/utfpr.curitiba.br\/bibliotecadesigncenico\/?p=2234\">Continue lendo <span class=\"meta-nav\">&rarr;<\/span><\/a><\/p>\n","protected":false},"author":2,"featured_media":0,"comment_status":"closed","ping_status":"closed","sticky":false,"template":"","format":"standard","meta":{"footnotes":""},"categories":[355,9],"tags":[],"class_list":["post-2234","post","type-post","status-publish","format-standard","hentry","category-dossies-revistas-e-anais","category-teatro-de-formas-animadas"],"_links":{"self":[{"href":"https:\/\/utfpr.curitiba.br\/bibliotecadesigncenico\/index.php?rest_route=\/wp\/v2\/posts\/2234","targetHints":{"allow":["GET"]}}],"collection":[{"href":"https:\/\/utfpr.curitiba.br\/bibliotecadesigncenico\/index.php?rest_route=\/wp\/v2\/posts"}],"about":[{"href":"https:\/\/utfpr.curitiba.br\/bibliotecadesigncenico\/index.php?rest_route=\/wp\/v2\/types\/post"}],"author":[{"embeddable":true,"href":"https:\/\/utfpr.curitiba.br\/bibliotecadesigncenico\/index.php?rest_route=\/wp\/v2\/users\/2"}],"replies":[{"embeddable":true,"href":"https:\/\/utfpr.curitiba.br\/bibliotecadesigncenico\/index.php?rest_route=%2Fwp%2Fv2%2Fcomments&post=2234"}],"version-history":[{"count":2,"href":"https:\/\/utfpr.curitiba.br\/bibliotecadesigncenico\/index.php?rest_route=\/wp\/v2\/posts\/2234\/revisions"}],"predecessor-version":[{"id":2464,"href":"https:\/\/utfpr.curitiba.br\/bibliotecadesigncenico\/index.php?rest_route=\/wp\/v2\/posts\/2234\/revisions\/2464"}],"wp:attachment":[{"href":"https:\/\/utfpr.curitiba.br\/bibliotecadesigncenico\/index.php?rest_route=%2Fwp%2Fv2%2Fmedia&parent=2234"}],"wp:term":[{"taxonomy":"category","embeddable":true,"href":"https:\/\/utfpr.curitiba.br\/bibliotecadesigncenico\/index.php?rest_route=%2Fwp%2Fv2%2Fcategories&post=2234"},{"taxonomy":"post_tag","embeddable":true,"href":"https:\/\/utfpr.curitiba.br\/bibliotecadesigncenico\/index.php?rest_route=%2Fwp%2Fv2%2Ftags&post=2234"}],"curies":[{"name":"wp","href":"https:\/\/api.w.org\/{rel}","templated":true}]}}