{"id":2167,"date":"2021-08-24T10:56:29","date_gmt":"2021-08-24T13:56:29","guid":{"rendered":"https:\/\/bibliotecadesigncenico.ct.utfpr.edu.br\/?p=2167"},"modified":"2023-12-14T17:13:56","modified_gmt":"2023-12-14T20:13:56","slug":"os-palhacos-nas-manifestacoes-populares-brasileiras-bumba-meu-boi-cavalo-marinho-folia-de-reis-e-pastoril-profano","status":"publish","type":"post","link":"https:\/\/utfpr.curitiba.br\/bibliotecadesigncenico\/?p=2167","title":{"rendered":"Os palha\u00e7os nas manifesta\u00e7\u00f5es populares brasileiras: Bumba-meu-boi, Cavalo-marinho, Folia de Reis e Pastoril Profano"},"content":{"rendered":"\t\t<div data-elementor-type=\"wp-post\" data-elementor-id=\"2167\" class=\"elementor elementor-2167\">\n\t\t\t\t\t\t<section class=\"elementor-section elementor-top-section elementor-element elementor-element-5a5fb47 elementor-section-boxed elementor-section-height-default elementor-section-height-default\" data-id=\"5a5fb47\" data-element_type=\"section\" data-e-type=\"section\">\n\t\t\t\t\t\t<div class=\"elementor-container elementor-column-gap-default\">\n\t\t\t\t\t<div class=\"elementor-column elementor-col-100 elementor-top-column elementor-element elementor-element-425f1bd\" data-id=\"425f1bd\" data-element_type=\"column\" data-e-type=\"column\">\n\t\t\t<div class=\"elementor-widget-wrap elementor-element-populated\">\n\t\t\t\t\t\t<div class=\"elementor-element elementor-element-9101f11 elementor-widget elementor-widget-text-editor\" data-id=\"9101f11\" data-element_type=\"widget\" data-e-type=\"widget\" data-widget_type=\"text-editor.default\">\n\t\t\t\t<div class=\"elementor-widget-container\">\n\t\t\t\t\t\t\t\t\t<p>SANTOS, Ivanildo Lubarino Piccoli dos. Os palha\u00e7os nas manifesta\u00e7\u00f5es populares brasileiras: Bumba-meu-boi, Cavalo-marinho, Folia de Reis e Pastoril Profano. Disserta\u00e7\u00e3o (Mestrado em Artes) &#8211; Universidade Estadual Paulista, 2008.<\/p>\n<p><strong>Palavras-chave:<\/strong> Palha\u00e7os, Bumba-Meu-Boi; Folia de Reis; Pastoril Profano; Cavalo marinho; Folguedos brasileiros.<\/p>\n<p><strong>Resumo:<\/strong> Esta pesquisa apresenta a descri\u00e7\u00e3o e an\u00e1lise de algumas personagens c\u00f4micas que integram as folias e folguedos, manifesta\u00e7\u00f5es populares brasileiras, e uma investiga\u00e7\u00e3o das semelhan\u00e7as entre as caracter\u00edsticas dessas personagens e as do palha\u00e7o de circo. Na cultura popular, as personagens c\u00f4micas aparecem na forma de brincantes e executam os Mateus, Basti\u00f5es, Catirinas e Cazumb\u00e1s, pertencentes ao grupo de Bumba-meu-boi e Cavalo-Marinho; os Palha\u00e7os, das Folias de Reis; e os Velhos, do Pastoril Profano. Este estudo teve como base refer\u00eancias bibliogr\u00e1ficas, an\u00e1lise de v\u00eddeos e observa\u00e7\u00e3o de campo, com coleta de material audiovisual e realiza\u00e7\u00e3o de entrevistas. Centrou-se em um levantamento so<span class=\"hidden-abstract\">bre a origem e ocorr\u00eancia, no Brasil, de algumas manifesta\u00e7\u00f5es populares; na identifica\u00e7\u00e3o e an\u00e1lise das personagens c\u00f4micas que as comp\u00f5em; e em compara\u00e7\u00f5es com as personagens populares universais O trabalho cont\u00e9m uma aprecia\u00e7\u00e3o cr\u00edtica mais detalhada da personagem do Velho, do Pastoril Profano, e um estudo das aproxima\u00e7\u00f5es dessa personagem com elementos c\u00f4micos universais e com o palha\u00e7o de circo, o que se d\u00e1 por meio dos elementos c\u00eanicos que a comp\u00f5e (composi\u00e7\u00e3o visual, interpreta\u00e7\u00e3o, dramaturgia, m\u00fasica e estrutura)<\/span><\/p>\n<p><a href=\"https:\/\/repositorio.unesp.br\/handle\/11449\/86882\">Acesse aqui.<\/a><\/p>\t\t\t\t\t\t\t\t<\/div>\n\t\t\t\t<\/div>\n\t\t\t\t<div class=\"elementor-element elementor-element-036d31a elementor--star-style-star_fontawesome elementor-widget elementor-widget-star-rating\" data-id=\"036d31a\" data-element_type=\"widget\" data-e-type=\"widget\" data-widget_type=\"star-rating.default\">\n\t\t\t\t<div class=\"elementor-widget-container\">\n\t\t\t\t\t\t\t<div class=\"elementor-star-rating__wrapper\">\n\t\t\t\t\t\t<div class=\"elementor-star-rating\" itemtype=\"http:\/\/schema.org\/Rating\" itemscope=\"\" itemprop=\"reviewRating\">\n\t\t\t\t<i class=\"elementor-star-full\" aria-hidden=\"true\">&#xE934;<\/i><i class=\"elementor-star-full\" aria-hidden=\"true\">&#xE934;<\/i><i class=\"elementor-star-full\" aria-hidden=\"true\">&#xE934;<\/i><i class=\"elementor-star-full\" aria-hidden=\"true\">&#xE934;<\/i><i class=\"elementor-star-full\" aria-hidden=\"true\">&#xE934;<\/i>\t\t\t\t<span itemprop=\"ratingValue\" class=\"elementor-screen-only\">Rated 5 out of 5<\/span>\n\t\t\t<\/div>\n\t\t<\/div>\n\t\t\t\t\t\t<\/div>\n\t\t\t\t<\/div>\n\t\t\t\t\t<\/div>\n\t\t<\/div>\n\t\t\t\t\t<\/div>\n\t\t<\/section>\n\t\t\t\t<\/div>\n\t\t","protected":false},"excerpt":{"rendered":"<p>SANTOS, Ivanildo Lubarino Piccoli dos. Os palha\u00e7os nas manifesta\u00e7\u00f5es populares brasileiras: Bumba-meu-boi, Cavalo-marinho, Folia de Reis e Pastoril Profano. Disserta\u00e7\u00e3o (Mestrado em Artes) &#8211; Universidade Estadual Paulista, 2008. Palavras-chave: Palha\u00e7os, Bumba-Meu-Boi; Folia de Reis; Pastoril Profano; Cavalo marinho; Folguedos brasileiros. &hellip; <a href=\"https:\/\/utfpr.curitiba.br\/bibliotecadesigncenico\/?p=2167\">Continue lendo <span class=\"meta-nav\">&rarr;<\/span><\/a><\/p>\n","protected":false},"author":4,"featured_media":0,"comment_status":"closed","ping_status":"closed","sticky":false,"template":"elementor_theme","format":"standard","meta":{"footnotes":""},"categories":[10],"tags":[670,414,674,673,671,323,672],"class_list":["post-2167","post","type-post","status-publish","format-standard","hentry","category-diversos","tag-bumba-meu-boi","tag-cavalo-marinho","tag-clown","tag-folguedos-brasileiros","tag-folia-de-reis","tag-palhacos","tag-pastoril-profano"],"_links":{"self":[{"href":"https:\/\/utfpr.curitiba.br\/bibliotecadesigncenico\/index.php?rest_route=\/wp\/v2\/posts\/2167","targetHints":{"allow":["GET"]}}],"collection":[{"href":"https:\/\/utfpr.curitiba.br\/bibliotecadesigncenico\/index.php?rest_route=\/wp\/v2\/posts"}],"about":[{"href":"https:\/\/utfpr.curitiba.br\/bibliotecadesigncenico\/index.php?rest_route=\/wp\/v2\/types\/post"}],"author":[{"embeddable":true,"href":"https:\/\/utfpr.curitiba.br\/bibliotecadesigncenico\/index.php?rest_route=\/wp\/v2\/users\/4"}],"replies":[{"embeddable":true,"href":"https:\/\/utfpr.curitiba.br\/bibliotecadesigncenico\/index.php?rest_route=%2Fwp%2Fv2%2Fcomments&post=2167"}],"version-history":[{"count":13,"href":"https:\/\/utfpr.curitiba.br\/bibliotecadesigncenico\/index.php?rest_route=\/wp\/v2\/posts\/2167\/revisions"}],"predecessor-version":[{"id":2540,"href":"https:\/\/utfpr.curitiba.br\/bibliotecadesigncenico\/index.php?rest_route=\/wp\/v2\/posts\/2167\/revisions\/2540"}],"wp:attachment":[{"href":"https:\/\/utfpr.curitiba.br\/bibliotecadesigncenico\/index.php?rest_route=%2Fwp%2Fv2%2Fmedia&parent=2167"}],"wp:term":[{"taxonomy":"category","embeddable":true,"href":"https:\/\/utfpr.curitiba.br\/bibliotecadesigncenico\/index.php?rest_route=%2Fwp%2Fv2%2Fcategories&post=2167"},{"taxonomy":"post_tag","embeddable":true,"href":"https:\/\/utfpr.curitiba.br\/bibliotecadesigncenico\/index.php?rest_route=%2Fwp%2Fv2%2Ftags&post=2167"}],"curies":[{"name":"wp","href":"https:\/\/api.w.org\/{rel}","templated":true}]}}