{"id":2120,"date":"2021-07-08T15:27:28","date_gmt":"2021-07-08T18:27:28","guid":{"rendered":"https:\/\/bibliotecadesigncenico.ct.utfpr.edu.br\/?p=2120"},"modified":"2023-12-14T17:14:16","modified_gmt":"2023-12-14T20:14:16","slug":"teatros-do-rio-do-seculo-xviii-ao-seculo-xx","status":"publish","type":"post","link":"https:\/\/utfpr.curitiba.br\/bibliotecadesigncenico\/?p=2120","title":{"rendered":"Teatros do Rio : do S\u00e9culo XVIII ao S\u00e9culo XX"},"content":{"rendered":"\n<p class=\"has-small-font-size\">Dias, Jos\u00e9 da Silva. Teatros do Rio: do S\u00e9culo XVIII ao S\u00e9culo XX. Rio de Janeiro: FUNARTE, 2012.<\/p>\n\n\n\n<p class=\"has-small-font-size\"><strong>Resumo:<\/strong> A obra \u00e9 um invent\u00e1rio comentado das salas de espet\u00e1culos do Estado do Rio de Janeiro \u2013 um panorama in\u00e9dito do desenvolvimento da arquitetura c\u00eanica no Rio de Janeiro, que tamb\u00e9m registra hist\u00f3ria da atividade teatral. O trabalho traz an\u00e1lises de cada teatro; inclui estudos sobre os projetos e as condi\u00e7\u00f5es de sua constru\u00e7\u00e3o; e cita espet\u00e1culos, autores e artistas que marcaram \u00e9poca, de 1767 a 1999. O pref\u00e1cio \u00e9 de Barbara Heliodora. Reconhecido diretor de arte, cen\u00f3grafo, professor e doutor em Artes, Jos\u00e9 Dias tra\u00e7a, na obra, um painel dos espa\u00e7os culturais fluminenses e faz reflex\u00f5es sobre sua transforma\u00e7\u00e3o. A pesquisa n\u00e3o se limita \u00e0 an\u00e1lise dos teatros da capital, mas tamb\u00e9m das salas do interior. \u201cJos\u00e9 Dias, nome reconhecido no meio teatral, produziu uma obra de muito valor, que, como ele mesmo diz, \u00e9 como um estudo \u2018arque\u00f3logico\u2019 do teatro\u201d, afirma o Presidente da Funarte, Antonio Grassi. \u201cO livro \u00e9 fruto de uma dif\u00edcil recupera\u00e7\u00e3o de dados sobre teatros do Rio de Janeiro, s\u00edmbolos para a cultura brasileira, muitos deles j\u00e1 demolidos. O trabalho pode ser considerado refer\u00eancia para profissionais, pesquisadores e estudantes de arquitetura c\u00eanica e artes c\u00eanicas\u201d, conclui Grassi.<\/p>\n\n\n\n<p class=\"has-small-font-size\"><a rel=\"noreferrer noopener\" href=\"http:\/\/www.funarte.gov.br\/wp-content\/uploads\/2016\/08\/Teatros-do-Rio-do-s%C3%A9culo-XVIII-ao-s%C3%A9culo-XX-Jos%C3%A9-Dias.pdf\" target=\"_blank\">Acesse aqui.<\/a><\/p>\n","protected":false},"excerpt":{"rendered":"<p>Dias, Jos\u00e9 da Silva. Teatros do Rio: do S\u00e9culo XVIII ao S\u00e9culo XX. Rio de Janeiro: FUNARTE, 2012. Resumo: A obra \u00e9 um invent\u00e1rio comentado das salas de espet\u00e1culos do Estado do Rio de Janeiro \u2013 um panorama in\u00e9dito do &hellip; <a href=\"https:\/\/utfpr.curitiba.br\/bibliotecadesigncenico\/?p=2120\">Continue lendo <span class=\"meta-nav\">&rarr;<\/span><\/a><\/p>\n","protected":false},"author":2,"featured_media":0,"comment_status":"closed","ping_status":"closed","sticky":false,"template":"","format":"standard","meta":{"footnotes":""},"categories":[2,3],"tags":[662,20,138],"class_list":["post-2120","post","type-post","status-publish","format-standard","hentry","category-arquitetura-teatral","category-cenografia","tag-arquitetura-teatral","tag-cenografia","tag-teatro-brasileiro"],"_links":{"self":[{"href":"https:\/\/utfpr.curitiba.br\/bibliotecadesigncenico\/index.php?rest_route=\/wp\/v2\/posts\/2120","targetHints":{"allow":["GET"]}}],"collection":[{"href":"https:\/\/utfpr.curitiba.br\/bibliotecadesigncenico\/index.php?rest_route=\/wp\/v2\/posts"}],"about":[{"href":"https:\/\/utfpr.curitiba.br\/bibliotecadesigncenico\/index.php?rest_route=\/wp\/v2\/types\/post"}],"author":[{"embeddable":true,"href":"https:\/\/utfpr.curitiba.br\/bibliotecadesigncenico\/index.php?rest_route=\/wp\/v2\/users\/2"}],"replies":[{"embeddable":true,"href":"https:\/\/utfpr.curitiba.br\/bibliotecadesigncenico\/index.php?rest_route=%2Fwp%2Fv2%2Fcomments&post=2120"}],"version-history":[{"count":3,"href":"https:\/\/utfpr.curitiba.br\/bibliotecadesigncenico\/index.php?rest_route=\/wp\/v2\/posts\/2120\/revisions"}],"predecessor-version":[{"id":2541,"href":"https:\/\/utfpr.curitiba.br\/bibliotecadesigncenico\/index.php?rest_route=\/wp\/v2\/posts\/2120\/revisions\/2541"}],"wp:attachment":[{"href":"https:\/\/utfpr.curitiba.br\/bibliotecadesigncenico\/index.php?rest_route=%2Fwp%2Fv2%2Fmedia&parent=2120"}],"wp:term":[{"taxonomy":"category","embeddable":true,"href":"https:\/\/utfpr.curitiba.br\/bibliotecadesigncenico\/index.php?rest_route=%2Fwp%2Fv2%2Fcategories&post=2120"},{"taxonomy":"post_tag","embeddable":true,"href":"https:\/\/utfpr.curitiba.br\/bibliotecadesigncenico\/index.php?rest_route=%2Fwp%2Fv2%2Ftags&post=2120"}],"curies":[{"name":"wp","href":"https:\/\/api.w.org\/{rel}","templated":true}]}}