{"id":2025,"date":"2021-07-05T18:33:25","date_gmt":"2021-07-05T21:33:25","guid":{"rendered":"https:\/\/bibliotecadesigncenico.ct.utfpr.edu.br\/?p=2025"},"modified":"2023-12-14T17:32:00","modified_gmt":"2023-12-14T20:32:00","slug":"os-trapalhoes-no-reino-da-academia-revista-radio-e-circo-na-poetica-trapalhonica","status":"publish","type":"post","link":"https:\/\/utfpr.curitiba.br\/bibliotecadesigncenico\/?p=2025","title":{"rendered":"Os Trapalh\u00f5es no reino da Academia : revista, r\u00e1dio e circo na po\u00e9tica trapalh\u00f4nica"},"content":{"rendered":"\t\t<div data-elementor-type=\"wp-post\" data-elementor-id=\"2025\" class=\"elementor elementor-2025\">\n\t\t\t\t\t\t<section class=\"elementor-section elementor-top-section elementor-element elementor-element-42c4376 elementor-section-boxed elementor-section-height-default elementor-section-height-default\" data-id=\"42c4376\" data-element_type=\"section\" data-e-type=\"section\">\n\t\t\t\t\t\t<div class=\"elementor-container elementor-column-gap-default\">\n\t\t\t\t\t<div class=\"elementor-column elementor-col-100 elementor-top-column elementor-element elementor-element-9c4ec07\" data-id=\"9c4ec07\" data-element_type=\"column\" data-e-type=\"column\">\n\t\t\t<div class=\"elementor-widget-wrap elementor-element-populated\">\n\t\t\t\t\t\t<div class=\"elementor-element elementor-element-c1bc2e3 elementor-widget elementor-widget-text-editor\" data-id=\"c1bc2e3\" data-element_type=\"widget\" data-e-type=\"widget\" data-widget_type=\"text-editor.default\">\n\t\t\t\t<div class=\"elementor-widget-container\">\n\t\t\t\t\t\t\t\t\t<p>CARRICO, Andr\u00e9.\u00a0Os Trapalh\u00f5es no reino da Academia: revista, r\u00e1dio e circo na po\u00e9tica trapalh\u00f4nica.\u00a0Tese (Doutorado em Artes) &#8211; Universidade Estadual de Campinas, 2013.<\/p><p><strong>Palavras-chave:<\/strong> Com\u00e9dia, Teatro de revista, R\u00e1dio &#8211; Humor, s\u00e1tira, etc., Circo, Palha\u00e7os.<\/p><p><strong>Resumo:<\/strong> O principal objetivo da tese Os Trapalh\u00f5es no Reino da Academia: Revista, R\u00e1dio e Circo na po\u00e9tica trapalh\u00f4nica \u00e9 analisar as ra\u00edzes da forma\u00e7\u00e3o do ator c\u00f4mico brasileiro a partir de tr\u00eas tradi\u00e7\u00f5es da cena nacional, presentes na po\u00e9tica do grupo c\u00f4mico Os Trapalh\u00f5es: o Teatro de Revista (Mussum), o Humorismo Radiof\u00f4nico (Zacarias) e o Circo (Ded\u00e9 e Didi). Para isso, localizamos os elementos dessas vertentes nos personagens-tipo desse grupo por meio do registro c\u00eanico em sua obra cinematogr\u00e1fica e televisiva. O projeto trapalh\u00f4nico nos permitiu apontar a perman\u00eancia de procedimentos universais de tradi\u00e7\u00e3o popular, aportados pela forma\u00e7\u00e3o desses c\u00f4micos, e a clareza na transmiss\u00e3o de princ\u00edpios c\u00eanicos de artistas que os antecederam. Alicer\u00e7ados por esses saberes, Os Trapalh\u00f5es naturalizaram a figura do palha\u00e7o e souberam conjugar as potencialidades individuais de cada integrante do grupo, misturando e atualizando c\u00f3digos e configurando uma po\u00e9tica reveladora da vitalidade de nossas escolas c\u00f4micas.<\/p><p><a href=\"http:\/\/repositorio.unicamp.br\/handle\/REPOSIP\/284557\">Acesse aqui.<\/a><\/p>\t\t\t\t\t\t\t\t<\/div>\n\t\t\t\t<\/div>\n\t\t\t\t<div class=\"elementor-element elementor-element-688fac6 elementor--star-style-star_fontawesome elementor-widget elementor-widget-star-rating\" data-id=\"688fac6\" data-element_type=\"widget\" data-e-type=\"widget\" data-widget_type=\"star-rating.default\">\n\t\t\t\t<div class=\"elementor-widget-container\">\n\t\t\t\t\t\t\t<div class=\"elementor-star-rating__wrapper\">\n\t\t\t\t\t\t<div class=\"elementor-star-rating\" itemtype=\"http:\/\/schema.org\/Rating\" itemscope=\"\" itemprop=\"reviewRating\">\n\t\t\t\t<i class=\"elementor-star-full\" aria-hidden=\"true\">&#xE934;<\/i><i class=\"elementor-star-full\" aria-hidden=\"true\">&#xE934;<\/i><i class=\"elementor-star-full\" aria-hidden=\"true\">&#xE934;<\/i><i class=\"elementor-star-full\" aria-hidden=\"true\">&#xE934;<\/i><i class=\"elementor-star-full\" aria-hidden=\"true\">&#xE934;<\/i>\t\t\t\t<span itemprop=\"ratingValue\" class=\"elementor-screen-only\">Rated 5 out of 5<\/span>\n\t\t\t<\/div>\n\t\t<\/div>\n\t\t\t\t\t\t<\/div>\n\t\t\t\t<\/div>\n\t\t\t\t\t<\/div>\n\t\t<\/div>\n\t\t\t\t\t<\/div>\n\t\t<\/section>\n\t\t\t\t<\/div>\n\t\t","protected":false},"excerpt":{"rendered":"<p>CARRICO, Andr\u00e9.\u00a0Os Trapalh\u00f5es no reino da Academia: revista, r\u00e1dio e circo na po\u00e9tica trapalh\u00f4nica.\u00a0Tese (Doutorado em Artes) &#8211; Universidade Estadual de Campinas, 2013. Palavras-chave: Com\u00e9dia, Teatro de revista, R\u00e1dio &#8211; Humor, s\u00e1tira, etc., Circo, Palha\u00e7os. Resumo: O principal objetivo da &hellip; <a href=\"https:\/\/utfpr.curitiba.br\/bibliotecadesigncenico\/?p=2025\">Continue lendo <span class=\"meta-nav\">&rarr;<\/span><\/a><\/p>\n","protected":false},"author":4,"featured_media":0,"comment_status":"closed","ping_status":"closed","sticky":false,"template":"","format":"standard","meta":{"footnotes":""},"categories":[10],"tags":[602,598,600,601,323,599,578],"class_list":["post-2025","post","type-post","status-publish","format-standard","hentry","category-diversos","tag-circo","tag-comedia","tag-comedia-teatro-de-revista-radio-humor","tag-etc-2","tag-palhacos","tag-satira","tag-teatro-de-revista"],"_links":{"self":[{"href":"https:\/\/utfpr.curitiba.br\/bibliotecadesigncenico\/index.php?rest_route=\/wp\/v2\/posts\/2025","targetHints":{"allow":["GET"]}}],"collection":[{"href":"https:\/\/utfpr.curitiba.br\/bibliotecadesigncenico\/index.php?rest_route=\/wp\/v2\/posts"}],"about":[{"href":"https:\/\/utfpr.curitiba.br\/bibliotecadesigncenico\/index.php?rest_route=\/wp\/v2\/types\/post"}],"author":[{"embeddable":true,"href":"https:\/\/utfpr.curitiba.br\/bibliotecadesigncenico\/index.php?rest_route=\/wp\/v2\/users\/4"}],"replies":[{"embeddable":true,"href":"https:\/\/utfpr.curitiba.br\/bibliotecadesigncenico\/index.php?rest_route=%2Fwp%2Fv2%2Fcomments&post=2025"}],"version-history":[{"count":7,"href":"https:\/\/utfpr.curitiba.br\/bibliotecadesigncenico\/index.php?rest_route=\/wp\/v2\/posts\/2025\/revisions"}],"predecessor-version":[{"id":2592,"href":"https:\/\/utfpr.curitiba.br\/bibliotecadesigncenico\/index.php?rest_route=\/wp\/v2\/posts\/2025\/revisions\/2592"}],"wp:attachment":[{"href":"https:\/\/utfpr.curitiba.br\/bibliotecadesigncenico\/index.php?rest_route=%2Fwp%2Fv2%2Fmedia&parent=2025"}],"wp:term":[{"taxonomy":"category","embeddable":true,"href":"https:\/\/utfpr.curitiba.br\/bibliotecadesigncenico\/index.php?rest_route=%2Fwp%2Fv2%2Fcategories&post=2025"},{"taxonomy":"post_tag","embeddable":true,"href":"https:\/\/utfpr.curitiba.br\/bibliotecadesigncenico\/index.php?rest_route=%2Fwp%2Fv2%2Ftags&post=2025"}],"curies":[{"name":"wp","href":"https:\/\/api.w.org\/{rel}","templated":true}]}}