{"id":1994,"date":"2021-07-05T16:49:52","date_gmt":"2021-07-05T19:49:52","guid":{"rendered":"https:\/\/bibliotecadesigncenico.ct.utfpr.edu.br\/?p=1994"},"modified":"2023-12-14T17:35:28","modified_gmt":"2023-12-14T20:35:28","slug":"o-traje-de-cena-como-documento-estudo-de-casos-de-acervos-da-cidade-de-sao-paulo","status":"publish","type":"post","link":"https:\/\/utfpr.curitiba.br\/bibliotecadesigncenico\/?p=1994","title":{"rendered":"O traje de cena como documento: estudo de casos de acervos da cidade de S\u00e3o Paulo"},"content":{"rendered":"\t\t<div data-elementor-type=\"wp-post\" data-elementor-id=\"1994\" class=\"elementor elementor-1994\">\n\t\t\t\t\t\t<section class=\"elementor-section elementor-top-section elementor-element elementor-element-86c7013 elementor-section-boxed elementor-section-height-default elementor-section-height-default\" data-id=\"86c7013\" data-element_type=\"section\" data-e-type=\"section\">\n\t\t\t\t\t\t<div class=\"elementor-container elementor-column-gap-default\">\n\t\t\t\t\t<div class=\"elementor-column elementor-col-100 elementor-top-column elementor-element elementor-element-6668d24\" data-id=\"6668d24\" data-element_type=\"column\" data-e-type=\"column\">\n\t\t\t<div class=\"elementor-widget-wrap elementor-element-populated\">\n\t\t\t\t\t\t<div class=\"elementor-element elementor-element-740d9f2 elementor-widget elementor-widget-text-editor\" data-id=\"740d9f2\" data-element_type=\"widget\" data-e-type=\"widget\" data-widget_type=\"text-editor.default\">\n\t\t\t\t<div class=\"elementor-widget-container\">\n\t\t\t\t\t\t\t\t\t<p>CALLAS, Marcello Girotti.\u00a0<strong>O traje de cena como documento: estudo de casos de acervos da cidade de S\u00e3o Paulo.\u00a0<\/strong>Disserta\u00e7\u00e3o (Mestrado em Teoria e Pr\u00e1tica do Teatro) &#8211; Universidade de S\u00e3o Paulo, 2012.<\/p><p><strong>Palavras-chave:<\/strong> acervos, figurino, mem\u00f3ria, Teatro Laborat\u00f3rio CAC\/EAD, Teatro L\u00edrico de Equipe, Teatro Popular do Sesi, traje de cena.<\/p><p><strong>Resumo:<\/strong> Os trajes de cena estudados nesta pesquisa apresentam-se como elementos potenciais para a preserva\u00e7\u00e3o da Mem\u00f3ria do Teatro Brasileiro, especificamente do Teatro Paulistano. Busca-se demonstrar que cada traje pode ser pe\u00e7a fundamental na reconstru\u00e7\u00e3o de um espet\u00e1culo, o que permite tra\u00e7ar o percurso da Hist\u00f3ria do Teatro. Cada traje de cena cria elementos materiais que podem constituir formas relativamente aut\u00f4nomas de arte, que se apresentam como ferramentas para a preserva\u00e7\u00e3o da arte teatral e de seu car\u00e1ter reconhecidamente ef\u00eamero. O foco de pesquisa \u00e9 documentar a mem\u00f3ria dos trajes de cena que comp\u00f5em o figurino teatral, enquanto parte constituinte da encena\u00e7\u00e3o. Busca-se discutir a potencialidade de mem\u00f3ria e comunica\u00e7\u00e3o dos trajes de cena de um recorte do teatro paulistano, demonstrando como o registro documental contribui para a constru\u00e7\u00e3o da Hist\u00f3ria do Teatro Brasileiro. S\u00e3o abordados os seguintes acervos: o conjunto de trajes do Teatro L\u00edrico de Equipe; amostra do conjunto de trajes do acervo CAC\/EAD e o conjunto de trajes do Teatro Popular do Sesi-SP.<\/p><p><a href=\"https:\/\/teses.usp.br\/teses\/disponiveis\/27\/27156\/tde-23052013-091700\/pt-br.php\">Acesse aqui.<\/a><\/p>\t\t\t\t\t\t\t\t<\/div>\n\t\t\t\t<\/div>\n\t\t\t\t<div class=\"elementor-element elementor-element-ff5229d elementor--star-style-star_fontawesome elementor-widget elementor-widget-star-rating\" data-id=\"ff5229d\" data-element_type=\"widget\" data-e-type=\"widget\" data-widget_type=\"star-rating.default\">\n\t\t\t\t<div class=\"elementor-widget-container\">\n\t\t\t\t\t\t\t<div class=\"elementor-star-rating__wrapper\">\n\t\t\t\t\t\t<div class=\"elementor-star-rating\" itemtype=\"http:\/\/schema.org\/Rating\" itemscope=\"\" itemprop=\"reviewRating\">\n\t\t\t\t<i class=\"elementor-star-full\" aria-hidden=\"true\">&#xE934;<\/i><i class=\"elementor-star-full\" aria-hidden=\"true\">&#xE934;<\/i><i class=\"elementor-star-full\" aria-hidden=\"true\">&#xE934;<\/i><i class=\"elementor-star-full\" aria-hidden=\"true\">&#xE934;<\/i><i class=\"elementor-star-full\" aria-hidden=\"true\">&#xE934;<\/i>\t\t\t\t<span itemprop=\"ratingValue\" class=\"elementor-screen-only\">Rated 5 out of 5<\/span>\n\t\t\t<\/div>\n\t\t<\/div>\n\t\t\t\t\t\t<\/div>\n\t\t\t\t<\/div>\n\t\t\t\t\t<\/div>\n\t\t<\/div>\n\t\t\t\t\t<\/div>\n\t\t<\/section>\n\t\t\t\t<\/div>\n\t\t","protected":false},"excerpt":{"rendered":"<p>CALLAS, Marcello Girotti.\u00a0O traje de cena como documento: estudo de casos de acervos da cidade de S\u00e3o Paulo.\u00a0Disserta\u00e7\u00e3o (Mestrado em Teoria e Pr\u00e1tica do Teatro) &#8211; Universidade de S\u00e3o Paulo, 2012. Palavras-chave: acervos, figurino, mem\u00f3ria, Teatro Laborat\u00f3rio CAC\/EAD, Teatro L\u00edrico &hellip; <a href=\"https:\/\/utfpr.curitiba.br\/bibliotecadesigncenico\/?p=1994\">Continue lendo <span class=\"meta-nav\">&rarr;<\/span><\/a><\/p>\n","protected":false},"author":4,"featured_media":0,"comment_status":"closed","ping_status":"closed","sticky":false,"template":"","format":"standard","meta":{"footnotes":""},"categories":[4],"tags":[590,26,243,591,592,593,42],"class_list":["post-1994","post","type-post","status-publish","format-standard","hentry","category-figurino","tag-acervos","tag-figurino","tag-memoria","tag-teatro-laboratorio-cac-ead","tag-teatro-lirico-de-equipe","tag-teatro-popular-do-sesi","tag-traje-de-cena"],"_links":{"self":[{"href":"https:\/\/utfpr.curitiba.br\/bibliotecadesigncenico\/index.php?rest_route=\/wp\/v2\/posts\/1994","targetHints":{"allow":["GET"]}}],"collection":[{"href":"https:\/\/utfpr.curitiba.br\/bibliotecadesigncenico\/index.php?rest_route=\/wp\/v2\/posts"}],"about":[{"href":"https:\/\/utfpr.curitiba.br\/bibliotecadesigncenico\/index.php?rest_route=\/wp\/v2\/types\/post"}],"author":[{"embeddable":true,"href":"https:\/\/utfpr.curitiba.br\/bibliotecadesigncenico\/index.php?rest_route=\/wp\/v2\/users\/4"}],"replies":[{"embeddable":true,"href":"https:\/\/utfpr.curitiba.br\/bibliotecadesigncenico\/index.php?rest_route=%2Fwp%2Fv2%2Fcomments&post=1994"}],"version-history":[{"count":7,"href":"https:\/\/utfpr.curitiba.br\/bibliotecadesigncenico\/index.php?rest_route=\/wp\/v2\/posts\/1994\/revisions"}],"predecessor-version":[{"id":2604,"href":"https:\/\/utfpr.curitiba.br\/bibliotecadesigncenico\/index.php?rest_route=\/wp\/v2\/posts\/1994\/revisions\/2604"}],"wp:attachment":[{"href":"https:\/\/utfpr.curitiba.br\/bibliotecadesigncenico\/index.php?rest_route=%2Fwp%2Fv2%2Fmedia&parent=1994"}],"wp:term":[{"taxonomy":"category","embeddable":true,"href":"https:\/\/utfpr.curitiba.br\/bibliotecadesigncenico\/index.php?rest_route=%2Fwp%2Fv2%2Fcategories&post=1994"},{"taxonomy":"post_tag","embeddable":true,"href":"https:\/\/utfpr.curitiba.br\/bibliotecadesigncenico\/index.php?rest_route=%2Fwp%2Fv2%2Ftags&post=1994"}],"curies":[{"name":"wp","href":"https:\/\/api.w.org\/{rel}","templated":true}]}}