{"id":1905,"date":"2021-07-05T14:00:30","date_gmt":"2021-07-05T17:00:30","guid":{"rendered":"https:\/\/bibliotecadesigncenico.ct.utfpr.edu.br\/?p=1905"},"modified":"2021-07-05T14:03:40","modified_gmt":"2021-07-05T17:03:40","slug":"o-oceano-cenico-de-zoe-degani-por-uma-cenografia-plural-3","status":"publish","type":"post","link":"https:\/\/utfpr.curitiba.br\/bibliotecadesigncenico\/?p=1905","title":{"rendered":"O oceano c\u00eanico de Zo\u00e9 Degani : por uma cenografia plural"},"content":{"rendered":"\t\t<div data-elementor-type=\"wp-post\" data-elementor-id=\"1905\" class=\"elementor elementor-1905\">\n\t\t\t\t\t\t<section class=\"elementor-section elementor-top-section elementor-element elementor-element-a36c9e2 elementor-section-boxed elementor-section-height-default elementor-section-height-default\" data-id=\"a36c9e2\" data-element_type=\"section\" data-e-type=\"section\">\n\t\t\t\t\t\t<div class=\"elementor-container elementor-column-gap-default\">\n\t\t\t\t\t<div class=\"elementor-column elementor-col-100 elementor-top-column elementor-element elementor-element-8472fc7\" data-id=\"8472fc7\" data-element_type=\"column\" data-e-type=\"column\">\n\t\t\t<div class=\"elementor-widget-wrap elementor-element-populated\">\n\t\t\t\t\t\t<div class=\"elementor-element elementor-element-45605ec elementor-widget elementor-widget-text-editor\" data-id=\"45605ec\" data-element_type=\"widget\" data-e-type=\"widget\" data-widget_type=\"text-editor.default\">\n\t\t\t\t<div class=\"elementor-widget-container\">\n\t\t\t\t\t\t\t\t\t<p>GIANUCA, Lindsay Tarouco.\u00a0<strong>O oceano c\u00eanico de Zo\u00e9 Degani.\u00a0<\/strong>Disserta\u00e7\u00e3o (Mestrado em Artes C\u00eanicas) &#8211; Universidade Federal do Rio Grande do Sul, 2013.<\/p><p>Palavras-chave: Cenografia, Cria\u00e7\u00e3o art\u00edstica, Degani, Zo\u00e9, Espa\u00e7o c\u00eanico, Signos.<\/p><p>Resumo: A presente pesquisa investiga o espa\u00e7o c\u00eanico, este espa\u00e7o-tempo que \u00e9 condi\u00e7\u00e3o do acontecimento teatral. Delimitada a partir da an\u00e1lise da obra para o espa\u00e7o c\u00eanico da artista-pl\u00e1stica e cen\u00f3grafa Zo\u00e9 Degani, entre os anos de 1993 e 2012, prop\u00f5e-se uma navega\u00e7\u00e3o conceitual sobre esta pr\u00e1tica cenogr\u00e1fica. Em busca do conceito impl\u00edcito marcado pela plasticidade de cada objeto\/quadro destacado, investiga-se como o trabalho da artista interv\u00e9m na cena teatral: compondo com os demais elementos c\u00eanicos a cada nova montagem, a partir da dramaturgia ou para supri-la do que n\u00e3o pode dizer; na dan\u00e7a: sendo outra linguagem inserida na efemeridade do feito c\u00eanico, ou ampliando as possibilidades de leitura e viv\u00eancia das encena\u00e7\u00f5es. Para tal, o estudo apoia-se sobre as considera\u00e7\u00f5es de Tadeusz Kantor, Antonin Artaud e Gilles Deleuze, al\u00e9m de outras contribui\u00e7\u00f5es sobre o espa\u00e7o das artes c\u00eanicas, a semiologia teatral, a qualidade autoral e os processos de cria\u00e7\u00e3o em arte; contempla ainda depoimentos da artista pesquisada bem como de alguns de seus pares. Observa-se de que forma a qualidade pl\u00e1stica pode incidir em determinadas cenas, procurando entender como a manipula\u00e7\u00e3o do espa\u00e7o c\u00eanico e dos signos visuais que o habitam pode alterar o destino de uma obra. As rela\u00e7\u00f5es significantes e sens\u00edveis est\u00e3o ressaltadas, o foco volta-se para a cenografia das encena\u00e7\u00f5es a partir de uma pr\u00e1tica que acopla vida e obra, de cen\u00e1rios que pluralizam as possibilidades do exerc\u00edcio c\u00eanico.\u00a0<\/p><p>Link:\u00a0<a href=\"https:\/\/lume.ufrgs.br\/handle\/10183\/77888\">https:\/\/lume.ufrgs.br\/handle\/10183\/77888<\/a><\/p>\t\t\t\t\t\t\t\t<\/div>\n\t\t\t\t<\/div>\n\t\t\t\t<div class=\"elementor-element elementor-element-185213b elementor--star-style-star_fontawesome elementor-widget elementor-widget-star-rating\" data-id=\"185213b\" data-element_type=\"widget\" data-e-type=\"widget\" data-widget_type=\"star-rating.default\">\n\t\t\t\t<div class=\"elementor-widget-container\">\n\t\t\t\t\t\t\t<div class=\"elementor-star-rating__wrapper\">\n\t\t\t\t\t\t<div class=\"elementor-star-rating\" itemtype=\"http:\/\/schema.org\/Rating\" itemscope=\"\" itemprop=\"reviewRating\">\n\t\t\t\t<i class=\"elementor-star-full\" aria-hidden=\"true\">&#xE934;<\/i><i class=\"elementor-star-full\" aria-hidden=\"true\">&#xE934;<\/i><i class=\"elementor-star-full\" aria-hidden=\"true\">&#xE934;<\/i><i class=\"elementor-star-full\" aria-hidden=\"true\">&#xE934;<\/i><i class=\"elementor-star-full\" aria-hidden=\"true\">&#xE934;<\/i>\t\t\t\t<span itemprop=\"ratingValue\" class=\"elementor-screen-only\">Rated 5 out of 5<\/span>\n\t\t\t<\/div>\n\t\t<\/div>\n\t\t\t\t\t\t<\/div>\n\t\t\t\t<\/div>\n\t\t\t\t\t<\/div>\n\t\t<\/div>\n\t\t\t\t\t<\/div>\n\t\t<\/section>\n\t\t\t\t<\/div>\n\t\t","protected":false},"excerpt":{"rendered":"<p>GIANUCA, Lindsay Tarouco.\u00a0O oceano c\u00eanico de Zo\u00e9 Degani.\u00a0Disserta\u00e7\u00e3o (Mestrado em Artes C\u00eanicas) &#8211; Universidade Federal do Rio Grande do Sul, 2013. Palavras-chave: Cenografia, Cria\u00e7\u00e3o art\u00edstica, Degani, Zo\u00e9, Espa\u00e7o c\u00eanico, Signos. Resumo: A presente pesquisa investiga o espa\u00e7o c\u00eanico, este espa\u00e7o-tempo &hellip; <a href=\"https:\/\/utfpr.curitiba.br\/bibliotecadesigncenico\/?p=1905\">Continue lendo <span class=\"meta-nav\">&rarr;<\/span><\/a><\/p>\n","protected":false},"author":4,"featured_media":0,"comment_status":"closed","ping_status":"","sticky":false,"template":"","format":"standard","meta":{"footnotes":""},"categories":[3],"tags":[20,39,564,38,40,565],"class_list":["post-1905","post","type-post","status-publish","format-standard","hentry","category-cenografia","tag-cenografia","tag-criacao-artistica","tag-degani","tag-espaco-cenico","tag-signos","tag-zoe"],"_links":{"self":[{"href":"https:\/\/utfpr.curitiba.br\/bibliotecadesigncenico\/index.php?rest_route=\/wp\/v2\/posts\/1905","targetHints":{"allow":["GET"]}}],"collection":[{"href":"https:\/\/utfpr.curitiba.br\/bibliotecadesigncenico\/index.php?rest_route=\/wp\/v2\/posts"}],"about":[{"href":"https:\/\/utfpr.curitiba.br\/bibliotecadesigncenico\/index.php?rest_route=\/wp\/v2\/types\/post"}],"author":[{"embeddable":true,"href":"https:\/\/utfpr.curitiba.br\/bibliotecadesigncenico\/index.php?rest_route=\/wp\/v2\/users\/4"}],"replies":[{"embeddable":true,"href":"https:\/\/utfpr.curitiba.br\/bibliotecadesigncenico\/index.php?rest_route=%2Fwp%2Fv2%2Fcomments&post=1905"}],"version-history":[{"count":4,"href":"https:\/\/utfpr.curitiba.br\/bibliotecadesigncenico\/index.php?rest_route=\/wp\/v2\/posts\/1905\/revisions"}],"predecessor-version":[{"id":1909,"href":"https:\/\/utfpr.curitiba.br\/bibliotecadesigncenico\/index.php?rest_route=\/wp\/v2\/posts\/1905\/revisions\/1909"}],"wp:attachment":[{"href":"https:\/\/utfpr.curitiba.br\/bibliotecadesigncenico\/index.php?rest_route=%2Fwp%2Fv2%2Fmedia&parent=1905"}],"wp:term":[{"taxonomy":"category","embeddable":true,"href":"https:\/\/utfpr.curitiba.br\/bibliotecadesigncenico\/index.php?rest_route=%2Fwp%2Fv2%2Fcategories&post=1905"},{"taxonomy":"post_tag","embeddable":true,"href":"https:\/\/utfpr.curitiba.br\/bibliotecadesigncenico\/index.php?rest_route=%2Fwp%2Fv2%2Ftags&post=1905"}],"curies":[{"name":"wp","href":"https:\/\/api.w.org\/{rel}","templated":true}]}}