{"id":1900,"date":"2021-07-05T13:56:32","date_gmt":"2021-07-05T16:56:32","guid":{"rendered":"https:\/\/bibliotecadesigncenico.ct.utfpr.edu.br\/?p=1900"},"modified":"2021-07-05T13:58:41","modified_gmt":"2021-07-05T16:58:41","slug":"extrapolacao-dos-limites-arquitetura-e-espaco-cenico-revolucionario","status":"publish","type":"post","link":"https:\/\/utfpr.curitiba.br\/bibliotecadesigncenico\/?p=1900","title":{"rendered":"Extrapola\u00e7\u00e3o dos limites. Arquitetura e espa\u00e7o c\u00eanico revolucion\u00e1rio"},"content":{"rendered":"\t\t<div data-elementor-type=\"wp-post\" data-elementor-id=\"1900\" class=\"elementor elementor-1900\">\n\t\t\t\t\t\t<section class=\"elementor-section elementor-top-section elementor-element elementor-element-c6f54e1 elementor-section-boxed elementor-section-height-default elementor-section-height-default\" data-id=\"c6f54e1\" data-element_type=\"section\" data-e-type=\"section\">\n\t\t\t\t\t\t<div class=\"elementor-container elementor-column-gap-default\">\n\t\t\t\t\t<div class=\"elementor-column elementor-col-100 elementor-top-column elementor-element elementor-element-b05af09\" data-id=\"b05af09\" data-element_type=\"column\" data-e-type=\"column\">\n\t\t\t<div class=\"elementor-widget-wrap elementor-element-populated\">\n\t\t\t\t\t\t<div class=\"elementor-element elementor-element-26c83ca elementor-widget elementor-widget-text-editor\" data-id=\"26c83ca\" data-element_type=\"widget\" data-e-type=\"widget\" data-widget_type=\"text-editor.default\">\n\t\t\t\t<div class=\"elementor-widget-container\">\n\t\t\t\t\t\t\t\t\t<p>PINTO, Roberto Mello da Costa.\u00a0<strong>Extrapola\u00e7\u00e3o dos limites. Arquitetura e espa\u00e7o c\u00eanico revolucion\u00e1rio.\u00a0<\/strong>Tese (Doutorado em Teoria e Pr\u00e1tica do Teatro) &#8211; Universidade de S\u00e3o Paulo, 2013.<\/p><p>Palavras-chave: arquitetura moderna, inova\u00e7\u00f5es c\u00eanicas e pol\u00edtica, teatro, vanguardas art\u00edsticas.<\/p><p>Resumo: O presente estudo que se inicia nas primeiras d\u00e9cadas do s\u00e9culo XX busca analisar os movimentos e as autodenominadas vanguardas art\u00edsticas, a arquitetura do movimento moderno, a escola da Bauhaus no per\u00edodo entre Primeira e Segunda Grande Guerra, os projetos de uma arquitetura coletiva, onde os conceitos de arte e cultura est\u00e3o integrados na sociedade. Uma das pontes que une esta vanguarda europeia ao Brasil, acreditamos, seja o teatro, por meio de textos dramat\u00fargicos e encena\u00e7\u00e3o c\u00eanica de artistas que fizeram parte destas vanguardas; por meio da arquitetura e os conceitos de arte &#8211; artesanato, arte e designer. A arquiteta Lina Bo Bardi, mulher do segundo p\u00f3s-guerra, terceira gera\u00e7\u00e3o da arquitetura moderna, intelectual articulada que tem perfeita coer\u00eancia entre o objeto de arquitetura com as defesas das culturas populares e hist\u00f3ricas, atuou na cria\u00e7\u00e3o do Museu de Arte Moderna da Bahia (1959-1964) e do Teatro Oficina (1984). Atravessou o momento hist\u00f3rico do Brasil, que passou pelos desejos poss\u00edveis e, posteriormente, pela derrubada de tantos sonhos compartilhados (1958-1964). A trajet\u00f3ria neste per\u00edodo, suas rela\u00e7\u00f5es com as artes c\u00eanicas e os artistas-intelectuais participantes desta caminhada, e a posterior retomada, no ano de 1968, junto ao Teatro Oficina e seu diretor, Jos\u00e9 Celso Martinez. A hip\u00f3tese do trabalho \u00e9 da complementaridade das a\u00e7\u00f5es, op\u00e7\u00f5es est\u00e9ticas e pol\u00edticas formuladas pelos artistas envolvidos. Tenta-se aqui mostrar uma sintonia entre as vanguardas art\u00edsticas do in\u00edcio do s\u00e9culo XX e o Brasil contempor\u00e2neo, como devedor de realiza\u00e7\u00f5es que antecederam toda uma experimenta\u00e7\u00e3o est\u00e9tica e pol\u00edtica.<\/p><p>Link:\u00a0<a href=\"https:\/\/teses.usp.br\/teses\/disponiveis\/27\/27156\/tde-19092013-103543\/pt-br.php\">https:\/\/teses.usp.br\/teses\/disponiveis\/27\/27156\/tde-19092013-103543\/pt-br.php<\/a><\/p>\t\t\t\t\t\t\t\t<\/div>\n\t\t\t\t<\/div>\n\t\t\t\t<div class=\"elementor-element elementor-element-f96244d elementor--star-style-star_fontawesome elementor-widget elementor-widget-star-rating\" data-id=\"f96244d\" data-element_type=\"widget\" data-e-type=\"widget\" data-widget_type=\"star-rating.default\">\n\t\t\t\t<div class=\"elementor-widget-container\">\n\t\t\t\t\t\t\t<div class=\"elementor-star-rating__wrapper\">\n\t\t\t\t\t\t<div class=\"elementor-star-rating\" itemtype=\"http:\/\/schema.org\/Rating\" itemscope=\"\" itemprop=\"reviewRating\">\n\t\t\t\t<i class=\"elementor-star-full\" aria-hidden=\"true\">&#xE934;<\/i><i class=\"elementor-star-full\" aria-hidden=\"true\">&#xE934;<\/i><i class=\"elementor-star-full\" aria-hidden=\"true\">&#xE934;<\/i><i class=\"elementor-star-full\" aria-hidden=\"true\">&#xE934;<\/i><i class=\"elementor-star-full\" aria-hidden=\"true\">&#xE934;<\/i>\t\t\t\t<span itemprop=\"ratingValue\" class=\"elementor-screen-only\">Rated 5 out of 5<\/span>\n\t\t\t<\/div>\n\t\t<\/div>\n\t\t\t\t\t\t<\/div>\n\t\t\t\t<\/div>\n\t\t\t\t\t<\/div>\n\t\t<\/div>\n\t\t\t\t\t<\/div>\n\t\t<\/section>\n\t\t\t\t<\/div>\n\t\t","protected":false},"excerpt":{"rendered":"<p>PINTO, Roberto Mello da Costa.\u00a0Extrapola\u00e7\u00e3o dos limites. Arquitetura e espa\u00e7o c\u00eanico revolucion\u00e1rio.\u00a0Tese (Doutorado em Teoria e Pr\u00e1tica do Teatro) &#8211; Universidade de S\u00e3o Paulo, 2013. Palavras-chave: arquitetura moderna, inova\u00e7\u00f5es c\u00eanicas e pol\u00edtica, teatro, vanguardas art\u00edsticas. Resumo: O presente estudo que &hellip; <a href=\"https:\/\/utfpr.curitiba.br\/bibliotecadesigncenico\/?p=1900\">Continue lendo <span class=\"meta-nav\">&rarr;<\/span><\/a><\/p>\n","protected":false},"author":4,"featured_media":0,"comment_status":"closed","ping_status":"","sticky":false,"template":"","format":"standard","meta":{"footnotes":""},"categories":[2],"tags":[559,560,59,561],"class_list":["post-1900","post","type-post","status-publish","format-standard","hentry","category-arquitetura-teatral","tag-arquitetura-moderna","tag-inovacoes-cenicas-e-politica","tag-teatro","tag-vanguardas-artisticas"],"_links":{"self":[{"href":"https:\/\/utfpr.curitiba.br\/bibliotecadesigncenico\/index.php?rest_route=\/wp\/v2\/posts\/1900","targetHints":{"allow":["GET"]}}],"collection":[{"href":"https:\/\/utfpr.curitiba.br\/bibliotecadesigncenico\/index.php?rest_route=\/wp\/v2\/posts"}],"about":[{"href":"https:\/\/utfpr.curitiba.br\/bibliotecadesigncenico\/index.php?rest_route=\/wp\/v2\/types\/post"}],"author":[{"embeddable":true,"href":"https:\/\/utfpr.curitiba.br\/bibliotecadesigncenico\/index.php?rest_route=\/wp\/v2\/users\/4"}],"replies":[{"embeddable":true,"href":"https:\/\/utfpr.curitiba.br\/bibliotecadesigncenico\/index.php?rest_route=%2Fwp%2Fv2%2Fcomments&post=1900"}],"version-history":[{"count":4,"href":"https:\/\/utfpr.curitiba.br\/bibliotecadesigncenico\/index.php?rest_route=\/wp\/v2\/posts\/1900\/revisions"}],"predecessor-version":[{"id":1904,"href":"https:\/\/utfpr.curitiba.br\/bibliotecadesigncenico\/index.php?rest_route=\/wp\/v2\/posts\/1900\/revisions\/1904"}],"wp:attachment":[{"href":"https:\/\/utfpr.curitiba.br\/bibliotecadesigncenico\/index.php?rest_route=%2Fwp%2Fv2%2Fmedia&parent=1900"}],"wp:term":[{"taxonomy":"category","embeddable":true,"href":"https:\/\/utfpr.curitiba.br\/bibliotecadesigncenico\/index.php?rest_route=%2Fwp%2Fv2%2Fcategories&post=1900"},{"taxonomy":"post_tag","embeddable":true,"href":"https:\/\/utfpr.curitiba.br\/bibliotecadesigncenico\/index.php?rest_route=%2Fwp%2Fv2%2Ftags&post=1900"}],"curies":[{"name":"wp","href":"https:\/\/api.w.org\/{rel}","templated":true}]}}