{"id":1894,"date":"2021-07-05T13:53:29","date_gmt":"2021-07-05T16:53:29","guid":{"rendered":"https:\/\/bibliotecadesigncenico.ct.utfpr.edu.br\/?p=1894"},"modified":"2021-07-05T13:55:32","modified_gmt":"2021-07-05T16:55:32","slug":"encenacao-paisagem-uma-cena-que-reivindica-o-mundo-a-ceu-aberto","status":"publish","type":"post","link":"https:\/\/utfpr.curitiba.br\/bibliotecadesigncenico\/?p=1894","title":{"rendered":"Encena\u00e7\u00e3o-paisagem: uma cena que reivindica o mundo a c\u00e9u aberto"},"content":{"rendered":"\t\t<div data-elementor-type=\"wp-post\" data-elementor-id=\"1894\" class=\"elementor elementor-1894\">\n\t\t\t\t\t\t<section class=\"elementor-section elementor-top-section elementor-element elementor-element-a95bbb1 elementor-section-boxed elementor-section-height-default elementor-section-height-default\" data-id=\"a95bbb1\" data-element_type=\"section\" data-e-type=\"section\">\n\t\t\t\t\t\t<div class=\"elementor-container elementor-column-gap-default\">\n\t\t\t\t\t<div class=\"elementor-column elementor-col-100 elementor-top-column elementor-element elementor-element-8383dc9\" data-id=\"8383dc9\" data-element_type=\"column\" data-e-type=\"column\">\n\t\t\t<div class=\"elementor-widget-wrap elementor-element-populated\">\n\t\t\t\t\t\t<div class=\"elementor-element elementor-element-006b9e5 elementor-widget elementor-widget-text-editor\" data-id=\"006b9e5\" data-element_type=\"widget\" data-e-type=\"widget\" data-widget_type=\"text-editor.default\">\n\t\t\t\t<div class=\"elementor-widget-container\">\n\t\t\t\t\t\t\t\t\t<p>CARVALHO, Francis Wilker de. <strong>Encena\u00e7\u00e3o-paisagem: uma cena que reivindica o mundo a c\u00e9u aberto. <\/strong>Tese (Doutorado em Teoria e Pr\u00e1tica do Teatro) &#8211; Universidade de S\u00e3o Paulo, 2020.<\/p><p>Palavras-chave:\u00a0<\/p><p>Resumo: Cidade, Encena\u00e7\u00e3o contempor\u00e2nea, Mundo a c\u00e9u aberto, Paisagem, Viagem.<\/p><p>Resumo: A tese investiga a pr\u00e1tica da encena\u00e7\u00e3o nos espa\u00e7os abertos das cidades numa aproxima\u00e7\u00e3o do conceito de paisagem. A paisagem, tradicionalmente associada \u00e0 dimens\u00e3o do espa\u00e7o abarcada por um ponto de vista, tem mobilizado especial interesse na contemporaneidade, especialmente por possibilitar um modo de pensar a complexidade e multidimensionalidade dos fen\u00f4menos sociais do nosso tempo. A pr\u00e1tica da encena\u00e7\u00e3o contempor\u00e2nea interessada em estabelecer v\u00ednculos com o mundo a c\u00e9u aberto se configuraria como cria\u00e7\u00e3o de paisagem? O encenador que opera procedimentos composicionais com os espa\u00e7os abertos seria um criador de paisagens e um mediador do encontro sens\u00edvel entre espectador e espa\u00e7o? Visando responder a tais quest\u00f5es, realizou-se um estudo conceitual da no\u00e7\u00e3o de paisagem procurando aproxim\u00e1-lo de algumas encena\u00e7\u00f5es brasileiras como Dias felizes (1992), BR-3 (2006), Entrepartidas (2010), entre outras, com o objetivo de identificar as opera\u00e7\u00f5es construtivas presentes nessas pr\u00e1ticas. Neste percurso, examina o conceito de viagem como importante agenciador presente na pr\u00e1tica desses encenadores. Por fim, \u00e0 luz das discuss\u00f5es te\u00f3ricas e das experi\u00eancias teatrais aqui tratadas, desenvolve o conceito de encena\u00e7\u00e3o-paisagem e seus agenciamentos como a pr\u00e1tica de um encenador-ge\u00f3grafo.<\/p><p>Link:\u00a0<a href=\"https:\/\/www.teses.usp.br\/teses\/disponiveis\/27\/27156\/tde-24022021-155259\/pt-br.php\">https:\/\/www.teses.usp.br\/teses\/disponiveis\/27\/27156\/tde-24022021-155259\/pt-br.php<\/a>\u00a0<\/p>\t\t\t\t\t\t\t\t<\/div>\n\t\t\t\t<\/div>\n\t\t\t\t<div class=\"elementor-element elementor-element-cee2a69 elementor--star-style-star_fontawesome elementor-widget elementor-widget-star-rating\" data-id=\"cee2a69\" data-element_type=\"widget\" data-e-type=\"widget\" data-widget_type=\"star-rating.default\">\n\t\t\t\t<div class=\"elementor-widget-container\">\n\t\t\t\t\t\t\t<div class=\"elementor-star-rating__wrapper\">\n\t\t\t\t\t\t<div class=\"elementor-star-rating\" itemtype=\"http:\/\/schema.org\/Rating\" itemscope=\"\" itemprop=\"reviewRating\">\n\t\t\t\t<i class=\"elementor-star-full\" aria-hidden=\"true\">&#xE934;<\/i><i class=\"elementor-star-full\" aria-hidden=\"true\">&#xE934;<\/i><i class=\"elementor-star-full\" aria-hidden=\"true\">&#xE934;<\/i><i class=\"elementor-star-full\" aria-hidden=\"true\">&#xE934;<\/i><i class=\"elementor-star-full\" aria-hidden=\"true\">&#xE934;<\/i>\t\t\t\t<span itemprop=\"ratingValue\" class=\"elementor-screen-only\">Rated 5 out of 5<\/span>\n\t\t\t<\/div>\n\t\t<\/div>\n\t\t\t\t\t\t<\/div>\n\t\t\t\t<\/div>\n\t\t\t\t\t<\/div>\n\t\t<\/div>\n\t\t\t\t\t<\/div>\n\t\t<\/section>\n\t\t\t\t<\/div>\n\t\t","protected":false},"excerpt":{"rendered":"<p>CARVALHO, Francis Wilker de. Encena\u00e7\u00e3o-paisagem: uma cena que reivindica o mundo a c\u00e9u aberto. Tese (Doutorado em Teoria e Pr\u00e1tica do Teatro) &#8211; Universidade de S\u00e3o Paulo, 2020. Palavras-chave:\u00a0 Resumo: Cidade, Encena\u00e7\u00e3o contempor\u00e2nea, Mundo a c\u00e9u aberto, Paisagem, Viagem. Resumo: &hellip; <a href=\"https:\/\/utfpr.curitiba.br\/bibliotecadesigncenico\/?p=1894\">Continue lendo <span class=\"meta-nav\">&rarr;<\/span><\/a><\/p>\n","protected":false},"author":4,"featured_media":0,"comment_status":"closed","ping_status":"","sticky":false,"template":"","format":"standard","meta":{"footnotes":""},"categories":[2],"tags":[222,555,556,557,558],"class_list":["post-1894","post","type-post","status-publish","format-standard","hentry","category-arquitetura-teatral","tag-cidade","tag-encenacao-contemporanea","tag-mundo-a-ceu-aberto","tag-paisagem","tag-viagem"],"_links":{"self":[{"href":"https:\/\/utfpr.curitiba.br\/bibliotecadesigncenico\/index.php?rest_route=\/wp\/v2\/posts\/1894","targetHints":{"allow":["GET"]}}],"collection":[{"href":"https:\/\/utfpr.curitiba.br\/bibliotecadesigncenico\/index.php?rest_route=\/wp\/v2\/posts"}],"about":[{"href":"https:\/\/utfpr.curitiba.br\/bibliotecadesigncenico\/index.php?rest_route=\/wp\/v2\/types\/post"}],"author":[{"embeddable":true,"href":"https:\/\/utfpr.curitiba.br\/bibliotecadesigncenico\/index.php?rest_route=\/wp\/v2\/users\/4"}],"replies":[{"embeddable":true,"href":"https:\/\/utfpr.curitiba.br\/bibliotecadesigncenico\/index.php?rest_route=%2Fwp%2Fv2%2Fcomments&post=1894"}],"version-history":[{"count":4,"href":"https:\/\/utfpr.curitiba.br\/bibliotecadesigncenico\/index.php?rest_route=\/wp\/v2\/posts\/1894\/revisions"}],"predecessor-version":[{"id":1898,"href":"https:\/\/utfpr.curitiba.br\/bibliotecadesigncenico\/index.php?rest_route=\/wp\/v2\/posts\/1894\/revisions\/1898"}],"wp:attachment":[{"href":"https:\/\/utfpr.curitiba.br\/bibliotecadesigncenico\/index.php?rest_route=%2Fwp%2Fv2%2Fmedia&parent=1894"}],"wp:term":[{"taxonomy":"category","embeddable":true,"href":"https:\/\/utfpr.curitiba.br\/bibliotecadesigncenico\/index.php?rest_route=%2Fwp%2Fv2%2Fcategories&post=1894"},{"taxonomy":"post_tag","embeddable":true,"href":"https:\/\/utfpr.curitiba.br\/bibliotecadesigncenico\/index.php?rest_route=%2Fwp%2Fv2%2Ftags&post=1894"}],"curies":[{"name":"wp","href":"https:\/\/api.w.org\/{rel}","templated":true}]}}