{"id":1889,"date":"2021-07-05T13:49:52","date_gmt":"2021-07-05T16:49:52","guid":{"rendered":"https:\/\/bibliotecadesigncenico.ct.utfpr.edu.br\/?p=1889"},"modified":"2021-07-05T13:51:51","modified_gmt":"2021-07-05T16:51:51","slug":"intervencao-urbana-sao-paulo-1978-1982-o-espaco-da-cidade-e-os-coletivos-de-arte-independente-viajou-sem-passaporte-e-3nos3","status":"publish","type":"post","link":"https:\/\/utfpr.curitiba.br\/bibliotecadesigncenico\/?p=1889","title":{"rendered":"Interven\u00e7\u00e3o urbana, S\u00e3o Paulo (1978-1982): o espa\u00e7o da cidade e os coletivos de arte independente. Viajou sem passaporte e 3N\u00f3s3"},"content":{"rendered":"\t\t<div data-elementor-type=\"wp-post\" data-elementor-id=\"1889\" class=\"elementor elementor-1889\">\n\t\t\t\t\t\t<section class=\"elementor-section elementor-top-section elementor-element elementor-element-3e64058 elementor-section-boxed elementor-section-height-default elementor-section-height-default\" data-id=\"3e64058\" data-element_type=\"section\" data-e-type=\"section\">\n\t\t\t\t\t\t<div class=\"elementor-container elementor-column-gap-default\">\n\t\t\t\t\t<div class=\"elementor-column elementor-col-100 elementor-top-column elementor-element elementor-element-86d448f\" data-id=\"86d448f\" data-element_type=\"column\" data-e-type=\"column\">\n\t\t\t<div class=\"elementor-widget-wrap elementor-element-populated\">\n\t\t\t\t\t\t<div class=\"elementor-element elementor-element-43f47ff elementor-widget elementor-widget-text-editor\" data-id=\"43f47ff\" data-element_type=\"widget\" data-e-type=\"widget\" data-widget_type=\"text-editor.default\">\n\t\t\t\t<div class=\"elementor-widget-container\">\n\t\t\t\t\t\t\t\t\t<p>BERTUCCI, Patr\u00edcia Morales. <strong>Interven\u00e7\u00e3o urbana, S\u00e3o Paulo (1978-1982): o espa\u00e7o da cidade e os coletivos de arte independente. Viajou sem passaporte e 3N\u00f3s3.\u00a0<\/strong>Disserta\u00e7\u00e3o (Mestrado em Teoria e Pr\u00e1tica do Teatro) &#8211; Universidade de S\u00e3o Paulo, 2015.<\/p><p>Resumo: Este trabalho trata das interven\u00e7\u00f5es urbanas dos coletivos de arte independente como contraposi\u00e7\u00e3o ao espa\u00e7o produzido na cidade de S\u00e3o Paulo durante os anos da ditadura militar (1964-1985); com foco nos grupos Viajou Sem Passaporte e 3N\u00f3s3, em atua\u00e7\u00e3o da segunda metade da d\u00e9cada de 1970 \u00e0 primeira metade da d\u00e9cada de 1980. Para tanto, suas interven\u00e7\u00f5es s\u00e3o consideradas como disrup\u00e7\u00f5es est\u00e9tico-pol\u00edticas, capazes de provocar desvios e inspirar outras formas de vida cotidiana, durante um importante momento de transi\u00e7\u00e3o pol\u00edtica: de um regime militar para a democracia.<\/p><p>Link:\u00a0<a href=\"https:\/\/teses.usp.br\/teses\/disponiveis\/27\/27156\/tde-14012016-104059\/pt-br.php\">https:\/\/teses.usp.br\/teses\/disponiveis\/27\/27156\/tde-14012016-104059\/pt-br.php<\/a><\/p>\t\t\t\t\t\t\t\t<\/div>\n\t\t\t\t<\/div>\n\t\t\t\t<div class=\"elementor-element elementor-element-eb0a945 elementor--star-style-star_fontawesome elementor-widget elementor-widget-star-rating\" data-id=\"eb0a945\" data-element_type=\"widget\" data-e-type=\"widget\" data-widget_type=\"star-rating.default\">\n\t\t\t\t<div class=\"elementor-widget-container\">\n\t\t\t\t\t\t\t<div class=\"elementor-star-rating__wrapper\">\n\t\t\t\t\t\t<div class=\"elementor-star-rating\" itemtype=\"http:\/\/schema.org\/Rating\" itemscope=\"\" itemprop=\"reviewRating\">\n\t\t\t\t<i class=\"elementor-star-full\" aria-hidden=\"true\">&#xE934;<\/i><i class=\"elementor-star-full\" aria-hidden=\"true\">&#xE934;<\/i><i class=\"elementor-star-full\" aria-hidden=\"true\">&#xE934;<\/i><i class=\"elementor-star-full\" aria-hidden=\"true\">&#xE934;<\/i><i class=\"elementor-star-full\" aria-hidden=\"true\">&#xE934;<\/i>\t\t\t\t<span itemprop=\"ratingValue\" class=\"elementor-screen-only\">Rated 5 out of 5<\/span>\n\t\t\t<\/div>\n\t\t<\/div>\n\t\t\t\t\t\t<\/div>\n\t\t\t\t<\/div>\n\t\t\t\t\t<\/div>\n\t\t<\/div>\n\t\t\t\t\t<\/div>\n\t\t<\/section>\n\t\t\t\t<\/div>\n\t\t","protected":false},"excerpt":{"rendered":"<p>BERTUCCI, Patr\u00edcia Morales. Interven\u00e7\u00e3o urbana, S\u00e3o Paulo (1978-1982): o espa\u00e7o da cidade e os coletivos de arte independente. Viajou sem passaporte e 3N\u00f3s3.\u00a0Disserta\u00e7\u00e3o (Mestrado em Teoria e Pr\u00e1tica do Teatro) &#8211; Universidade de S\u00e3o Paulo, 2015. Resumo: Este trabalho trata &hellip; <a href=\"https:\/\/utfpr.curitiba.br\/bibliotecadesigncenico\/?p=1889\">Continue lendo <span class=\"meta-nav\">&rarr;<\/span><\/a><\/p>\n","protected":false},"author":4,"featured_media":0,"comment_status":"closed","ping_status":"","sticky":false,"template":"","format":"standard","meta":{"footnotes":""},"categories":[10],"tags":[],"class_list":["post-1889","post","type-post","status-publish","format-standard","hentry","category-diversos"],"_links":{"self":[{"href":"https:\/\/utfpr.curitiba.br\/bibliotecadesigncenico\/index.php?rest_route=\/wp\/v2\/posts\/1889","targetHints":{"allow":["GET"]}}],"collection":[{"href":"https:\/\/utfpr.curitiba.br\/bibliotecadesigncenico\/index.php?rest_route=\/wp\/v2\/posts"}],"about":[{"href":"https:\/\/utfpr.curitiba.br\/bibliotecadesigncenico\/index.php?rest_route=\/wp\/v2\/types\/post"}],"author":[{"embeddable":true,"href":"https:\/\/utfpr.curitiba.br\/bibliotecadesigncenico\/index.php?rest_route=\/wp\/v2\/users\/4"}],"replies":[{"embeddable":true,"href":"https:\/\/utfpr.curitiba.br\/bibliotecadesigncenico\/index.php?rest_route=%2Fwp%2Fv2%2Fcomments&post=1889"}],"version-history":[{"count":4,"href":"https:\/\/utfpr.curitiba.br\/bibliotecadesigncenico\/index.php?rest_route=\/wp\/v2\/posts\/1889\/revisions"}],"predecessor-version":[{"id":1893,"href":"https:\/\/utfpr.curitiba.br\/bibliotecadesigncenico\/index.php?rest_route=\/wp\/v2\/posts\/1889\/revisions\/1893"}],"wp:attachment":[{"href":"https:\/\/utfpr.curitiba.br\/bibliotecadesigncenico\/index.php?rest_route=%2Fwp%2Fv2%2Fmedia&parent=1889"}],"wp:term":[{"taxonomy":"category","embeddable":true,"href":"https:\/\/utfpr.curitiba.br\/bibliotecadesigncenico\/index.php?rest_route=%2Fwp%2Fv2%2Fcategories&post=1889"},{"taxonomy":"post_tag","embeddable":true,"href":"https:\/\/utfpr.curitiba.br\/bibliotecadesigncenico\/index.php?rest_route=%2Fwp%2Fv2%2Ftags&post=1889"}],"curies":[{"name":"wp","href":"https:\/\/api.w.org\/{rel}","templated":true}]}}