{"id":1837,"date":"2021-07-05T13:09:41","date_gmt":"2021-07-05T16:09:41","guid":{"rendered":"https:\/\/bibliotecadesigncenico.ct.utfpr.edu.br\/?p=1837"},"modified":"2021-07-05T13:12:04","modified_gmt":"2021-07-05T16:12:04","slug":"espaco-em-movimento-cenografia-e-circo","status":"publish","type":"post","link":"https:\/\/utfpr.curitiba.br\/bibliotecadesigncenico\/?p=1837","title":{"rendered":"Espa\u00e7o em movimento: cenografia e circo"},"content":{"rendered":"\t\t<div data-elementor-type=\"wp-post\" data-elementor-id=\"1837\" class=\"elementor elementor-1837\">\n\t\t\t\t\t\t<section class=\"elementor-section elementor-top-section elementor-element elementor-element-c7869ce elementor-section-boxed elementor-section-height-default elementor-section-height-default\" data-id=\"c7869ce\" data-element_type=\"section\" data-e-type=\"section\">\n\t\t\t\t\t\t<div class=\"elementor-container elementor-column-gap-default\">\n\t\t\t\t\t<div class=\"elementor-column elementor-col-100 elementor-top-column elementor-element elementor-element-2fbd00c\" data-id=\"2fbd00c\" data-element_type=\"column\" data-e-type=\"column\">\n\t\t\t<div class=\"elementor-widget-wrap elementor-element-populated\">\n\t\t\t\t\t\t<div class=\"elementor-element elementor-element-a861648 elementor-widget elementor-widget-text-editor\" data-id=\"a861648\" data-element_type=\"widget\" data-e-type=\"widget\" data-widget_type=\"text-editor.default\">\n\t\t\t\t<div class=\"elementor-widget-container\">\n\t\t\t\t\t\t\t\t\t<p>EVRARD, Beatriz.\u00a0<strong>Espa\u00e7o em movimento: cenografia e circo.\u00a0<\/strong>Disserta\u00e7\u00e3o (Mestrado em Teoria e Pr\u00e1tica do Teatro) &#8211; Universidade de S\u00e3o Paulo, 2017.<\/p><p>Palavras-chave: Artes do circo, Cenografia, Espa\u00e7o da cena, Movimento, Suspens\u00e3o.<\/p><p>Resumo: Este trabalho investiga o espa\u00e7o da cena onde h\u00e1 a presen\u00e7a de elementos a\u00e9reos do circo e ilustra, por meio da trajet\u00f3ria e das cria\u00e7\u00f5es de uma das primeiras companhias c\u00eanicas circenses na cidade de S\u00e3o Paulo, o que \u00e9 um espa\u00e7o em movimento. Um breve resgate da hist\u00f3ria das artes do circo, com \u00eanfase na suspens\u00e3o dos corpos e nas acrobacias a\u00e9reas, \u00e9 desenvolvido para abordar as quest\u00f5es sobre os desenhos e formas espec\u00edficas e circenses de habitar o espa\u00e7o da cena. Uma escritura no espa\u00e7o tridimensional, que \u00e9 constantemente modificada pela rela\u00e7\u00e3o do movimento dos corpos no ar, \u00e9 exemplificada atrav\u00e9s do hist\u00f3rico da Companhia C\u00eanica Nau de \u00cdcaros. Um olhar \u00edntimo da pesquisadora, a imers\u00e3o em diversos espet\u00e1culos dessa Companhia e a g\u00eanese do espet\u00e1culo Tirando os p\u00e9s do ch\u00e3o descrevem uma forma peculiar de ocupar a cena e desvendam os caminhos de um espa\u00e7o da cena que sofre influ\u00eancia direta do movimento gerado pelos atores-performers e pela cenografia espec\u00edfica circense.<\/p><p>Link:\u00a0<a href=\"https:\/\/teses.usp.br\/teses\/disponiveis\/27\/27156\/tde-30052017-114818\/pt-br.php\">https:\/\/teses.usp.br\/teses\/disponiveis\/27\/27156\/tde-30052017-114818\/pt-br.php<\/a><\/p>\t\t\t\t\t\t\t\t<\/div>\n\t\t\t\t<\/div>\n\t\t\t\t<div class=\"elementor-element elementor-element-b0b7f46 elementor--star-style-star_fontawesome elementor-widget elementor-widget-star-rating\" data-id=\"b0b7f46\" data-element_type=\"widget\" data-e-type=\"widget\" data-widget_type=\"star-rating.default\">\n\t\t\t\t<div class=\"elementor-widget-container\">\n\t\t\t\t\t\t\t<div class=\"elementor-star-rating__wrapper\">\n\t\t\t\t\t\t<div class=\"elementor-star-rating\" itemtype=\"http:\/\/schema.org\/Rating\" itemscope=\"\" itemprop=\"reviewRating\">\n\t\t\t\t<i class=\"elementor-star-full\" aria-hidden=\"true\">&#xE934;<\/i><i class=\"elementor-star-full\" aria-hidden=\"true\">&#xE934;<\/i><i class=\"elementor-star-full\" aria-hidden=\"true\">&#xE934;<\/i><i class=\"elementor-star-full\" aria-hidden=\"true\">&#xE934;<\/i><i class=\"elementor-star-full\" aria-hidden=\"true\">&#xE934;<\/i>\t\t\t\t<span itemprop=\"ratingValue\" class=\"elementor-screen-only\">Rated 5 out of 5<\/span>\n\t\t\t<\/div>\n\t\t<\/div>\n\t\t\t\t\t\t<\/div>\n\t\t\t\t<\/div>\n\t\t\t\t\t<\/div>\n\t\t<\/div>\n\t\t\t\t\t<\/div>\n\t\t<\/section>\n\t\t\t\t<\/div>\n\t\t","protected":false},"excerpt":{"rendered":"<p>EVRARD, Beatriz.\u00a0Espa\u00e7o em movimento: cenografia e circo.\u00a0Disserta\u00e7\u00e3o (Mestrado em Teoria e Pr\u00e1tica do Teatro) &#8211; Universidade de S\u00e3o Paulo, 2017. Palavras-chave: Artes do circo, Cenografia, Espa\u00e7o da cena, Movimento, Suspens\u00e3o. Resumo: Este trabalho investiga o espa\u00e7o da cena onde h\u00e1 &hellip; <a href=\"https:\/\/utfpr.curitiba.br\/bibliotecadesigncenico\/?p=1837\">Continue lendo <span class=\"meta-nav\">&rarr;<\/span><\/a><\/p>\n","protected":false},"author":4,"featured_media":0,"comment_status":"closed","ping_status":"","sticky":false,"template":"","format":"standard","meta":{"footnotes":""},"categories":[3],"tags":[534,20,535,536,537],"class_list":["post-1837","post","type-post","status-publish","format-standard","hentry","category-cenografia","tag-artes-do-circo","tag-cenografia","tag-espaco-da-cena","tag-movimento","tag-suspensao"],"_links":{"self":[{"href":"https:\/\/utfpr.curitiba.br\/bibliotecadesigncenico\/index.php?rest_route=\/wp\/v2\/posts\/1837","targetHints":{"allow":["GET"]}}],"collection":[{"href":"https:\/\/utfpr.curitiba.br\/bibliotecadesigncenico\/index.php?rest_route=\/wp\/v2\/posts"}],"about":[{"href":"https:\/\/utfpr.curitiba.br\/bibliotecadesigncenico\/index.php?rest_route=\/wp\/v2\/types\/post"}],"author":[{"embeddable":true,"href":"https:\/\/utfpr.curitiba.br\/bibliotecadesigncenico\/index.php?rest_route=\/wp\/v2\/users\/4"}],"replies":[{"embeddable":true,"href":"https:\/\/utfpr.curitiba.br\/bibliotecadesigncenico\/index.php?rest_route=%2Fwp%2Fv2%2Fcomments&post=1837"}],"version-history":[{"count":4,"href":"https:\/\/utfpr.curitiba.br\/bibliotecadesigncenico\/index.php?rest_route=\/wp\/v2\/posts\/1837\/revisions"}],"predecessor-version":[{"id":1841,"href":"https:\/\/utfpr.curitiba.br\/bibliotecadesigncenico\/index.php?rest_route=\/wp\/v2\/posts\/1837\/revisions\/1841"}],"wp:attachment":[{"href":"https:\/\/utfpr.curitiba.br\/bibliotecadesigncenico\/index.php?rest_route=%2Fwp%2Fv2%2Fmedia&parent=1837"}],"wp:term":[{"taxonomy":"category","embeddable":true,"href":"https:\/\/utfpr.curitiba.br\/bibliotecadesigncenico\/index.php?rest_route=%2Fwp%2Fv2%2Fcategories&post=1837"},{"taxonomy":"post_tag","embeddable":true,"href":"https:\/\/utfpr.curitiba.br\/bibliotecadesigncenico\/index.php?rest_route=%2Fwp%2Fv2%2Ftags&post=1837"}],"curies":[{"name":"wp","href":"https:\/\/api.w.org\/{rel}","templated":true}]}}