{"id":1825,"date":"2021-07-05T12:58:41","date_gmt":"2021-07-05T15:58:41","guid":{"rendered":"https:\/\/bibliotecadesigncenico.ct.utfpr.edu.br\/?p=1825"},"modified":"2021-07-05T13:03:33","modified_gmt":"2021-07-05T16:03:33","slug":"presepio-napolitano-do-museu-de-arte-sacra-de-sao-paulo-e-de-colecoes-internacionais-cenografia-e-expografia-2","status":"publish","type":"post","link":"https:\/\/utfpr.curitiba.br\/bibliotecadesigncenico\/?p=1825","title":{"rendered":"Pres\u00e9pio Napolitano do Museu de Arte Sacra de S\u00e3o Paulo e de cole\u00e7\u00f5es internacionais : cenografia e expografia"},"content":{"rendered":"\t\t<div data-elementor-type=\"wp-post\" data-elementor-id=\"1825\" class=\"elementor elementor-1825\">\n\t\t\t\t\t\t<section class=\"elementor-section elementor-top-section elementor-element elementor-element-0a24d07 elementor-section-boxed elementor-section-height-default elementor-section-height-default\" data-id=\"0a24d07\" data-element_type=\"section\" data-e-type=\"section\">\n\t\t\t\t\t\t<div class=\"elementor-container elementor-column-gap-default\">\n\t\t\t\t\t<div class=\"elementor-column elementor-col-100 elementor-top-column elementor-element elementor-element-bb5f6a7\" data-id=\"bb5f6a7\" data-element_type=\"column\" data-e-type=\"column\">\n\t\t\t<div class=\"elementor-widget-wrap elementor-element-populated\">\n\t\t\t\t\t\t<div class=\"elementor-element elementor-element-6ad049b elementor-widget elementor-widget-text-editor\" data-id=\"6ad049b\" data-element_type=\"widget\" data-e-type=\"widget\" data-widget_type=\"text-editor.default\">\n\t\t\t\t<div class=\"elementor-widget-container\">\n\t\t\t\t\t\t\t\t\t<p>AMBROSIO, Eliana Ribeiro.\u00a0<strong>Pres\u00e9pio Napolitano do Museu de Arte Sacra de S\u00e3o Paulo e de cole\u00e7\u00f5es internacionais : cenografia e expografia.\u00a0<\/strong>Tese (Doutorado em Hist\u00f3ria) &#8211; Universidade Estadual de Campinas, 2018.<\/p><p>Palavras-chave: Museu de Arte Sacra de S\u00e3o Paulo, Presepios &#8211; S\u00e3o Paulo (Estado), \u00a0Arte sacra &#8211; S\u00e3o Paulo (Estado), Cenografia.<\/p><p>Resumo: A pesquisa partiu da an\u00e1lise documental do Pres\u00e9pio Napolitano pertencente ao Museu de Arte Sacra de S\u00e3o para estudar as quest\u00f5es cenogr\u00e1ficas envolvidas nesta tipologia presepial. Inicialmente, foi realizada uma revis\u00e3o dos aspectos abordados na disserta\u00e7\u00e3o de mestrado intitulada Pres\u00e9pio Napolitano do Museu de Arte Sacra de S\u00e3o Paulo: percurso metodol\u00f3gico para a elabora\u00e7\u00e3o de um invent\u00e1rio cient\u00edfico, a qual contribuiu para o levantamento hist\u00f3rico da cria\u00e7\u00e3o do Museu dos Pres\u00e9pios em S\u00e3o Paulo. A partir da problem\u00e1tica da exibi\u00e7\u00e3o dos n\u00facleos presepiais, a tese revisa a bibliografia sobre a tradi\u00e7\u00e3o napolitana e se ocupa das quest\u00f5es cenogr\u00e1ficas dos conjuntos napolitanos, de seus personagens caracter\u00edsticos e de seus grupos c\u00eanicos para discutir as mudan\u00e7as de gosto expogr\u00e1fico ao longo dos s\u00e9culos. Ademais, o estudo abarca compara\u00e7\u00f5es de solu\u00e7\u00f5es c\u00eanicas entre os n\u00facleos napolitanos e outras tipologias presepiais, bem como as solu\u00e7\u00f5es expografia nos diversos centros mundiais que possuem cole\u00e7\u00f5es napolitanas. Assim, uma das contribui\u00e7\u00f5es da tese \u00e9 avalia\u00e7\u00e3o das condi\u00e7\u00f5es atuais das cenografias existente nessas colo\u00e7\u00f5es e o levantamento das motiva\u00e7\u00f5es de suas escolhas museogr\u00e1ficas.<\/p><p>Link:\u00a0<a href=\"http:\/\/repositorio.unicamp.br\/handle\/REPOSIP\/280541\">http:\/\/repositorio.unicamp.br\/handle\/REPOSIP\/280541<\/a><\/p>\t\t\t\t\t\t\t\t<\/div>\n\t\t\t\t<\/div>\n\t\t\t\t<div class=\"elementor-element elementor-element-bbde80d elementor--star-style-star_fontawesome elementor-widget elementor-widget-star-rating\" data-id=\"bbde80d\" data-element_type=\"widget\" data-e-type=\"widget\" data-widget_type=\"star-rating.default\">\n\t\t\t\t<div class=\"elementor-widget-container\">\n\t\t\t\t\t\t\t<div class=\"elementor-star-rating__wrapper\">\n\t\t\t\t\t\t<div class=\"elementor-star-rating\" itemtype=\"http:\/\/schema.org\/Rating\" itemscope=\"\" itemprop=\"reviewRating\">\n\t\t\t\t<i class=\"elementor-star-full\" aria-hidden=\"true\">&#xE934;<\/i><i class=\"elementor-star-full\" aria-hidden=\"true\">&#xE934;<\/i><i class=\"elementor-star-full\" aria-hidden=\"true\">&#xE934;<\/i><i class=\"elementor-star-full\" aria-hidden=\"true\">&#xE934;<\/i><i class=\"elementor-star-full\" aria-hidden=\"true\">&#xE934;<\/i>\t\t\t\t<span itemprop=\"ratingValue\" class=\"elementor-screen-only\">Rated 5 out of 5<\/span>\n\t\t\t<\/div>\n\t\t<\/div>\n\t\t\t\t\t\t<\/div>\n\t\t\t\t<\/div>\n\t\t\t\t\t<\/div>\n\t\t<\/div>\n\t\t\t\t\t<\/div>\n\t\t<\/section>\n\t\t\t\t<\/div>\n\t\t","protected":false},"excerpt":{"rendered":"<p>AMBROSIO, Eliana Ribeiro.\u00a0Pres\u00e9pio Napolitano do Museu de Arte Sacra de S\u00e3o Paulo e de cole\u00e7\u00f5es internacionais : cenografia e expografia.\u00a0Tese (Doutorado em Hist\u00f3ria) &#8211; Universidade Estadual de Campinas, 2018. Palavras-chave: Museu de Arte Sacra de S\u00e3o Paulo, Presepios &#8211; S\u00e3o &hellip; <a href=\"https:\/\/utfpr.curitiba.br\/bibliotecadesigncenico\/?p=1825\">Continue lendo <span class=\"meta-nav\">&rarr;<\/span><\/a><\/p>\n","protected":false},"author":4,"featured_media":0,"comment_status":"closed","ping_status":"","sticky":false,"template":"","format":"standard","meta":{"footnotes":""},"categories":[3],"tags":[528,20,21,527],"class_list":["post-1825","post","type-post","status-publish","format-standard","hentry","category-cenografia","tag-arte-sacra-sao-paulo-estado","tag-cenografia","tag-museu-de-arte-sacra-de-sao-paulo","tag-presepios-sao-paulo-estado"],"_links":{"self":[{"href":"https:\/\/utfpr.curitiba.br\/bibliotecadesigncenico\/index.php?rest_route=\/wp\/v2\/posts\/1825","targetHints":{"allow":["GET"]}}],"collection":[{"href":"https:\/\/utfpr.curitiba.br\/bibliotecadesigncenico\/index.php?rest_route=\/wp\/v2\/posts"}],"about":[{"href":"https:\/\/utfpr.curitiba.br\/bibliotecadesigncenico\/index.php?rest_route=\/wp\/v2\/types\/post"}],"author":[{"embeddable":true,"href":"https:\/\/utfpr.curitiba.br\/bibliotecadesigncenico\/index.php?rest_route=\/wp\/v2\/users\/4"}],"replies":[{"embeddable":true,"href":"https:\/\/utfpr.curitiba.br\/bibliotecadesigncenico\/index.php?rest_route=%2Fwp%2Fv2%2Fcomments&post=1825"}],"version-history":[{"count":4,"href":"https:\/\/utfpr.curitiba.br\/bibliotecadesigncenico\/index.php?rest_route=\/wp\/v2\/posts\/1825\/revisions"}],"predecessor-version":[{"id":1830,"href":"https:\/\/utfpr.curitiba.br\/bibliotecadesigncenico\/index.php?rest_route=\/wp\/v2\/posts\/1825\/revisions\/1830"}],"wp:attachment":[{"href":"https:\/\/utfpr.curitiba.br\/bibliotecadesigncenico\/index.php?rest_route=%2Fwp%2Fv2%2Fmedia&parent=1825"}],"wp:term":[{"taxonomy":"category","embeddable":true,"href":"https:\/\/utfpr.curitiba.br\/bibliotecadesigncenico\/index.php?rest_route=%2Fwp%2Fv2%2Fcategories&post=1825"},{"taxonomy":"post_tag","embeddable":true,"href":"https:\/\/utfpr.curitiba.br\/bibliotecadesigncenico\/index.php?rest_route=%2Fwp%2Fv2%2Ftags&post=1825"}],"curies":[{"name":"wp","href":"https:\/\/api.w.org\/{rel}","templated":true}]}}