{"id":1725,"date":"2021-06-24T20:52:14","date_gmt":"2021-06-24T23:52:14","guid":{"rendered":"https:\/\/bibliotecadesigncenico.ct.utfpr.edu.br\/?p=1725"},"modified":"2021-06-24T20:54:52","modified_gmt":"2021-06-24T23:54:52","slug":"incorrigiveis-teatro-festa-e-carnaval-em-uma-poetica-picara","status":"publish","type":"post","link":"https:\/\/utfpr.curitiba.br\/bibliotecadesigncenico\/?p=1725","title":{"rendered":"Incorrig\u00edveis: teatro, festa e carnaval em uma po\u00e9tica p\u00edcara"},"content":{"rendered":"\t\t<div data-elementor-type=\"wp-post\" data-elementor-id=\"1725\" class=\"elementor elementor-1725\">\n\t\t\t\t\t\t<section class=\"elementor-section elementor-top-section elementor-element elementor-element-f4096d2 elementor-section-boxed elementor-section-height-default elementor-section-height-default\" data-id=\"f4096d2\" data-element_type=\"section\" data-e-type=\"section\">\n\t\t\t\t\t\t<div class=\"elementor-container elementor-column-gap-default\">\n\t\t\t\t\t<div class=\"elementor-column elementor-col-100 elementor-top-column elementor-element elementor-element-0ae0dcd\" data-id=\"0ae0dcd\" data-element_type=\"column\" data-e-type=\"column\">\n\t\t\t<div class=\"elementor-widget-wrap elementor-element-populated\">\n\t\t\t\t\t\t<div class=\"elementor-element elementor-element-50a1ef5 elementor-widget elementor-widget-text-editor\" data-id=\"50a1ef5\" data-element_type=\"widget\" data-e-type=\"widget\" data-widget_type=\"text-editor.default\">\n\t\t\t\t<div class=\"elementor-widget-container\">\n\t\t\t\t\t\t\t\t\t<p>CAMPOS, Alysson Lemos.\u00a0<strong>Incorrig\u00edveis: teatro, festa e carnaval em uma po\u00e9tica p\u00edcara. <\/strong>Disserta\u00e7\u00e3o (Mestrado em Artes) &#8211; Universidade Federal do Cear\u00e1, 2020.<\/p><p>Palavras-chave: P\u00edcaros, Incorrig\u00edveis, Carnaval, Festa, Teatro.<\/p><p>Resumo: A presente disserta\u00e7\u00e3o tem como objetivo lan\u00e7ar um olhar sobre os processos de cria\u00e7\u00e3o do coletivo de teatro de rua Os P\u00edcaros Incorrig\u00edveis (Fortaleza\/CE) desbravando os poss\u00edveis desdobramentos de uma po\u00e9tica p\u00edcara. A pesquisa tem como principal paisagem de investiga\u00e7\u00e3o o espet\u00e1culo Devorando Her\u00f3is: a trag\u00e9dia segundo os p\u00edcaros (2017), se configurando como um espa\u00e7o de f\u00e9rtil elabora\u00e7\u00e3o dos pensamentos do Coletivo, sendo estes embebidos pela festa e pelo carnaval, elementos que configuram um arcabou\u00e7o conceitual que atravessa as rela\u00e7\u00f5es p\u00edcaras, incidindo desde as suas proposi\u00e7\u00f5es est\u00e9ticas, aos modos de conviv\u00eancia. Reconhecendo tratar-se de uma po\u00e9tica que est\u00e1 amparada em uma fronteira liminar entre a vida e o teatro que os integrantes se prop\u00f5em a conceber a partir de uma vis\u00e3o de mundo carnavalizada. Os caminhos metodol\u00f3gicos percorridos assumem tamb\u00e9m uma natureza p\u00edcara, que em di\u00e1logo com o Coletivo alimenta a discuss\u00e3o a partir das mesas de bar que o grupo costuma habitar, celebrando, bebendo e devorando todas as refer\u00eancias que possam interessar na elabora\u00e7\u00e3o de uma po\u00e9tica que assim como os P\u00edcaros se sustentam incorrig\u00edveis.<\/p><p>Link:\u00a0<a href=\"http:\/\/www.repositorio.ufc.br\/handle\/riufc\/51399\">http:\/\/www.repositorio.ufc.br\/handle\/riufc\/51399<\/a><\/p>\t\t\t\t\t\t\t\t<\/div>\n\t\t\t\t<\/div>\n\t\t\t\t<div class=\"elementor-element elementor-element-16fd3a9 elementor--star-style-star_fontawesome elementor-widget elementor-widget-star-rating\" data-id=\"16fd3a9\" data-element_type=\"widget\" data-e-type=\"widget\" data-widget_type=\"star-rating.default\">\n\t\t\t\t<div class=\"elementor-widget-container\">\n\t\t\t\t\t\t\t<div class=\"elementor-star-rating__wrapper\">\n\t\t\t\t\t\t<div class=\"elementor-star-rating\" itemtype=\"http:\/\/schema.org\/Rating\" itemscope=\"\" itemprop=\"reviewRating\">\n\t\t\t\t<i class=\"elementor-star-full\" aria-hidden=\"true\">&#xE934;<\/i><i class=\"elementor-star-full\" aria-hidden=\"true\">&#xE934;<\/i><i class=\"elementor-star-full\" aria-hidden=\"true\">&#xE934;<\/i><i class=\"elementor-star-full\" aria-hidden=\"true\">&#xE934;<\/i><i class=\"elementor-star-full\" aria-hidden=\"true\">&#xE934;<\/i>\t\t\t\t<span itemprop=\"ratingValue\" class=\"elementor-screen-only\">Rated 5 out of 5<\/span>\n\t\t\t<\/div>\n\t\t<\/div>\n\t\t\t\t\t\t<\/div>\n\t\t\t\t<\/div>\n\t\t\t\t\t<\/div>\n\t\t<\/div>\n\t\t\t\t\t<\/div>\n\t\t<\/section>\n\t\t\t\t<\/div>\n\t\t","protected":false},"excerpt":{"rendered":"<p>CAMPOS, Alysson Lemos.\u00a0Incorrig\u00edveis: teatro, festa e carnaval em uma po\u00e9tica p\u00edcara. Disserta\u00e7\u00e3o (Mestrado em Artes) &#8211; Universidade Federal do Cear\u00e1, 2020. Palavras-chave: P\u00edcaros, Incorrig\u00edveis, Carnaval, Festa, Teatro. Resumo: A presente disserta\u00e7\u00e3o tem como objetivo lan\u00e7ar um olhar sobre os processos &hellip; <a href=\"https:\/\/utfpr.curitiba.br\/bibliotecadesigncenico\/?p=1725\">Continue lendo <span class=\"meta-nav\">&rarr;<\/span><\/a><\/p>\n","protected":false},"author":4,"featured_media":0,"comment_status":"closed","ping_status":"","sticky":false,"template":"","format":"standard","meta":{"footnotes":""},"categories":[10],"tags":[357,517,518,519,59],"class_list":["post-1725","post","type-post","status-publish","format-standard","hentry","category-diversos","tag-carnaval","tag-festa","tag-incorrigiveis","tag-picaros","tag-teatro"],"_links":{"self":[{"href":"https:\/\/utfpr.curitiba.br\/bibliotecadesigncenico\/index.php?rest_route=\/wp\/v2\/posts\/1725","targetHints":{"allow":["GET"]}}],"collection":[{"href":"https:\/\/utfpr.curitiba.br\/bibliotecadesigncenico\/index.php?rest_route=\/wp\/v2\/posts"}],"about":[{"href":"https:\/\/utfpr.curitiba.br\/bibliotecadesigncenico\/index.php?rest_route=\/wp\/v2\/types\/post"}],"author":[{"embeddable":true,"href":"https:\/\/utfpr.curitiba.br\/bibliotecadesigncenico\/index.php?rest_route=\/wp\/v2\/users\/4"}],"replies":[{"embeddable":true,"href":"https:\/\/utfpr.curitiba.br\/bibliotecadesigncenico\/index.php?rest_route=%2Fwp%2Fv2%2Fcomments&post=1725"}],"version-history":[{"count":4,"href":"https:\/\/utfpr.curitiba.br\/bibliotecadesigncenico\/index.php?rest_route=\/wp\/v2\/posts\/1725\/revisions"}],"predecessor-version":[{"id":1729,"href":"https:\/\/utfpr.curitiba.br\/bibliotecadesigncenico\/index.php?rest_route=\/wp\/v2\/posts\/1725\/revisions\/1729"}],"wp:attachment":[{"href":"https:\/\/utfpr.curitiba.br\/bibliotecadesigncenico\/index.php?rest_route=%2Fwp%2Fv2%2Fmedia&parent=1725"}],"wp:term":[{"taxonomy":"category","embeddable":true,"href":"https:\/\/utfpr.curitiba.br\/bibliotecadesigncenico\/index.php?rest_route=%2Fwp%2Fv2%2Fcategories&post=1725"},{"taxonomy":"post_tag","embeddable":true,"href":"https:\/\/utfpr.curitiba.br\/bibliotecadesigncenico\/index.php?rest_route=%2Fwp%2Fv2%2Ftags&post=1725"}],"curies":[{"name":"wp","href":"https:\/\/api.w.org\/{rel}","templated":true}]}}