{"id":1621,"date":"2021-06-23T22:01:56","date_gmt":"2021-06-24T01:01:56","guid":{"rendered":"https:\/\/bibliotecadesigncenico.ct.utfpr.edu.br\/?p=1621"},"modified":"2021-06-23T22:06:11","modified_gmt":"2021-06-24T01:06:11","slug":"gravuras-rupestres-no-vale-do-moxoto-pernambuco-brasil-um-estudo-da-tecnica-de-execucao-da-cenografia-do-conjunto-grafico","status":"publish","type":"post","link":"https:\/\/utfpr.curitiba.br\/bibliotecadesigncenico\/?p=1621","title":{"rendered":"Gravuras rupestres no Vale do Moxot\u00f3, Pernambuco-Brasil: um estudo da t\u00e9cnica de execu\u00e7\u00e3o da cenografia do conjunto gr\u00e1fico"},"content":{"rendered":"\t\t<div data-elementor-type=\"wp-post\" data-elementor-id=\"1621\" class=\"elementor elementor-1621\">\n\t\t\t\t\t\t<section class=\"elementor-section elementor-top-section elementor-element elementor-element-504f263 elementor-section-boxed elementor-section-height-default elementor-section-height-default\" data-id=\"504f263\" data-element_type=\"section\" data-e-type=\"section\">\n\t\t\t\t\t\t<div class=\"elementor-container elementor-column-gap-default\">\n\t\t\t\t\t<div class=\"elementor-column elementor-col-100 elementor-top-column elementor-element elementor-element-371e463\" data-id=\"371e463\" data-element_type=\"column\" data-e-type=\"column\">\n\t\t\t<div class=\"elementor-widget-wrap elementor-element-populated\">\n\t\t\t\t\t\t<div class=\"elementor-element elementor-element-c804e15 elementor-widget elementor-widget-text-editor\" data-id=\"c804e15\" data-element_type=\"widget\" data-e-type=\"widget\" data-widget_type=\"text-editor.default\">\n\t\t\t\t<div class=\"elementor-widget-container\">\n\t\t\t\t\t\t\t\t\t<p>CORREIA, Maria Fernanda dos Santos Barros. <strong>Gravuras rupestres no Vale do Moxot\u00f3, Pernambuco-Brasil: um estudo da t\u00e9cnica de execu\u00e7\u00e3o da cenografia do conjunto gr\u00e1fico.\u00a0<\/strong>Disserta\u00e7\u00f5es (Mestrado em Arqueologia) &#8211; Universidade Federal de Pernambuco, 2016.<\/p><p>Palavras-chave: Arqueologia; Pinturas rupestres; S\u00edtios arqueol\u00f3gicos; Catimbau (Bu\u00edque, PE); Parque Nacional do Catimbau; Pr\u00e9-Hist\u00f3ria.<\/p><p>Resumo: Para a presente pesquisa foram analisadas 78 gravuras rupestres, gravadas em 10 s\u00edtios arqueol\u00f3gicos, localizados no Parque Nacional do Catimbau, na bacia hidrogr\u00e1fica do Moxot\u00f3. O estudo foi realizado seguindo a metodologia aplicada as categorias de an\u00e1lise do perfil gr\u00e1fico (tem\u00e1tica, t\u00e9cnica e cenografia). Como objetivo, buscamos identificar as poss\u00edveis rela\u00e7\u00f5es gr\u00e1ficas entre os diversos grupos autores, a partir do exame das similaridades nas t\u00e9cnicas de execu\u00e7\u00e3o utilizada para efetuar as gravuras; Identificar as tem\u00e1ticas prevalentes no interior do parque e, por conseguinte, no Vale do Moxot\u00f3; Identificar os poss\u00edveis perfis gr\u00e1ficos para a \u00e1rea; e ver a rela\u00e7\u00e3o entre os significantes pintados e gravados. O trabalho foi iniciado com um levantamento bibliogr\u00e1fico, a elabora\u00e7\u00e3o de um protocolo de dados de campo, que facilitou principalmente a identifica\u00e7\u00e3o das tem\u00e1ticas e morfologias existentes. A pesquisa resultou em alguns resultados, quanto a tem\u00e1tica, podemos assegurar que de modo geral , as gravuras circunscritas no vale do moxot\u00f3, trata-se de grafismos puros. Identificou-se um poss\u00edvel padr\u00e3o no estudo da morfologia, as circunfer\u00eancias quando isoladas das demais apresentam incis\u00f5es internas que as tornam tetrapartidas. Sobre a profundidade embora as rochas suportes tenha relativa maciez, os sulcos s\u00e3o rasos em sua grande maioria. Os dados reunidos no estudo da cenografia e da t\u00e9cnica de execu\u00e7\u00e3o permitem-nos asseverar que as similaridades entre os grafismos examinados devem a exist\u00eancia de uma esp\u00e9cie de sintaxe comum aos diversos grupos gravadores, uma linguagem n\u00e3o-verbal expressa na forma de gravura; e os dados reunidos sobre as diferen\u00e7as, apenas, permitem levar para o campo hipot\u00e9tico: as diferen\u00e7as s\u00e3o produto da improvisa\u00e7\u00e3o, que acata as pequenas diferen\u00e7as, no campo da execu\u00e7\u00e3o, sob o t\u00edtulo de \u2018inova\u00e7\u00e3o\u2019; estes mesmos dados sobre as diferen\u00e7as, reunidos a partir de uma reduzida amostra, n\u00e3o nos permitem inferir sobre a multiplicidade cultural da regi\u00e3o. E por fim sobre a quest\u00e3o da proximidade cenogr\u00e1fica entre os grafismos pintados e gravados, os dados reunidos mostram-se insuficientes para se fazer qualquer tipo de afirma\u00e7\u00e3o, mesmo no campo hipot\u00e9tico.<\/p><p>Link:\u00a0<a href=\"https:\/\/repositorio.ufpe.br\/handle\/123456789\/26908\">https:\/\/repositorio.ufpe.br\/handle\/123456789\/26908<\/a><\/p>\t\t\t\t\t\t\t\t<\/div>\n\t\t\t\t<\/div>\n\t\t\t\t<div class=\"elementor-element elementor-element-70e22b1 elementor--star-style-star_fontawesome elementor-widget elementor-widget-star-rating\" data-id=\"70e22b1\" data-element_type=\"widget\" data-e-type=\"widget\" data-widget_type=\"star-rating.default\">\n\t\t\t\t<div class=\"elementor-widget-container\">\n\t\t\t\t\t\t\t<div class=\"elementor-star-rating__wrapper\">\n\t\t\t\t\t\t<div class=\"elementor-star-rating\" itemtype=\"http:\/\/schema.org\/Rating\" itemscope=\"\" itemprop=\"reviewRating\">\n\t\t\t\t<i class=\"elementor-star-full\" aria-hidden=\"true\">&#xE934;<\/i><i class=\"elementor-star-full\" aria-hidden=\"true\">&#xE934;<\/i><i class=\"elementor-star-full\" aria-hidden=\"true\">&#xE934;<\/i><i class=\"elementor-star-full\" aria-hidden=\"true\">&#xE934;<\/i><i class=\"elementor-star-full\" aria-hidden=\"true\">&#xE934;<\/i>\t\t\t\t<span itemprop=\"ratingValue\" class=\"elementor-screen-only\">Rated 5 out of 5<\/span>\n\t\t\t<\/div>\n\t\t<\/div>\n\t\t\t\t\t\t<\/div>\n\t\t\t\t<\/div>\n\t\t\t\t\t<\/div>\n\t\t<\/div>\n\t\t\t\t\t<\/div>\n\t\t<\/section>\n\t\t\t\t<\/div>\n\t\t","protected":false},"excerpt":{"rendered":"<p>CORREIA, Maria Fernanda dos Santos Barros. Gravuras rupestres no Vale do Moxot\u00f3, Pernambuco-Brasil: um estudo da t\u00e9cnica de execu\u00e7\u00e3o da cenografia do conjunto gr\u00e1fico.\u00a0Disserta\u00e7\u00f5es (Mestrado em Arqueologia) &#8211; Universidade Federal de Pernambuco, 2016. Palavras-chave: Arqueologia; Pinturas rupestres; S\u00edtios arqueol\u00f3gicos; Catimbau &hellip; <a href=\"https:\/\/utfpr.curitiba.br\/bibliotecadesigncenico\/?p=1621\">Continue lendo <span class=\"meta-nav\">&rarr;<\/span><\/a><\/p>\n","protected":false},"author":4,"featured_media":0,"comment_status":"closed","ping_status":"","sticky":false,"template":"","format":"standard","meta":{"footnotes":""},"categories":[3],"tags":[449,452,453,450,451],"class_list":["post-1621","post","type-post","status-publish","format-standard","hentry","category-cenografia","tag-arqueologia","tag-catimbau-buique","tag-parque-nacional-do-catimbau-pre-historia","tag-pinturas-rupestres","tag-sitios-arqueologicos"],"_links":{"self":[{"href":"https:\/\/utfpr.curitiba.br\/bibliotecadesigncenico\/index.php?rest_route=\/wp\/v2\/posts\/1621","targetHints":{"allow":["GET"]}}],"collection":[{"href":"https:\/\/utfpr.curitiba.br\/bibliotecadesigncenico\/index.php?rest_route=\/wp\/v2\/posts"}],"about":[{"href":"https:\/\/utfpr.curitiba.br\/bibliotecadesigncenico\/index.php?rest_route=\/wp\/v2\/types\/post"}],"author":[{"embeddable":true,"href":"https:\/\/utfpr.curitiba.br\/bibliotecadesigncenico\/index.php?rest_route=\/wp\/v2\/users\/4"}],"replies":[{"embeddable":true,"href":"https:\/\/utfpr.curitiba.br\/bibliotecadesigncenico\/index.php?rest_route=%2Fwp%2Fv2%2Fcomments&post=1621"}],"version-history":[{"count":4,"href":"https:\/\/utfpr.curitiba.br\/bibliotecadesigncenico\/index.php?rest_route=\/wp\/v2\/posts\/1621\/revisions"}],"predecessor-version":[{"id":1625,"href":"https:\/\/utfpr.curitiba.br\/bibliotecadesigncenico\/index.php?rest_route=\/wp\/v2\/posts\/1621\/revisions\/1625"}],"wp:attachment":[{"href":"https:\/\/utfpr.curitiba.br\/bibliotecadesigncenico\/index.php?rest_route=%2Fwp%2Fv2%2Fmedia&parent=1621"}],"wp:term":[{"taxonomy":"category","embeddable":true,"href":"https:\/\/utfpr.curitiba.br\/bibliotecadesigncenico\/index.php?rest_route=%2Fwp%2Fv2%2Fcategories&post=1621"},{"taxonomy":"post_tag","embeddable":true,"href":"https:\/\/utfpr.curitiba.br\/bibliotecadesigncenico\/index.php?rest_route=%2Fwp%2Fv2%2Ftags&post=1621"}],"curies":[{"name":"wp","href":"https:\/\/api.w.org\/{rel}","templated":true}]}}