{"id":1610,"date":"2021-06-23T21:48:06","date_gmt":"2021-06-24T00:48:06","guid":{"rendered":"https:\/\/bibliotecadesigncenico.ct.utfpr.edu.br\/?p=1610"},"modified":"2021-06-23T21:52:34","modified_gmt":"2021-06-24T00:52:34","slug":"o-bairro-do-recife-veste-sua-fantasia-o-inicio-da-cenografia-do-carnaval-multicultural-do-recife","status":"publish","type":"post","link":"https:\/\/utfpr.curitiba.br\/bibliotecadesigncenico\/?p=1610","title":{"rendered":"O Bairro do Recife veste sua fantasia : o in\u00edcio da cenografia do Carnaval Multicultural do Recife"},"content":{"rendered":"\t\t<div data-elementor-type=\"wp-post\" data-elementor-id=\"1610\" class=\"elementor elementor-1610\">\n\t\t\t\t\t\t<section class=\"elementor-section elementor-top-section elementor-element elementor-element-9cca90a elementor-section-boxed elementor-section-height-default elementor-section-height-default\" data-id=\"9cca90a\" data-element_type=\"section\" data-e-type=\"section\">\n\t\t\t\t\t\t<div class=\"elementor-container elementor-column-gap-default\">\n\t\t\t\t\t<div class=\"elementor-column elementor-col-100 elementor-top-column elementor-element elementor-element-ce32940\" data-id=\"ce32940\" data-element_type=\"column\" data-e-type=\"column\">\n\t\t\t<div class=\"elementor-widget-wrap elementor-element-populated\">\n\t\t\t\t\t\t<div class=\"elementor-element elementor-element-491f3c3 elementor-widget elementor-widget-text-editor\" data-id=\"491f3c3\" data-element_type=\"widget\" data-e-type=\"widget\" data-widget_type=\"text-editor.default\">\n\t\t\t\t<div class=\"elementor-widget-container\">\n\t\t\t\t\t\t\t\t\t<p>MATA NETO, Diogenes Teixeira da. <strong>O Bairro do Recife veste sua fantasia : o in\u00edcio da cenografia do Carnaval Multicultural do Recife.\u00a0<\/strong>Disserta\u00e7\u00e3o (Mestrado em Desenvolvimento Urbano) &#8211; Universidade Federal de Pernambuco, 2020.<\/p><p>Palavras-chave: Cenografia Urbana; Estruturas Ef\u00eameras; Interven\u00e7\u00e3o Urbana; Carnaval Multicultural; Bairro do Recife.<\/p><p>Resumo: O Carnaval multicultural do Recife emergiu sob os conceitos de descentraliza\u00e7\u00e3o e de diversidade\/pluralidade cultural, sendo constru\u00eddo com o objetivo de ser um evento democr\u00e1tico e acess\u00edvel para todos. O novo formato de carnaval, criado pela prefeitura em 2001, incluiu diferentes estilos musicais ao festejo, que j\u00e1 era composto por uma rica diversidade de manifesta\u00e7\u00f5es culturais, e levou a festa para toda cidade, atrav\u00e9s de polos carnavalescos tem\u00e1ticos locados em diferentes pontos do Recife. Estabeleceu-se assim uma festa carnavalesca marcada pela coexist\u00eancia da tradi\u00e7\u00e3o e do novo e pela multiplicidade de ritmos, p\u00fablicos e espa\u00e7os. Nesse contexto, a cenografia urbana se instaurou como um elemento visual agregador para o enaltecimento da cultural local, ultrapassando o car\u00e1ter decorativo, e se efetivou como uma interven\u00e7\u00e3o urbana tempor\u00e1ria fomentadora de novas possibilidades e experi\u00eancias espaciais, na poss\u00edvel incumb\u00eancia de conduzir o foli\u00e3o a degustar o espa\u00e7o, antes costumeiro, como um lugar de festas e fantasias. Ao mesmo tempo, a cenografia urbana se apresentou com um recurso que acentuou o rompimento de um formato de carnaval comum \u00e0s gest\u00f5es anteriores. Partindo dessa compreens\u00e3o, a partir de uma vis\u00e3o de pesquisa qualitativa e interdisciplinar, a pesquisa guiou-se por uma vis\u00e3o cultural, atingindo o campo do design art\u00edstico. O estudo em quest\u00e3o buscou compreender como essa cenografia urbana e suas estruturas ef\u00eameras foram concebidas pelo escrit\u00f3rio do arquiteto Carlos Augusto Lira, juntamente com a designer Joana Lira, nos primeiros anos do Carnaval Multicultural, de 2001 a 2003, enquanto instrumento de ressignifica\u00e7\u00e3o do evento e do Bairro do Recife. Definido como o lugar emp\u00edrico, o s\u00edtio hist\u00f3rico do bairro acolhe os principais polos carnavalescos, atraindo o maior n\u00famero de brincantes e, por consequ\u00eancia, recebe os maiores investimentos atribu\u00eddos pela prefeitura. Logo, as interven\u00e7\u00f5es cenogr\u00e1ficas mais impactantes da cidade s\u00e3o incorporadas aos seus espa\u00e7os. Al\u00e9m dos textos definidores de conceitos e categorias, a an\u00e1lise aqui proposta utiliza como principal base os registros iconogr\u00e1ficos: proposta da marca, projetos das cenografias e fotografias dos processos e dos resultados finais.<\/p><p>Link:\u00a0<a href=\"https:\/\/repositorio.ufpe.br\/handle\/123456789\/40180\">https:\/\/repositorio.ufpe.br\/handle\/123456789\/40180<\/a><\/p>\t\t\t\t\t\t\t\t<\/div>\n\t\t\t\t<\/div>\n\t\t\t\t<div class=\"elementor-element elementor-element-53357fa elementor--star-style-star_fontawesome elementor-widget elementor-widget-star-rating\" data-id=\"53357fa\" data-element_type=\"widget\" data-e-type=\"widget\" data-widget_type=\"star-rating.default\">\n\t\t\t\t<div class=\"elementor-widget-container\">\n\t\t\t\t\t\t\t<div class=\"elementor-star-rating__wrapper\">\n\t\t\t\t\t\t<div class=\"elementor-star-rating\" itemtype=\"http:\/\/schema.org\/Rating\" itemscope=\"\" itemprop=\"reviewRating\">\n\t\t\t\t<i class=\"elementor-star-full\" aria-hidden=\"true\">&#xE934;<\/i><i class=\"elementor-star-full\" aria-hidden=\"true\">&#xE934;<\/i><i class=\"elementor-star-full\" aria-hidden=\"true\">&#xE934;<\/i><i class=\"elementor-star-full\" aria-hidden=\"true\">&#xE934;<\/i><i class=\"elementor-star-full\" aria-hidden=\"true\">&#xE934;<\/i>\t\t\t\t<span itemprop=\"ratingValue\" class=\"elementor-screen-only\">Rated 5 out of 5<\/span>\n\t\t\t<\/div>\n\t\t<\/div>\n\t\t\t\t\t\t<\/div>\n\t\t\t\t<\/div>\n\t\t\t\t\t<\/div>\n\t\t<\/div>\n\t\t\t\t\t<\/div>\n\t\t<\/section>\n\t\t\t\t<\/div>\n\t\t","protected":false},"excerpt":{"rendered":"<p>MATA NETO, Diogenes Teixeira da. O Bairro do Recife veste sua fantasia : o in\u00edcio da cenografia do Carnaval Multicultural do Recife.\u00a0Disserta\u00e7\u00e3o (Mestrado em Desenvolvimento Urbano) &#8211; Universidade Federal de Pernambuco, 2020. Palavras-chave: Cenografia Urbana; Estruturas Ef\u00eameras; Interven\u00e7\u00e3o Urbana; Carnaval &hellip; <a href=\"https:\/\/utfpr.curitiba.br\/bibliotecadesigncenico\/?p=1610\">Continue lendo <span class=\"meta-nav\">&rarr;<\/span><\/a><\/p>\n","protected":false},"author":4,"featured_media":0,"comment_status":"closed","ping_status":"","sticky":false,"template":"","format":"standard","meta":{"footnotes":""},"categories":[3],"tags":[442,441,438,439,440],"class_list":["post-1610","post","type-post","status-publish","format-standard","hentry","category-cenografia","tag-bairro-do-recife","tag-carnaval-multicultural","tag-cenografia-urbana","tag-estruturas-efemeras","tag-intervencao-urbana"],"_links":{"self":[{"href":"https:\/\/utfpr.curitiba.br\/bibliotecadesigncenico\/index.php?rest_route=\/wp\/v2\/posts\/1610","targetHints":{"allow":["GET"]}}],"collection":[{"href":"https:\/\/utfpr.curitiba.br\/bibliotecadesigncenico\/index.php?rest_route=\/wp\/v2\/posts"}],"about":[{"href":"https:\/\/utfpr.curitiba.br\/bibliotecadesigncenico\/index.php?rest_route=\/wp\/v2\/types\/post"}],"author":[{"embeddable":true,"href":"https:\/\/utfpr.curitiba.br\/bibliotecadesigncenico\/index.php?rest_route=\/wp\/v2\/users\/4"}],"replies":[{"embeddable":true,"href":"https:\/\/utfpr.curitiba.br\/bibliotecadesigncenico\/index.php?rest_route=%2Fwp%2Fv2%2Fcomments&post=1610"}],"version-history":[{"count":4,"href":"https:\/\/utfpr.curitiba.br\/bibliotecadesigncenico\/index.php?rest_route=\/wp\/v2\/posts\/1610\/revisions"}],"predecessor-version":[{"id":1614,"href":"https:\/\/utfpr.curitiba.br\/bibliotecadesigncenico\/index.php?rest_route=\/wp\/v2\/posts\/1610\/revisions\/1614"}],"wp:attachment":[{"href":"https:\/\/utfpr.curitiba.br\/bibliotecadesigncenico\/index.php?rest_route=%2Fwp%2Fv2%2Fmedia&parent=1610"}],"wp:term":[{"taxonomy":"category","embeddable":true,"href":"https:\/\/utfpr.curitiba.br\/bibliotecadesigncenico\/index.php?rest_route=%2Fwp%2Fv2%2Fcategories&post=1610"},{"taxonomy":"post_tag","embeddable":true,"href":"https:\/\/utfpr.curitiba.br\/bibliotecadesigncenico\/index.php?rest_route=%2Fwp%2Fv2%2Ftags&post=1610"}],"curies":[{"name":"wp","href":"https:\/\/api.w.org\/{rel}","templated":true}]}}