{"id":1498,"date":"2021-06-17T14:00:00","date_gmt":"2021-06-17T17:00:00","guid":{"rendered":"https:\/\/bibliotecadesigncenico.ct.utfpr.edu.br\/?p=1498"},"modified":"2021-08-24T10:07:41","modified_gmt":"2021-08-24T13:07:41","slug":"o-entre-do-carvao-ao-corpo-em-arte-do-ator-brincante","status":"publish","type":"post","link":"https:\/\/utfpr.curitiba.br\/bibliotecadesigncenico\/?p=1498","title":{"rendered":"O entre do carv\u00e3o ao Corpo\u2013em Arte do Ator-Brincante"},"content":{"rendered":"\t\t<div data-elementor-type=\"wp-post\" data-elementor-id=\"1498\" class=\"elementor elementor-1498\">\n\t\t\t\t\t\t<section class=\"elementor-section elementor-top-section elementor-element elementor-element-c31254b elementor-section-boxed elementor-section-height-default elementor-section-height-default\" data-id=\"c31254b\" data-element_type=\"section\" data-e-type=\"section\">\n\t\t\t\t\t\t<div class=\"elementor-container elementor-column-gap-default\">\n\t\t\t\t\t<div class=\"elementor-column elementor-col-100 elementor-top-column elementor-element elementor-element-0217101\" data-id=\"0217101\" data-element_type=\"column\" data-e-type=\"column\">\n\t\t\t<div class=\"elementor-widget-wrap elementor-element-populated\">\n\t\t\t\t\t\t<div class=\"elementor-element elementor-element-f4c3465 elementor-widget elementor-widget-text-editor\" data-id=\"f4c3465\" data-element_type=\"widget\" data-e-type=\"widget\" data-widget_type=\"text-editor.default\">\n\t\t\t\t<div class=\"elementor-widget-container\">\n\t\t\t\t\t\t\t\t\t<p><span data-sheets-value=\"{\" data-sheets-userformat=\"{\">J\u00daNIOR, Alan Carlos monteiro. <strong>O entre do carv\u00e3o ao Corpo\u2013em Arte do Ator-Brincante<\/strong>. Disserta\u00e7\u00e3o (Mestrado) \u2013 UFRN, 2011.<\/span><\/p><p>Palavras-chave: Corpo-em-arte, Cavalo marinho, Ator, Brincante, Mimeses corp\u00f3rea.<\/p><p>Resumo: Proponho nesta disserta\u00e7\u00e3o refletir sobre as experi\u00eancias contidas na cria\u00e7\u00e3o dos corpos-em-arte (FERRACINI, 2006a, b) que originaram o espet\u00e1culo rosmaninhos&#8230;. Este processo foi desenvolvido junto ao coletivo UZUME teatro de Jo\u00e3o Pessoa PB, por meio de recria\u00e7\u00f5es e resignifica\u00e7\u00f5es das corporeidades e fisicidades contidas nos passos, loas, aboios, cantos e evolu\u00e7\u00f5es observados nos modos como Mestre Zequinha brinca em seu grupo de Cavalo Marinho residente na cidade de Bayeux PB, e a partir da apropria\u00e7\u00e3o do texto Hamlet de William Shakespeare. O corpo-em-arte \u00e9 entendido neste trabalho como um corpo vetorial que dilata sua funcionalidade cotidiana, reconhecendo uma zona potencial de aprendizado capaz de gerar linhas de fuga criativas que desestabilizem o sujeito centrado em uma individualidade e identidade (FOUCAULT apud FERRACINI, 2006b, p.14), abrindo-o a diferencia\u00e7\u00e3o de si mesmo, indicando a possibilidade de exist\u00eancia de um si-outro e do espa\u00e7o de troca-em-arte. Este processo de constru\u00e7\u00e3o do corpo-em-arte a partir das formas de Mestre Zequinha brincar o Cavalo Marinho, foi orientado metodologicamente pela apropria\u00e7\u00e3o do coletivo UZUME teatro das etapas de Observa\u00e7\u00e3o, Codifica\u00e7\u00e3o e Teatraliza\u00e7\u00e3o contidas na t\u00e9cnica de mimeses corp\u00f3rea proposta pelo LUME Teatro (Campinas SP). Esse uso resultou em duas fases: Observa\u00e7\u00e3o Ativa e Composi\u00e7\u00e3o do corpo-em-arte. Atrav\u00e9s da repeti\u00e7\u00e3o destas matrizes est\u00e9ticas do Cavalo Marinho, os atores descobriram a\u00e7\u00f5es que codificadas e organizadas configuram seus corpos-em-arte, os quais, por sua vez, deram origem a um espa\u00e7o de troca-em-arte vetorial ao encontrado no folguedo do Cavalo Marinho. Esta procura prop\u00f4s os meios de potencializar o trabalho dos atores no que diz respeito a uma prepara\u00e7\u00e3o que permitisse dilatar a presen\u00e7a c\u00eanica e estimulasse a produ\u00e7\u00e3o de a\u00e7\u00f5es, as quais culminaram na montagem do espet\u00e1culo rosmaninhos.<\/p><p>Link: <a href=\"https:\/\/repositorio.ufrn.br\/handle\/123456789\/12442\">https:\/\/repositorio.ufrn.br\/handle\/123456789\/12442<\/a><\/p>\t\t\t\t\t\t\t\t<\/div>\n\t\t\t\t<\/div>\n\t\t\t\t\t<\/div>\n\t\t<\/div>\n\t\t\t\t\t<\/div>\n\t\t<\/section>\n\t\t\t\t<\/div>\n\t\t","protected":false},"excerpt":{"rendered":"<p>J\u00daNIOR, Alan Carlos monteiro. O entre do carv\u00e3o ao Corpo\u2013em Arte do Ator-Brincante. Disserta\u00e7\u00e3o (Mestrado) \u2013 UFRN, 2011. Palavras-chave: Corpo-em-arte, Cavalo marinho, Ator, Brincante, Mimeses corp\u00f3rea. Resumo: Proponho nesta disserta\u00e7\u00e3o refletir sobre as experi\u00eancias contidas na cria\u00e7\u00e3o dos corpos-em-arte (FERRACINI, &hellip; <a href=\"https:\/\/utfpr.curitiba.br\/bibliotecadesigncenico\/?p=1498\">Continue lendo <span class=\"meta-nav\">&rarr;<\/span><\/a><\/p>\n","protected":false},"author":5,"featured_media":0,"comment_status":"closed","ping_status":"","sticky":false,"template":"","format":"standard","meta":{"footnotes":""},"categories":[3],"tags":[349,415,414,412,413],"class_list":["post-1498","post","type-post","status-publish","format-standard","hentry","category-cenografia","tag-ator","tag-brincante","tag-cavalo-marinho","tag-corpo-em-arte","tag-mimeses-corporea"],"_links":{"self":[{"href":"https:\/\/utfpr.curitiba.br\/bibliotecadesigncenico\/index.php?rest_route=\/wp\/v2\/posts\/1498","targetHints":{"allow":["GET"]}}],"collection":[{"href":"https:\/\/utfpr.curitiba.br\/bibliotecadesigncenico\/index.php?rest_route=\/wp\/v2\/posts"}],"about":[{"href":"https:\/\/utfpr.curitiba.br\/bibliotecadesigncenico\/index.php?rest_route=\/wp\/v2\/types\/post"}],"author":[{"embeddable":true,"href":"https:\/\/utfpr.curitiba.br\/bibliotecadesigncenico\/index.php?rest_route=\/wp\/v2\/users\/5"}],"replies":[{"embeddable":true,"href":"https:\/\/utfpr.curitiba.br\/bibliotecadesigncenico\/index.php?rest_route=%2Fwp%2Fv2%2Fcomments&post=1498"}],"version-history":[{"count":5,"href":"https:\/\/utfpr.curitiba.br\/bibliotecadesigncenico\/index.php?rest_route=\/wp\/v2\/posts\/1498\/revisions"}],"predecessor-version":[{"id":2155,"href":"https:\/\/utfpr.curitiba.br\/bibliotecadesigncenico\/index.php?rest_route=\/wp\/v2\/posts\/1498\/revisions\/2155"}],"wp:attachment":[{"href":"https:\/\/utfpr.curitiba.br\/bibliotecadesigncenico\/index.php?rest_route=%2Fwp%2Fv2%2Fmedia&parent=1498"}],"wp:term":[{"taxonomy":"category","embeddable":true,"href":"https:\/\/utfpr.curitiba.br\/bibliotecadesigncenico\/index.php?rest_route=%2Fwp%2Fv2%2Fcategories&post=1498"},{"taxonomy":"post_tag","embeddable":true,"href":"https:\/\/utfpr.curitiba.br\/bibliotecadesigncenico\/index.php?rest_route=%2Fwp%2Fv2%2Ftags&post=1498"}],"curies":[{"name":"wp","href":"https:\/\/api.w.org\/{rel}","templated":true}]}}