{"id":1493,"date":"2021-06-17T14:00:00","date_gmt":"2021-06-17T17:00:00","guid":{"rendered":"https:\/\/bibliotecadesigncenico.ct.utfpr.edu.br\/?p=1493"},"modified":"2021-06-17T12:21:36","modified_gmt":"2021-06-17T15:21:36","slug":"helio-eichbauer-e-lina-bo-bardi-artifices-que-constroem-a-arte-e-edificam-a-cidade","status":"publish","type":"post","link":"https:\/\/utfpr.curitiba.br\/bibliotecadesigncenico\/?p=1493","title":{"rendered":"Helio Eichbauer e Lina Bo Bardi. Art\u00edfices que constroem a Arte e edificam a Cidade"},"content":{"rendered":"\t\t<div data-elementor-type=\"wp-post\" data-elementor-id=\"1493\" class=\"elementor elementor-1493\">\n\t\t\t\t\t\t<section class=\"elementor-section elementor-top-section elementor-element elementor-element-c9f5c13 elementor-section-boxed elementor-section-height-default elementor-section-height-default\" data-id=\"c9f5c13\" data-element_type=\"section\" data-e-type=\"section\">\n\t\t\t\t\t\t<div class=\"elementor-container elementor-column-gap-default\">\n\t\t\t\t\t<div class=\"elementor-column elementor-col-100 elementor-top-column elementor-element elementor-element-fc3ec5e\" data-id=\"fc3ec5e\" data-element_type=\"column\" data-e-type=\"column\">\n\t\t\t<div class=\"elementor-widget-wrap elementor-element-populated\">\n\t\t\t\t\t\t<div class=\"elementor-element elementor-element-e1981cd elementor-widget elementor-widget-text-editor\" data-id=\"e1981cd\" data-element_type=\"widget\" data-e-type=\"widget\" data-widget_type=\"text-editor.default\">\n\t\t\t\t<div class=\"elementor-widget-container\">\n\t\t\t\t\t\t\t\t\t<p><span data-sheets-value=\"{&quot;1&quot;:2,&quot;2&quot;:&quot;Regilan Deusamar Barbosa Pereira. Helio Eichbauer e Lina Bo Bardi. Art\u00edfices que constroem a Arte e edificam a Cidade. 2018. Tese (Doutorado em Programa de P\u00f3s-Gradua\u00e7\u00e3o em Artes C\u00eanicas-PPGAC) - Universidade Federal do Estado do Rio de Janeiro, Coordena\u00e7\u00e3o de Aperfei\u00e7oamento de Pessoal de N\u00edvel Superior. Orientador: Evelyn Furquim Werneck Lima.&quot;}\" data-sheets-userformat=\"{&quot;2&quot;:514,&quot;4&quot;:{&quot;1&quot;:2,&quot;2&quot;:9895767},&quot;12&quot;:0}\">PEREIRA, Regilan Deusamar Barbosa, LIMA, Evelyn Furquim Werneck. <strong>Helio Eichbauer e Lina Bo Bardi. Art\u00edfices que constroem a Arte e edificam a Cidade<\/strong>. Tese (Doutorado em Artes C\u00eanicas) &#8211; UNIRIO, 2018.<\/span><\/p><p>Palavras-chave: Helio Eichbauer.<\/p><p>Resumo: A metodologia hermen\u00eautica desenvolvida pelo fil\u00f3sofo alem\u00e3o Hans-Georg Gadamer, assim como os estudos empreendidos pelo antrop\u00f3logo brasileiro Darcy Ribeiro com rela\u00e7\u00e3o \u00e0 forma\u00e7\u00e3o \u00e9tnica e cultural do Brasil e suas respectivas quest\u00f5es, conferiram fundamenta\u00e7\u00e3o aos estudos sobre a a\u00e7\u00e3o conjunta da arquiteta Lina Bo Bardi com o cen\u00f3grafo Helio Eichbauer no campo da arte e da doc\u00eancia. A partir da an\u00e1lise do legado destes dois artistas \u00e0 arte como instrumento de express\u00e3o e conhecimento cr\u00edtico integrado \u00e0 cidade e seus habitantes, foi realizado um estudo de caso no munic\u00edpio de S\u00e3o Gon\u00e7alo, no Rio de Janeiro, no qual foi verificada a potencialidade que a veste tem tanto na condi\u00e7\u00e3o de figurino quanto na condi\u00e7\u00e3o de traje cotidiano em conferir conhecimento e autocr\u00edtica a respeito das condi\u00e7\u00f5es de trabalho no setor de confec\u00e7\u00e3o do vestu\u00e1rio, express\u00e3o cultural e art\u00edstica de uma determinada localidade.<\/p><p>Link: <a href=\"http:\/\/www.repositorio-bc.unirio.br:8080\/xmlui\/handle\/unirio\/12889\">http:\/\/www.repositorio-bc.unirio.br:8080\/xmlui\/handle\/unirio\/12889<\/a><\/p>\t\t\t\t\t\t\t\t<\/div>\n\t\t\t\t<\/div>\n\t\t\t\t\t<\/div>\n\t\t<\/div>\n\t\t\t\t\t<\/div>\n\t\t<\/section>\n\t\t\t\t<\/div>\n\t\t","protected":false},"excerpt":{"rendered":"<p>PEREIRA, Regilan Deusamar Barbosa, LIMA, Evelyn Furquim Werneck. Helio Eichbauer e Lina Bo Bardi. Art\u00edfices que constroem a Arte e edificam a Cidade. Tese (Doutorado em Artes C\u00eanicas) &#8211; UNIRIO, 2018. Palavras-chave: Helio Eichbauer. Resumo: A metodologia hermen\u00eautica desenvolvida pelo &hellip; <a href=\"https:\/\/utfpr.curitiba.br\/bibliotecadesigncenico\/?p=1493\">Continue lendo <span class=\"meta-nav\">&rarr;<\/span><\/a><\/p>\n","protected":false},"author":5,"featured_media":0,"comment_status":"closed","ping_status":"","sticky":false,"template":"","format":"standard","meta":{"footnotes":""},"categories":[2,3],"tags":[],"class_list":["post-1493","post","type-post","status-publish","format-standard","hentry","category-arquitetura-teatral","category-cenografia"],"_links":{"self":[{"href":"https:\/\/utfpr.curitiba.br\/bibliotecadesigncenico\/index.php?rest_route=\/wp\/v2\/posts\/1493","targetHints":{"allow":["GET"]}}],"collection":[{"href":"https:\/\/utfpr.curitiba.br\/bibliotecadesigncenico\/index.php?rest_route=\/wp\/v2\/posts"}],"about":[{"href":"https:\/\/utfpr.curitiba.br\/bibliotecadesigncenico\/index.php?rest_route=\/wp\/v2\/types\/post"}],"author":[{"embeddable":true,"href":"https:\/\/utfpr.curitiba.br\/bibliotecadesigncenico\/index.php?rest_route=\/wp\/v2\/users\/5"}],"replies":[{"embeddable":true,"href":"https:\/\/utfpr.curitiba.br\/bibliotecadesigncenico\/index.php?rest_route=%2Fwp%2Fv2%2Fcomments&post=1493"}],"version-history":[{"count":4,"href":"https:\/\/utfpr.curitiba.br\/bibliotecadesigncenico\/index.php?rest_route=\/wp\/v2\/posts\/1493\/revisions"}],"predecessor-version":[{"id":1497,"href":"https:\/\/utfpr.curitiba.br\/bibliotecadesigncenico\/index.php?rest_route=\/wp\/v2\/posts\/1493\/revisions\/1497"}],"wp:attachment":[{"href":"https:\/\/utfpr.curitiba.br\/bibliotecadesigncenico\/index.php?rest_route=%2Fwp%2Fv2%2Fmedia&parent=1493"}],"wp:term":[{"taxonomy":"category","embeddable":true,"href":"https:\/\/utfpr.curitiba.br\/bibliotecadesigncenico\/index.php?rest_route=%2Fwp%2Fv2%2Fcategories&post=1493"},{"taxonomy":"post_tag","embeddable":true,"href":"https:\/\/utfpr.curitiba.br\/bibliotecadesigncenico\/index.php?rest_route=%2Fwp%2Fv2%2Ftags&post=1493"}],"curies":[{"name":"wp","href":"https:\/\/api.w.org\/{rel}","templated":true}]}}