{"id":1430,"date":"2021-06-17T07:00:00","date_gmt":"2021-06-17T10:00:00","guid":{"rendered":"https:\/\/bibliotecadesigncenico.ct.utfpr.edu.br\/?p=1430"},"modified":"2021-06-16T16:27:29","modified_gmt":"2021-06-16T19:27:29","slug":"um-palco-iluminado-o-teatro-alvaro-de-carvalho-em-florianopolis-sc-decada-de-1980","status":"publish","type":"post","link":"https:\/\/utfpr.curitiba.br\/bibliotecadesigncenico\/?p=1430","title":{"rendered":"Um palco iluminado : o teatro \u00c1lvaro de Carvalho em Florian\u00f3polis &#8211; SC &#8211; d\u00e9cada de 1980"},"content":{"rendered":"\t\t<div data-elementor-type=\"wp-post\" data-elementor-id=\"1430\" class=\"elementor elementor-1430\">\n\t\t\t\t\t\t<section class=\"elementor-section elementor-top-section elementor-element elementor-element-25cd866 elementor-section-boxed elementor-section-height-default elementor-section-height-default\" data-id=\"25cd866\" data-element_type=\"section\" data-e-type=\"section\">\n\t\t\t\t\t\t<div class=\"elementor-container elementor-column-gap-default\">\n\t\t\t\t\t<div class=\"elementor-column elementor-col-100 elementor-top-column elementor-element elementor-element-da6641c\" data-id=\"da6641c\" data-element_type=\"column\" data-e-type=\"column\">\n\t\t\t<div class=\"elementor-widget-wrap elementor-element-populated\">\n\t\t\t\t\t\t<div class=\"elementor-element elementor-element-32f09a3 elementor-widget elementor-widget-text-editor\" data-id=\"32f09a3\" data-element_type=\"widget\" data-e-type=\"widget\" data-widget_type=\"text-editor.default\">\n\t\t\t\t<div class=\"elementor-widget-container\">\n\t\t\t\t\t\t\t\t\t<p><span data-sheets-value=\"{&quot;1&quot;:2,&quot;2&quot;:&quot;Godois; Ivo. Um palco iluminado : o teatro \u00c1lvaro de Carvalho em Florian\u00f3polis - SC - d\u00e9cada de 1980. Disserta\u00e7\u00e3o (Mestrado em Teatro) - UDESC, 2011.&quot;}\" data-sheets-userformat=\"{&quot;2&quot;:7073,&quot;3&quot;:{&quot;1&quot;:0},&quot;8&quot;:{&quot;1&quot;:[{&quot;1&quot;:2,&quot;2&quot;:0,&quot;5&quot;:{&quot;1&quot;:0}},{&quot;1&quot;:0,&quot;2&quot;:0,&quot;3&quot;:3},{&quot;1&quot;:1,&quot;2&quot;:0,&quot;4&quot;:1}]},&quot;10&quot;:2,&quot;11&quot;:0,&quot;12&quot;:0,&quot;14&quot;:[null,2,2575891],&quot;15&quot;:&quot;Arial&quot;}\">Godois; Ivo. <strong>Um palco iluminado : o teatro \u00c1lvaro de Carvalho em Florian\u00f3polis &#8211; SC &#8211; d\u00e9cada de 1980<\/strong>. Disserta\u00e7\u00e3o (Mestrado em Teatro) &#8211; UDESC, 2011.<\/span><\/p><p>Palavras-chave: <span data-sheets-value=\"{&quot;1&quot;:2,&quot;2&quot;:&quot;Teatro em Santa Catarina; Ilumina\u00e7\u00e3o C\u00eanica em Florian\u00f3polis; Teatro Alvaro de Carvalho; Profissionais de ilumina\u00e7\u00e3o c\u00eanica.&quot;}\" data-sheets-userformat=\"{&quot;2&quot;:6659,&quot;3&quot;:{&quot;1&quot;:0},&quot;4&quot;:{&quot;1&quot;:2,&quot;2&quot;:16777215},&quot;12&quot;:0,&quot;14&quot;:{&quot;1&quot;:2,&quot;2&quot;:0},&quot;15&quot;:&quot;Roboto, RobotoDraft, Helvetica, Arial, sans-serif&quot;}\">Teatro em Santa Catarina; Ilumina\u00e7\u00e3o C\u00eanica em Florian\u00f3polis; Teatro Alvaro de Carvalho; Profissionais de ilumina\u00e7\u00e3o c\u00eanica.<\/span><\/p><p>Resumo: <span data-sheets-value=\"{&quot;1&quot;:2,&quot;2&quot;:&quot;Nesta disserta\u00e7\u00e3o analiso os processos de aprendizagem sobre ilumina\u00e7\u00e3o c\u00eanica pelo corpo t\u00e9cnico do Teatro \u00c1lvaro de Carvalho (TAC), em Florian\u00f3polis, na d\u00e9cada de 1980. Aponto o t\u00e9cnico em ilumina\u00e7\u00e3o do TAC, Carlos Ant\u00f4nio Falc\u00e3o Cavalcante Lins como uma pessoa fundamental na dissemina\u00e7\u00e3o deste conhecimento, pesquisa esta composta em tr\u00eas cap\u00edtulos, sendo que o primeiro cap\u00edtulo denomina-se Espa\u00e7o e Entorno: iluminar os arrabaldes, cujo foco est\u00e1 na an\u00e1lise da parte externa da edifica\u00e7\u00e3o e suas rela\u00e7\u00f5es circunvizinhas. Neste cap\u00edtulo abordo as transforma\u00e7\u00f5es ocorridas na apar\u00eancia externa desta edifica\u00e7\u00e3o at\u00e9 a sua configura\u00e7\u00e3o final na d\u00e9cada de 1980. No segundo cap\u00edtulo, denominado: O Teatro Visto da Ponte: iluminar os bastidores adentro no espa\u00e7o que abriga o espectador, ou seja, o lado interno do TAC. Descrevo suas modifica\u00e7\u00f5es ao longo dos anos, a configura\u00e7\u00e3o de um palco com tipologia \u00e0 Italiana, as escadarias, cabine de opera\u00e7\u00f5es t\u00e9cnicas, corredores subterr\u00e2neos e a caixa c\u00eanica onde se executam os efeitos de ilumina\u00e7\u00e3o, incluindo evolu\u00e7\u00e3o hist\u00f3rica sobre a ilumina\u00e7\u00e3o nessa casa. O terceiro cap\u00edtulo denomina-se: A Luz do Aprendizado: Bastidores do Conhecimento, no qual descrevo os processos de aprendizagem e transmiss\u00e3o dos conhecimentos na \u00e1rea de ilumina\u00e7\u00e3o c\u00eanica na d\u00e9cada de 1980. Apresento defini\u00e7\u00f5es de termos t\u00e9cnicos, os iluminadores que trabalharam na casa, com enfoque no aprendizado desses profissionais de ilumina\u00e7\u00e3o. No encerramento deste cap\u00edtulo fa\u00e7o uma abordagem sobre o t\u00e9cnico e iluminador Carlos Falc\u00e3o, narrando-o como disseminador desses conhecimentos em Florian\u00f3polis e por extens\u00e3o no estado catarinense.&quot;}\" data-sheets-userformat=\"{&quot;2&quot;:573,&quot;3&quot;:{&quot;1&quot;:0},&quot;5&quot;:{&quot;1&quot;:[{&quot;1&quot;:2,&quot;2&quot;:0,&quot;5&quot;:[null,2,0]},{&quot;1&quot;:0,&quot;2&quot;:0,&quot;3&quot;:3},{&quot;1&quot;:1,&quot;2&quot;:0,&quot;4&quot;:1}]},&quot;6&quot;:{&quot;1&quot;:[{&quot;1&quot;:2,&quot;2&quot;:0,&quot;5&quot;:[null,2,0]},{&quot;1&quot;:0,&quot;2&quot;:0,&quot;3&quot;:3},{&quot;1&quot;:1,&quot;2&quot;:0,&quot;4&quot;:1}]},&quot;7&quot;:{&quot;1&quot;:[{&quot;1&quot;:2,&quot;2&quot;:0,&quot;5&quot;:[null,2,0]},{&quot;1&quot;:0,&quot;2&quot;:0,&quot;3&quot;:3},{&quot;1&quot;:1,&quot;2&quot;:0,&quot;4&quot;:1}]},&quot;8&quot;:{&quot;1&quot;:[{&quot;1&quot;:2,&quot;2&quot;:0,&quot;5&quot;:[null,2,0]},{&quot;1&quot;:0,&quot;2&quot;:0,&quot;3&quot;:3},{&quot;1&quot;:1,&quot;2&quot;:0,&quot;4&quot;:1}]},&quot;12&quot;:0}\">Nesta disserta\u00e7\u00e3o analiso os processos de aprendizagem sobre ilumina\u00e7\u00e3o c\u00eanica pelo corpo t\u00e9cnico do Teatro \u00c1lvaro de Carvalho (TAC), em Florian\u00f3polis, na d\u00e9cada de 1980. Aponto o t\u00e9cnico em ilumina\u00e7\u00e3o do TAC, Carlos Ant\u00f4nio Falc\u00e3o Cavalcante Lins como uma pessoa fundamental na dissemina\u00e7\u00e3o deste conhecimento, pesquisa esta composta em tr\u00eas cap\u00edtulos, sendo que o primeiro cap\u00edtulo denomina-se Espa\u00e7o e Entorno: iluminar os arrabaldes, cujo foco est\u00e1 na an\u00e1lise da parte externa da edifica\u00e7\u00e3o e suas rela\u00e7\u00f5es circunvizinhas. Neste cap\u00edtulo abordo as transforma\u00e7\u00f5es ocorridas na apar\u00eancia externa desta edifica\u00e7\u00e3o at\u00e9 a sua configura\u00e7\u00e3o final na d\u00e9cada de 1980. No segundo cap\u00edtulo, denominado: O Teatro Visto da Ponte: iluminar os bastidores adentro no espa\u00e7o que abriga o espectador, ou seja, o lado interno do TAC. Descrevo suas modifica\u00e7\u00f5es ao longo dos anos, a configura\u00e7\u00e3o de um palco com tipologia \u00e0 Italiana, as escadarias, cabine de opera\u00e7\u00f5es t\u00e9cnicas, corredores subterr\u00e2neos e a caixa c\u00eanica onde se executam os efeitos de ilumina\u00e7\u00e3o, incluindo evolu\u00e7\u00e3o hist\u00f3rica sobre a ilumina\u00e7\u00e3o nessa casa. O terceiro cap\u00edtulo denomina-se: A Luz do Aprendizado: Bastidores do Conhecimento, no qual descrevo os processos de aprendizagem e transmiss\u00e3o dos conhecimentos na \u00e1rea de ilumina\u00e7\u00e3o c\u00eanica na d\u00e9cada de 1980. Apresento defini\u00e7\u00f5es de termos t\u00e9cnicos, os iluminadores que trabalharam na casa, com enfoque no aprendizado desses profissionais de ilumina\u00e7\u00e3o. No encerramento deste cap\u00edtulo fa\u00e7o uma abordagem sobre o t\u00e9cnico e iluminador Carlos Falc\u00e3o, narrando-o como disseminador desses conhecimentos em Florian\u00f3polis e por extens\u00e3o no estado catarinense.<\/span><\/p><p>Link: <a href=\"https:\/\/sistemabu.udesc.br\/pergamumweb\/vinculos\/00006c\/00006c8a.pdf\">https:\/\/sistemabu.udesc.br\/pergamumweb\/vinculos\/00006c\/00006c8a.pdf<\/a><\/p>\t\t\t\t\t\t\t\t<\/div>\n\t\t\t\t<\/div>\n\t\t\t\t\t<\/div>\n\t\t<\/div>\n\t\t\t\t\t<\/div>\n\t\t<\/section>\n\t\t\t\t<\/div>\n\t\t","protected":false},"excerpt":{"rendered":"<p>Godois; Ivo. Um palco iluminado : o teatro \u00c1lvaro de Carvalho em Florian\u00f3polis &#8211; SC &#8211; d\u00e9cada de 1980. Disserta\u00e7\u00e3o (Mestrado em Teatro) &#8211; UDESC, 2011. Palavras-chave: Teatro em Santa Catarina; Ilumina\u00e7\u00e3o C\u00eanica em Florian\u00f3polis; Teatro Alvaro de Carvalho; Profissionais &hellip; <a href=\"https:\/\/utfpr.curitiba.br\/bibliotecadesigncenico\/?p=1430\">Continue lendo <span class=\"meta-nav\">&rarr;<\/span><\/a><\/p>\n","protected":false},"author":5,"featured_media":0,"comment_status":"closed","ping_status":"","sticky":false,"template":"","format":"standard","meta":{"footnotes":""},"categories":[5],"tags":[382,384,385,383],"class_list":["post-1430","post","type-post","status-publish","format-standard","hentry","category-iluminacao","tag-iluminacao-cenica-em-florianopolis","tag-profissionais-de-iluminacao-cenica","tag-teatro-alvaro-de-carvalho","tag-teatro-em-santa-catarina"],"_links":{"self":[{"href":"https:\/\/utfpr.curitiba.br\/bibliotecadesigncenico\/index.php?rest_route=\/wp\/v2\/posts\/1430","targetHints":{"allow":["GET"]}}],"collection":[{"href":"https:\/\/utfpr.curitiba.br\/bibliotecadesigncenico\/index.php?rest_route=\/wp\/v2\/posts"}],"about":[{"href":"https:\/\/utfpr.curitiba.br\/bibliotecadesigncenico\/index.php?rest_route=\/wp\/v2\/types\/post"}],"author":[{"embeddable":true,"href":"https:\/\/utfpr.curitiba.br\/bibliotecadesigncenico\/index.php?rest_route=\/wp\/v2\/users\/5"}],"replies":[{"embeddable":true,"href":"https:\/\/utfpr.curitiba.br\/bibliotecadesigncenico\/index.php?rest_route=%2Fwp%2Fv2%2Fcomments&post=1430"}],"version-history":[{"count":5,"href":"https:\/\/utfpr.curitiba.br\/bibliotecadesigncenico\/index.php?rest_route=\/wp\/v2\/posts\/1430\/revisions"}],"predecessor-version":[{"id":1435,"href":"https:\/\/utfpr.curitiba.br\/bibliotecadesigncenico\/index.php?rest_route=\/wp\/v2\/posts\/1430\/revisions\/1435"}],"wp:attachment":[{"href":"https:\/\/utfpr.curitiba.br\/bibliotecadesigncenico\/index.php?rest_route=%2Fwp%2Fv2%2Fmedia&parent=1430"}],"wp:term":[{"taxonomy":"category","embeddable":true,"href":"https:\/\/utfpr.curitiba.br\/bibliotecadesigncenico\/index.php?rest_route=%2Fwp%2Fv2%2Fcategories&post=1430"},{"taxonomy":"post_tag","embeddable":true,"href":"https:\/\/utfpr.curitiba.br\/bibliotecadesigncenico\/index.php?rest_route=%2Fwp%2Fv2%2Ftags&post=1430"}],"curies":[{"name":"wp","href":"https:\/\/api.w.org\/{rel}","templated":true}]}}