{"id":1425,"date":"2021-06-17T07:00:00","date_gmt":"2021-06-17T10:00:00","guid":{"rendered":"https:\/\/bibliotecadesigncenico.ct.utfpr.edu.br\/?p=1425"},"modified":"2021-07-08T02:18:39","modified_gmt":"2021-07-08T05:18:39","slug":"iluminacao-cenica-uma-experiencia-de-ensino-fundamentada-nos-principios-do-design","status":"publish","type":"post","link":"https:\/\/utfpr.curitiba.br\/bibliotecadesigncenico\/?p=1425","title":{"rendered":"Ilumina\u00e7\u00e3o c\u00eanica : uma experi\u00eancia de ensino fundamentada nos princ\u00edpios do design"},"content":{"rendered":"\t\t<div data-elementor-type=\"wp-post\" data-elementor-id=\"1425\" class=\"elementor elementor-1425\">\n\t\t\t\t\t\t<section class=\"elementor-section elementor-top-section elementor-element elementor-element-249568c elementor-section-boxed elementor-section-height-default elementor-section-height-default\" data-id=\"249568c\" data-element_type=\"section\" data-e-type=\"section\">\n\t\t\t\t\t\t<div class=\"elementor-container elementor-column-gap-default\">\n\t\t\t\t\t<div class=\"elementor-column elementor-col-100 elementor-top-column elementor-element elementor-element-45a61f9\" data-id=\"45a61f9\" data-element_type=\"column\" data-e-type=\"column\">\n\t\t\t<div class=\"elementor-widget-wrap elementor-element-populated\">\n\t\t\t\t\t\t<div class=\"elementor-element elementor-element-3afe8b7 elementor-widget elementor-widget-text-editor\" data-id=\"3afe8b7\" data-element_type=\"widget\" data-e-type=\"widget\" data-widget_type=\"text-editor.default\">\n\t\t\t\t<div class=\"elementor-widget-container\">\n\t\t\t\t\t\t\t\t\t<p><span data-sheets-value=\"{&quot;1&quot;:2,&quot;2&quot;:&quot;Luciani, Nadia Moroz. Ilumina\u00e7\u00e3o c\u00eanica : uma experi\u00eancia de ensino fundamentada nos princ\u00edpios do design. Disserta\u00e7\u00e3o (Mestrado em Teatro) - UDESC, 2014.&quot;}\" data-sheets-userformat=\"{&quot;2&quot;:7073,&quot;3&quot;:{&quot;1&quot;:0},&quot;8&quot;:{&quot;1&quot;:[{&quot;1&quot;:2,&quot;2&quot;:0,&quot;5&quot;:{&quot;1&quot;:0}},{&quot;1&quot;:0,&quot;2&quot;:0,&quot;3&quot;:3},{&quot;1&quot;:1,&quot;2&quot;:0,&quot;4&quot;:1}]},&quot;10&quot;:2,&quot;11&quot;:0,&quot;12&quot;:0,&quot;14&quot;:[null,2,2575891],&quot;15&quot;:&quot;Arial&quot;}\">Luciani, Nadia Moroz. <strong>Ilumina\u00e7\u00e3o c\u00eanica : uma experi\u00eancia de ensino fundamentada nos princ\u00edpios do design<\/strong>. Disserta\u00e7\u00e3o (Mestrado em Teatro) &#8211; UDESC, 2014.<\/span><\/p><p>Palavras-chave: <span data-sheets-value=\"{&quot;1&quot;:2,&quot;2&quot;:&quot;Design; Pedagogia do teatro; Tecnologia teatral; Ilumini\u00e7\u00e3o c\u00eanica.&quot;}\" data-sheets-userformat=\"{&quot;2&quot;:14911,&quot;3&quot;:{&quot;1&quot;:0},&quot;4&quot;:[null,2,16777215],&quot;5&quot;:{&quot;1&quot;:[{&quot;1&quot;:2,&quot;2&quot;:0,&quot;5&quot;:[null,2,0]},{&quot;1&quot;:0,&quot;2&quot;:0,&quot;3&quot;:3},{&quot;1&quot;:1,&quot;2&quot;:0,&quot;4&quot;:1}]},&quot;6&quot;:{&quot;1&quot;:[{&quot;1&quot;:2,&quot;2&quot;:0,&quot;5&quot;:[null,2,0]},{&quot;1&quot;:0,&quot;2&quot;:0,&quot;3&quot;:3},{&quot;1&quot;:1,&quot;2&quot;:0,&quot;4&quot;:1}]},&quot;7&quot;:{&quot;1&quot;:[{&quot;1&quot;:2,&quot;2&quot;:0,&quot;5&quot;:[null,2,0]},{&quot;1&quot;:0,&quot;2&quot;:0,&quot;3&quot;:3},{&quot;1&quot;:1,&quot;2&quot;:0,&quot;4&quot;:1}]},&quot;8&quot;:{&quot;1&quot;:[{&quot;1&quot;:2,&quot;2&quot;:0,&quot;5&quot;:[null,2,0]},{&quot;1&quot;:0,&quot;2&quot;:0,&quot;3&quot;:3},{&quot;1&quot;:1,&quot;2&quot;:0,&quot;4&quot;:1}]},&quot;12&quot;:0,&quot;14&quot;:[null,2,3355443],&quot;15&quot;:&quot;Helvetica Neue&quot;,&quot;16&quot;:11}\">Design; Pedagogia do teatro; Tecnologia teatral; Ilumini\u00e7\u00e3o c\u00eanica.<\/span><\/p><p>Resumo: <span data-sheets-value=\"{&quot;1&quot;:2,&quot;2&quot;:&quot;A presente pesquisa se prop\u00f5e a relatar uma experi\u00eancia de ensino da ilumina\u00e7\u00e3o c\u00eanica fundamentada nos princ\u00edpios do design. Para tanto, exp\u00f5e seus conceitos e apresenta uma an\u00e1lise das rela\u00e7\u00f5es entre os fundamentos do design e o processo de cria\u00e7\u00e3o em ilumina\u00e7\u00e3o c\u00eanica a partir da pr\u00e1tica pedag\u00f3gica aplicada em alguns modelos de ensino\/aprendizagem da ilumina\u00e7\u00e3o, bem como algumas outras pesquisas similares recentes. Com base no entendimento do teatro como meio de comunica\u00e7\u00e3o e pela an\u00e1lise dos processos de elabora\u00e7\u00e3o, compreens\u00e3o e interpreta\u00e7\u00e3o das suas linguagens, defende a atua\u00e7\u00e3o da ilumina\u00e7\u00e3o como linguagem do espet\u00e1culo e elemento sensorial da cena na explora\u00e7\u00e3o de suas fun\u00e7\u00f5es hist\u00f3ricas e potencialidades expressivas. A metodologia empregada foi, al\u00e9m do registro das atividades pedag\u00f3gicas, a investiga\u00e7\u00e3o de experi\u00eancias com processos de cria\u00e7\u00e3o da luz para alguns espet\u00e1culos e das refer\u00eancias bibliogr\u00e1ficas relacionadas. Considerando ainda o conceito de design thinking, conclui que a atividade do design no universo c\u00eanico se refere a fazer escolhas e tomar decis\u00f5es, buscando os est\u00edmulos para essas solu\u00e7\u00f5es no trabalho coletivo da cria\u00e7\u00e3o e nas fundamenta\u00e7\u00f5es compositivas, visando a intera\u00e7\u00e3o entre palco e plateia, aliando artes e of\u00edcios, relacionando forma e fun\u00e7\u00e3o.  &quot;}\" data-sheets-userformat=\"{&quot;2&quot;:14911,&quot;3&quot;:{&quot;1&quot;:0},&quot;4&quot;:[null,2,16777215],&quot;5&quot;:{&quot;1&quot;:[{&quot;1&quot;:2,&quot;2&quot;:0,&quot;5&quot;:[null,2,0]},{&quot;1&quot;:0,&quot;2&quot;:0,&quot;3&quot;:3},{&quot;1&quot;:1,&quot;2&quot;:0,&quot;4&quot;:1}]},&quot;6&quot;:{&quot;1&quot;:[{&quot;1&quot;:2,&quot;2&quot;:0,&quot;5&quot;:[null,2,0]},{&quot;1&quot;:0,&quot;2&quot;:0,&quot;3&quot;:3},{&quot;1&quot;:1,&quot;2&quot;:0,&quot;4&quot;:1}]},&quot;7&quot;:{&quot;1&quot;:[{&quot;1&quot;:2,&quot;2&quot;:0,&quot;5&quot;:[null,2,0]},{&quot;1&quot;:0,&quot;2&quot;:0,&quot;3&quot;:3},{&quot;1&quot;:1,&quot;2&quot;:0,&quot;4&quot;:1}]},&quot;8&quot;:{&quot;1&quot;:[{&quot;1&quot;:2,&quot;2&quot;:0,&quot;5&quot;:[null,2,0]},{&quot;1&quot;:0,&quot;2&quot;:0,&quot;3&quot;:3},{&quot;1&quot;:1,&quot;2&quot;:0,&quot;4&quot;:1}]},&quot;12&quot;:0,&quot;14&quot;:[null,2,3355443],&quot;15&quot;:&quot;Helvetica Neue&quot;,&quot;16&quot;:11}\">A presente pesquisa se prop\u00f5e a relatar uma experi\u00eancia de ensino da ilumina\u00e7\u00e3o c\u00eanica fundamentada nos princ\u00edpios do design. Para tanto, exp\u00f5e seus conceitos e apresenta uma an\u00e1lise das rela\u00e7\u00f5es entre os fundamentos do design e o processo de cria\u00e7\u00e3o em ilumina\u00e7\u00e3o c\u00eanica a partir da pr\u00e1tica pedag\u00f3gica aplicada em alguns modelos de ensino\/aprendizagem da ilumina\u00e7\u00e3o, bem como algumas outras pesquisas similares recentes. Com base no entendimento do teatro como meio de comunica\u00e7\u00e3o e pela an\u00e1lise dos processos de elabora\u00e7\u00e3o, compreens\u00e3o e interpreta\u00e7\u00e3o das suas linguagens, defende a atua\u00e7\u00e3o da ilumina\u00e7\u00e3o como linguagem do espet\u00e1culo e elemento sensorial da cena na explora\u00e7\u00e3o de suas fun\u00e7\u00f5es hist\u00f3ricas e potencialidades expressivas. A metodologia empregada foi, al\u00e9m do registro das atividades pedag\u00f3gicas, a investiga\u00e7\u00e3o de experi\u00eancias com processos de cria\u00e7\u00e3o da luz para alguns espet\u00e1culos e das refer\u00eancias bibliogr\u00e1ficas relacionadas. Considerando ainda o conceito de design thinking, conclui que a atividade do design no universo c\u00eanico se refere a fazer escolhas e tomar decis\u00f5es, buscando os est\u00edmulos para essas solu\u00e7\u00f5es no trabalho coletivo da cria\u00e7\u00e3o e nas fundamenta\u00e7\u00f5es compositivas, visando a intera\u00e7\u00e3o entre palco e plateia, aliando artes e of\u00edcios, relacionando forma e fun\u00e7\u00e3o. <\/span><\/p><p>Link: <a href=\"https:\/\/sistemabu.udesc.br\/pergamumweb\/vinculos\/00006e\/00006e53.pdf\">https:\/\/sistemabu.udesc.br\/pergamumweb\/vinculos\/00006e\/00006e53.pdf<\/a><\/p>\t\t\t\t\t\t\t\t<\/div>\n\t\t\t\t<\/div>\n\t\t\t\t\t<\/div>\n\t\t<\/div>\n\t\t\t\t\t<\/div>\n\t\t<\/section>\n\t\t\t\t<\/div>\n\t\t","protected":false},"excerpt":{"rendered":"<p>Luciani, Nadia Moroz. Ilumina\u00e7\u00e3o c\u00eanica : uma experi\u00eancia de ensino fundamentada nos princ\u00edpios do design. Disserta\u00e7\u00e3o (Mestrado em Teatro) &#8211; UDESC, 2014. Palavras-chave: Design; Pedagogia do teatro; Tecnologia teatral; Ilumini\u00e7\u00e3o c\u00eanica. Resumo: A presente pesquisa se prop\u00f5e a relatar uma &hellip; <a href=\"https:\/\/utfpr.curitiba.br\/bibliotecadesigncenico\/?p=1425\">Continue lendo <span class=\"meta-nav\">&rarr;<\/span><\/a><\/p>\n","protected":false},"author":5,"featured_media":0,"comment_status":"closed","ping_status":"closed","sticky":false,"template":"","format":"standard","meta":{"footnotes":""},"categories":[5],"tags":[244,380,354,379],"class_list":["post-1425","post","type-post","status-publish","format-standard","hentry","category-iluminacao","tag-design","tag-iluminicao-cenica","tag-pedagogia-do-teatro","tag-tecnologia-teatral"],"_links":{"self":[{"href":"https:\/\/utfpr.curitiba.br\/bibliotecadesigncenico\/index.php?rest_route=\/wp\/v2\/posts\/1425","targetHints":{"allow":["GET"]}}],"collection":[{"href":"https:\/\/utfpr.curitiba.br\/bibliotecadesigncenico\/index.php?rest_route=\/wp\/v2\/posts"}],"about":[{"href":"https:\/\/utfpr.curitiba.br\/bibliotecadesigncenico\/index.php?rest_route=\/wp\/v2\/types\/post"}],"author":[{"embeddable":true,"href":"https:\/\/utfpr.curitiba.br\/bibliotecadesigncenico\/index.php?rest_route=\/wp\/v2\/users\/5"}],"replies":[{"embeddable":true,"href":"https:\/\/utfpr.curitiba.br\/bibliotecadesigncenico\/index.php?rest_route=%2Fwp%2Fv2%2Fcomments&post=1425"}],"version-history":[{"count":4,"href":"https:\/\/utfpr.curitiba.br\/bibliotecadesigncenico\/index.php?rest_route=\/wp\/v2\/posts\/1425\/revisions"}],"predecessor-version":[{"id":1429,"href":"https:\/\/utfpr.curitiba.br\/bibliotecadesigncenico\/index.php?rest_route=\/wp\/v2\/posts\/1425\/revisions\/1429"}],"wp:attachment":[{"href":"https:\/\/utfpr.curitiba.br\/bibliotecadesigncenico\/index.php?rest_route=%2Fwp%2Fv2%2Fmedia&parent=1425"}],"wp:term":[{"taxonomy":"category","embeddable":true,"href":"https:\/\/utfpr.curitiba.br\/bibliotecadesigncenico\/index.php?rest_route=%2Fwp%2Fv2%2Fcategories&post=1425"},{"taxonomy":"post_tag","embeddable":true,"href":"https:\/\/utfpr.curitiba.br\/bibliotecadesigncenico\/index.php?rest_route=%2Fwp%2Fv2%2Ftags&post=1425"}],"curies":[{"name":"wp","href":"https:\/\/api.w.org\/{rel}","templated":true}]}}